{"id":18744,"date":"2023-09-07T08:23:06","date_gmt":"2023-09-07T11:23:06","guid":{"rendered":"https:\/\/radiobitacora.com.ar\/web\/?p=18744"},"modified":"2023-09-07T08:23:06","modified_gmt":"2023-09-07T11:23:06","slug":"barbijos-y-vacunas-por-nuevos-casos-de-covid-19-en-corrientes","status":"publish","type":"post","link":"https:\/\/radiobitacora.com.ar\/web\/2023\/09\/07\/barbijos-y-vacunas-por-nuevos-casos-de-covid-19-en-corrientes\/","title":{"rendered":"Barbijos y vacunas por nuevos casos de covid-19 en Corrientes"},"content":{"rendered":"<p>Tras la confirmaci\u00f3n de dos dos pacientes internados con Covid-19 en el Instituto de Cardiolog\u00eda de Corrientes, la instituci\u00f3n dispuso que todo el personal se ajuste al uso obligatorio del barbijo y adem\u00e1s extremar las medidas de prevenci\u00f3n.<\/p>\n<p>Entretanto, el ministerio de Salud P\u00fablica, recomienda mantener las medidas de prevenci\u00f3n b\u00e1sicas, ya que es un h\u00e1bito que evita contagios: lavado de manos o higiene con el uso de alcohol en gel, ventilaci\u00f3n de ambientes y si bien no es obligatorio, el uso del barbijo sigue siendo una medida preventiva para quienes tienen s\u00edntomas respiratorios y en centros de salud, queda a criterio de los directivos de la instituci\u00f3n.<\/p>\n<p>Recuerdan que es fundamental tener completo el calendario regular, la antigripal en los grupos de riesgo y quienes hayan recibido su \u00faltima dosis contra el Covid-19 con un intervalo de 6 meses o m\u00e1s, deben concurrir a las vacunatorios, independientemente del n\u00famero de aplicaciones con las que cuenten.<\/p>\n<p>En la actualidad, seg\u00fan precisaron solo en el Cardiol\u00f3gico detectaron casos positivos de covid.<\/p>\n<div class=\"container_publi\" data-tipo=\"tipo_desktop \" data-pos=\"AMP_P1_cuerpo\"><\/div>\n<p>En otro orden de cosas, \u00a0la directora General de Epidemiolog\u00eda, Angelina Bobadilla admiti\u00f3 que \u201ces importante estar atentos a la informaci\u00f3n oficial en relaci\u00f3n a como se va moviendo la circulaci\u00f3n del virus SARS-CoV-2\u201d y a\u00f1adi\u00f3 que \u201cla viralizaci\u00f3n en redes sociales y por Whatsapp de mensajes que sugieren la presencia de una variante m\u00e1s mortal y dif\u00edcil de detectar, se aclara que es informaci\u00f3n falsa\u201d.<\/p>\n<p>La funcionaria explic\u00f3 tambi\u00e9n que \u201cpor indicaci\u00f3n del ministro Ricardo Cardozo, se mantienen las alarmas de vigilancia, que nunca se dejaron de hacer, pero se sensibiliza a\u00fan m\u00e1s con los casos que ingresan a las consultas, internaciones y evoluci\u00f3n de los pacientes con patolog\u00edas respiratorias\u201d.<\/p>\n","protected":false},"excerpt":{"rendered":"<p>Tras la confirmaci\u00f3n de dos dos pacientes internados con Covid-19 en el Instituto de Cardiolog\u00eda de Corrientes, la instituci\u00f3n dispuso que todo el personal se ajuste al uso obligatorio del barbijo y adem\u00e1s extremar las medidas de prevenci\u00f3n. Entretanto, el ministerio de Salud P\u00fablica, recomienda mantener las medidas de prevenci\u00f3n b\u00e1sicas, ya que es un [&hellip;]<\/p>\n","protected":false},"author":2,"featured_media":18745,"comment_status":"closed","ping_status":"closed","sticky":false,"template":"","format":"standard","meta":{"footnotes":""},"categories":[72],"tags":[],"class_list":{"0":"post-18744","1":"post","2":"type-post","3":"status-publish","4":"format-standard","5":"has-post-thumbnail","7":"category-provinciales"},"_links":{"self":[{"href":"https:\/\/radiobitacora.com.ar\/web\/wp-json\/wp\/v2\/posts\/18744","targetHints":{"allow":["GET"]}}],"collection":[{"href":"https:\/\/radiobitacora.com.ar\/web\/wp-json\/wp\/v2\/posts"}],"about":[{"href":"https:\/\/radiobitacora.com.ar\/web\/wp-json\/wp\/v2\/types\/post"}],"author":[{"embeddable":true,"href":"https:\/\/radiobitacora.com.ar\/web\/wp-json\/wp\/v2\/users\/2"}],"replies":[{"embeddable":true,"href":"https:\/\/radiobitacora.com.ar\/web\/wp-json\/wp\/v2\/comments?post=18744"}],"version-history":[{"count":0,"href":"https:\/\/radiobitacora.com.ar\/web\/wp-json\/wp\/v2\/posts\/18744\/revisions"}],"wp:featuredmedia":[{"embeddable":true,"href":"https:\/\/radiobitacora.com.ar\/web\/wp-json\/wp\/v2\/media\/18745"}],"wp:attachment":[{"href":"https:\/\/radiobitacora.com.ar\/web\/wp-json\/wp\/v2\/media?parent=18744"}],"wp:term":[{"taxonomy":"category","embeddable":true,"href":"https:\/\/radiobitacora.com.ar\/web\/wp-json\/wp\/v2\/categories?post=18744"},{"taxonomy":"post_tag","embeddable":true,"href":"https:\/\/radiobitacora.com.ar\/web\/wp-json\/wp\/v2\/tags?post=18744"}],"curies":[{"name":"wp","href":"https:\/\/api.w.org\/{rel}","templated":true}]}}