{"id":18747,"date":"2023-09-07T08:26:18","date_gmt":"2023-09-07T11:26:18","guid":{"rendered":"https:\/\/radiobitacora.com.ar\/web\/?p=18747"},"modified":"2023-09-07T08:26:18","modified_gmt":"2023-09-07T11:26:18","slug":"valdes-lidera-el-ranking-de-mandatarios-provinciales-con-mejor-imagen-positiva","status":"publish","type":"post","link":"https:\/\/radiobitacora.com.ar\/web\/2023\/09\/07\/valdes-lidera-el-ranking-de-mandatarios-provinciales-con-mejor-imagen-positiva\/","title":{"rendered":"Vald\u00e9s lidera el ranking de mandatarios provinciales con mejor imagen positiva"},"content":{"rendered":"<p>El gobernador de Corrientes, Gustavo Vald\u00e9s, est\u00e1 en el primer puesto del ranking de imagen positiva de mandatarios, seg\u00fan los datos recabados por la Consultora CB. El intendente de la Capital, Eduardo Tassano, ocupa el cuarto lugar en la grilla de jefes comunales del pa\u00eds.<\/p>\n<p>Desde el 1 al 4 de septiembre de 2023, la encuestadora que dirige Cristian Butti\u00e9 sonde\u00f3 entre 610 y1267 personas por provincia. Los resultados de ese trabajo arrojaron que el listado de gobernadores lo lideraron los radicales Gustavo Vald\u00e9s, de Corrientes \u00a0con el 68,5 %.<\/p>\n<p>En segundo lugar qued\u00f3 el gobernador de la provincia Misiones, Oscar Herrera Ahuad con 68.1%, y cerr\u00f3 este podio Juan Schiaretti de C\u00f3rdoba con 67.3% de imagen positiva, quien es candidato a presidente de la Naci\u00f3n.<\/p>\n<p>Cierran la lista este mes Omar Perotti de Santa Fe (39.1%); Alicia Kirchner de Santa Cruz (40.2%) y Mariano Arcioni de Chubut (40.2%).<\/p>\n<div class=\"container_publi\" data-tipo=\"tipo_desktop \" data-pos=\"AMP_P1_cuerpo\"><\/div>\n<p>Intendentes<\/p>\n<p>Seg\u00fan el informe en el ranking de intendentes, el jefe comunal de la ciudad de Corrientes, Eduardo Tassano se ubic\u00f3 en el cuarto lugar con el 55,7% de imagen positiva; y el 40,2% de imagen negativa.<\/p>\n<p>Encabezan la grilla el Jefe comunal de Mendoza Ulpiano Su\u00e1rez con \u00a0el 62.1% de imagen positiva, el de C\u00f3rdoba, Mart\u00edn Llaryora con el 58.2% y el de Puerto Madryn, Gustavo Sastre con el 57.8%. Mientras que los tres con peor imagen en su ciudad son Germ\u00e1n Alfaro de San Miguel de Tucum\u00e1n (40.3%), Gustavo Mart\u00ednez de Resistencia (40.9%) y Emilio Jat\u00f3n de la ciudad de Santa Fe (41.6%).<\/p>\n<p>Presidenciables<\/p>\n<p>En Corrientes la candidata a Presidente de la Naci\u00f3n de Juntos por el Cambio, Patricia Bullrich en Corrientes tiene un 46,6 por ciento de imagen positiva, 48,1 por ciento de imagen negativa y un 5,3 por ciento pertenece a la franja de los encuestados que no saben o no contestan.<\/p>\n<div class=\"container_publi\" data-tipo=\"tipo_desktop \" data-pos=\"AMP_P2_cuerpo\"><\/div>\n<p>Mientras que el Ministro de Econom\u00eda de la Naci\u00f3n, Sergio Massa, postulante para suceder al Presidente de la Naci\u00f3n Alberto Fern\u00e1ndez de Uni\u00f3n por la Patria, en Corrientes tiene un 40,7 por ciento de imagen positiva, 49,8 por ciento de imagen negativa.<\/p>\n<p>Mientras que un 9,5 por ciento pertenece a la franja de los encuestados que no saben o no contestan.<\/p>\n<p>En tanto, el candidato a presidente de la Naci\u00f3n, Javier Milei tiene en Corrientes un 41,9 por ciento de imagen positiva, frente al 51,6 por ciento de imagen negativa. \u00a0El 6,5 por ciento restante corresponde a los encuestados que no contestaron o respondieron no saber.<\/p>\n<p>En consecuencia en Corrientes Bullrich tiene un 46,6 por ciento de imagen positiva, le sigue Javier Milei con el 41, 9 por ciento y en \u00faltimo lugar se ubica Massa con el 40, 7 por ciento.<\/p>\n<div class=\"container_publi\" data-tipo=\"tipo_desktop \" data-pos=\"AMP_P3_cuerpo\"><\/div>\n<p>Norte Grande<\/p>\n<p>Luego de la reuni\u00f3n virtual del pasado lunes donde los mandatarios del NEA y NOA que se desarroll\u00f3 con la participaci\u00f3n del gobernador de Corrientes, Gustavo Vald\u00e9s, se emitir\u00e1 un comunicado institucional defendiendo el sistema democr\u00e1tico y republicano ante las pol\u00edticas y medidas econ\u00f3micas, frente a las propuestas del candidato a Presidente de la Naci\u00f3n, de la alianza La Libertad Avanza, Javier Milei.<\/p>\n<p>Fuentes de la Casa Rosada desde Buenos Aires filtraron que la idea es emitir un documento de tenor institucional y no partidario. En ese distrito norte\u00f1o y basti\u00f3n hist\u00f3rico del PJ, el economista y candidato a Presidente de la Libertad Avanza consigui\u00f3 casi el 50% de votos en las Primarias del 13 de agosto. Defensa de la educaci\u00f3n y salud p\u00fablica, pol\u00edticas de derechos humanos, obra p\u00fablica y autonom\u00eda de las provincias ser\u00edan los puntos sobresalientes del documento. \u00bfC\u00f3mo nos vamos a manejar si gana Milei, se imaginan que nos corte la coparticipaci\u00f3n desde el 11 de diciembre?, fue la pregunta entre los gobernadores un poco ret\u00f3rica y un poco en broma.<\/p>\n<p>El candidato presidencial de la Libertad Avanza gan\u00f3 en cinco de las diez provincias que conforman la regi\u00f3n. Y para contrarrestar esos resultados camino a las elecciones generales del domingo 22 de octubre, los mandatarios (radicales y peronistas) se mostrar\u00e1n juntos el 12 de septiembre en la capital de Salta.<\/p>\n<p>En consecuencia de las diez provincias del Norte Grande, Milei obtiene 35,2% de los votos; Uni\u00f3n por la Patria se queda con el 33,0% y Juntos por el Cambio con el 21,8%; el 6,4% se los llevan otras fuerzas pol\u00edticas y el 3,5% fueron votos en blanco. La participaci\u00f3n electoral en la macrorregi\u00f3n alcanz\u00f3 el 68,2%, con picos en Jujuy (74,4%) y piso en el Chaco (63,9%).<\/p>\n","protected":false},"excerpt":{"rendered":"<p>El gobernador de Corrientes, Gustavo Vald\u00e9s, est\u00e1 en el primer puesto del ranking de imagen positiva de mandatarios, seg\u00fan los datos recabados por la Consultora CB. El intendente de la Capital, Eduardo Tassano, ocupa el cuarto lugar en la grilla de jefes comunales del pa\u00eds. Desde el 1 al 4 de septiembre de 2023, la [&hellip;]<\/p>\n","protected":false},"author":2,"featured_media":18748,"comment_status":"closed","ping_status":"closed","sticky":false,"template":"","format":"standard","meta":{"footnotes":""},"categories":[79],"tags":[],"class_list":{"0":"post-18747","1":"post","2":"type-post","3":"status-publish","4":"format-standard","5":"has-post-thumbnail","7":"category-politica"},"_links":{"self":[{"href":"https:\/\/radiobitacora.com.ar\/web\/wp-json\/wp\/v2\/posts\/18747","targetHints":{"allow":["GET"]}}],"collection":[{"href":"https:\/\/radiobitacora.com.ar\/web\/wp-json\/wp\/v2\/posts"}],"about":[{"href":"https:\/\/radiobitacora.com.ar\/web\/wp-json\/wp\/v2\/types\/post"}],"author":[{"embeddable":true,"href":"https:\/\/radiobitacora.com.ar\/web\/wp-json\/wp\/v2\/users\/2"}],"replies":[{"embeddable":true,"href":"https:\/\/radiobitacora.com.ar\/web\/wp-json\/wp\/v2\/comments?post=18747"}],"version-history":[{"count":0,"href":"https:\/\/radiobitacora.com.ar\/web\/wp-json\/wp\/v2\/posts\/18747\/revisions"}],"wp:featuredmedia":[{"embeddable":true,"href":"https:\/\/radiobitacora.com.ar\/web\/wp-json\/wp\/v2\/media\/18748"}],"wp:attachment":[{"href":"https:\/\/radiobitacora.com.ar\/web\/wp-json\/wp\/v2\/media?parent=18747"}],"wp:term":[{"taxonomy":"category","embeddable":true,"href":"https:\/\/radiobitacora.com.ar\/web\/wp-json\/wp\/v2\/categories?post=18747"},{"taxonomy":"post_tag","embeddable":true,"href":"https:\/\/radiobitacora.com.ar\/web\/wp-json\/wp\/v2\/tags?post=18747"}],"curies":[{"name":"wp","href":"https:\/\/api.w.org\/{rel}","templated":true}]}}