{"id":18765,"date":"2023-09-07T09:03:24","date_gmt":"2023-09-07T12:03:24","guid":{"rendered":"https:\/\/radiobitacora.com.ar\/web\/?p=18765"},"modified":"2023-09-07T09:03:24","modified_gmt":"2023-09-07T12:03:24","slug":"fernandez-viaja-a-la-india-para-participar-del-g20-cuales-son-los-temas-que-debatiran","status":"publish","type":"post","link":"https:\/\/radiobitacora.com.ar\/web\/2023\/09\/07\/fernandez-viaja-a-la-india-para-participar-del-g20-cuales-son-los-temas-que-debatiran\/","title":{"rendered":"Fern\u00e1ndez viaja a la India para participar del G20: cu\u00e1les son los temas que debatir\u00e1n"},"content":{"rendered":"<p>En su \u00faltima intervenci\u00f3n ante el G20, el presidente\u00a0<strong>Alberto Fern\u00e1ndez insistir\u00e1 ante sus pares del foro mundial que se re\u00fane este fin de semana en Nueva Delhi<\/strong>, la capital de la India, en la necesidad de rediscutir la arquitectura financiera global, se referir\u00e1 a los desaf\u00edos ambientales y a cuestiones como la inseguridad alimentaria y energ\u00e9tica que atraviesa el planeta.<\/p>\n<p>Seg\u00fan informaron fuentes oficiales,\u00a0<strong>el Presidente adem\u00e1s aprovechar\u00e1 el encuentro para mantener varias reuniones bilaterales con l\u00edderes mundiales<\/strong>, como el primer ministro de la India y sus pares de Emiratos \u00c1rabes Unidos, Corea del Sur y Bangladesh, entre otros.<\/p>\n<p>Fern\u00e1ndez viaja acompa\u00f1ado por el canciller Santiago Cafiero; el secretario general de la Presidencia, Julio Vitobello; la portavoz presidencial Gabriela Cerruti y el embajador argentino en Estados Unidos, Jorge Arg\u00fcello.<\/p>\n<p><strong>En Nueva Delhi se producir\u00e1 su \u00faltima intervenci\u00f3n en la cumbre del G20 antes de terminar su mandato<\/strong>, visita con la que iniciar\u00e1 un periplo internacional que lo mantendr\u00e1 con una agenda cargada durante todo el mes de septiembre, que incluye visitas a Chile, Cuba y Estados Unidos.<\/p>\n<h2 class=\"\">La agenda del G20<\/h2>\n<p>En el marco de la 18\u00aa cumbre de Jefes de Estado y de Gobierno del Grupo de los 20 (G20), que\u00a0<strong>se realizar\u00e1 el fin de semana con el lema &#8220;Una tierra, una familia, un futuro&#8221;<\/strong>, Fern\u00e1ndez expondr\u00e1 -tras la bienvenida y la foto oficial- en la primera sesi\u00f3n plenaria del s\u00e1bado por la ma\u00f1ana (en la madrugada de ese d\u00eda en Argentina) y luego por la tarde en la segunda sesi\u00f3n.<\/p>\n<p><strong>En la primera sesi\u00f3n, denominada &#8220;Una tierra&#8221;<\/strong>, el mandatario argentino har\u00e1 referencia a los desaf\u00edos ambientales, como los efectos del cambio clim\u00e1tico, la p\u00e9rdida de biodiversidad, la desertificaci\u00f3n y la contaminaci\u00f3n, as\u00ed como a problemas centrales de la agenda global, incluyendo la inseguridad alimentaria y energ\u00e9tica, indicaron fuentes oficiales.<\/p>\n<p><strong>En la segunda sesi\u00f3n, &#8220;Una familia&#8221;<\/strong>, Fern\u00e1ndez pondr\u00e1 el foco en el desarrollo sostenible y los avances y desaf\u00edos pendientes en materia de derechos humanos e igualdad de g\u00e9nero.<\/p>\n<p>En paralelo a la cumbre,<strong>\u00a0el Presidente tiene hasta el momento cuatro reuniones bilaterales confirmadas en Nueva Delhi:\u00a0<\/strong>con el anfitri\u00f3n del encuentro, el primer ministro de India, Narendra Modi; con el presidente de la Rep\u00fablica de Corea, Yoon Suk Yeol; con el de los Emiratos \u00c1rabes Unidos, Jeque Mohamed bien Zayed Al Nahyan; y con la primera ministra de la Rep\u00fablica Popular de Bangladesh, Sheik Hasina.<\/p>\n<figure class=\"mb-3\"><img decoding=\"async\" class=\" lazy \" src=\"https:\/\/www.telam.com.ar\/thumbs\/bluesteel\/advf\/imagenes\/2022\/09\/632c4a913701f_1200.jpg\" alt=\"El Presidente viaja a la India para participar del G20 y tendr reuniones bilaterales Foto Archivo\" width=\"100%\" height=\"100%\" \/><\/p>\n<div class=\"media-icons\"><\/div><figcaption>El Presidente viaja a la India para participar del G20 y tendr\u00e1 reuniones bilaterales. Foto: Archivo<\/figcaption><\/figure>\n<p>En la noche del s\u00e1bado,<strong>\u00a0asistir\u00e1 a la cena de gala en honor a los visitantes que ofrece India<\/strong>, mientras que el domingo los l\u00edderes est\u00e1n invitados a la colocaci\u00f3n de una ofrenda floral en el monumento a Mahatma Gandhi, considerado el padre de la naci\u00f3n india, y finalmente a la \u00faltima sesi\u00f3n plenaria en la que se adoptar\u00e1 la declaraci\u00f3n final, que est\u00e1 siendo debatida por estas horas en la reuni\u00f3n de sherpas.<\/p>\n<p>Seg\u00fan se adelant\u00f3,<strong>\u00a0la cumbre &#8220;aspira a transmitir un mensaje centrado en la lucha por un crecimiento justo y equitativo para todos, de manera sostenible, hol\u00edstica, responsable e inclusiva&#8221;.<\/strong><\/p>\n<p>Ante sus pares del G20, Fern\u00e1ndez insistir\u00e1 adem\u00e1s con su planteo de discutir la arquitectura financiera global, luego de que la Casa Blanca informara en los \u00faltimos d\u00edas que el propio presidente Biden abogar\u00e1 por reformar el Fondo Monetario Internacional (FMI) y el Banco Mundial (BM) para que ayuden mejor a los pa\u00edses en desarrollo.<\/p>\n<p><strong>En una reciente entrevista con T\u00e9lam, el canciller Cafiero<\/strong>\u00a0sostuvo que el G20 es el \u00e1mbito para discutir la arquitectura financiera global y celebr\u00f3 que Biden quiera debatirla, en sinton\u00eda con lo que viene planteando Alberto Fern\u00e1ndez, ya que &#8220;potencia lo que la Argentina plantear\u00e1&#8221; la semana pr\u00f3xima en ese foro.<\/p>\n<p>El canciller explic\u00f3 que este fin de semana\u00a0<strong>Argentina va a &#8220;volver a reclamar, como lo hizo en 2021 en Italia y en 2022 en Indonesia, un nuevo orden desde el punto de vista de la agenda de financiamiento global, del financiamiento del cambio clim\u00e1tico y, fundamentalmente, de lo que es la arquitectura financiera global&#8221;.<\/strong><\/p>\n<p>Con la cumbre de Nueva Delhi culmina la Presidencia asumida por India el 1 de diciembre de 2022, a la que seguir\u00e1n las de Brasil en 2024 y Sud\u00e1frica en 2025, lo que &#8220;representa una continuidad sin precedentes de pa\u00edses emergentes al frente del foro, que ofrece la oportunidad de dar visibilidad a las prioridades de los pa\u00edses del Sur global, incluyendo las de Am\u00e9rica Latina y el Caribe&#8221;, indicaron fuentes oficiales.<\/p>\n<p><strong>Tras las \u00faltimos encuentros bilaterales<\/strong>, que est\u00e1n terminando de ser definidos por estas horas, el mandatario argentino emprender\u00e1 el regreso el mismo domingo a la tarde, y volar\u00e1 directamente a Santiago de Chile para asistir el lunes a los actos en conmemoraci\u00f3n del 50 aniversario del golpe de Estado que encabez\u00f3 Augusto Pinochet contra el entonces presidente socialista Salvador Allende.<\/p>\n<figure class=\"mb-3\"><img decoding=\"async\" class=\" lazy \" src=\"https:\/\/www.telam.com.ar\/thumbs\/bluesteel\/advf\/imagenes\/2022\/11\/6373a232bee96_1200.jpg\" alt=\"Fernndez partir acompaado por el canciller Santiago Cafiero Foto Archivo\" width=\"100%\" height=\"100%\" \/><\/p>\n<div class=\"media-icons\"><\/div><figcaption>Fern\u00e1ndez partir\u00e1 acompa\u00f1ado por el canciller Santiago Cafiero. Foto: Archivo<\/figcaption><\/figure>\n<p><strong>A Nueva Delhi<\/strong>,<strong>\u00a0en tanto, ya comprometi\u00f3 su asistencia el presidente de los Estados Unidos, Joe Biden, aunque declinaron de participar el l\u00edder chino Xi Jinping y el ruso Vladimir Putin<\/strong>, pero enviar\u00e1n a sus representantes.<\/p>\n<p>Fern\u00e1ndez llegar\u00e1 a la India en medio de una pol\u00e9mica surgida en el pa\u00eds, luego de que el gobierno indio enviara una invitaci\u00f3n oficial con el uso de la palabra &#8220;Bharat&#8221;, el otro t\u00e9rmino reconocido por la Constituci\u00f3n, en lugar de Rep\u00fablica de la India, como usualmente se conoce al pa\u00eds.<\/p>\n<p>La invitaci\u00f3n difundida esta semana llega entre los rumores, recogidos por la oposici\u00f3n, pero no confirmados por el Gobierno, de que el partido BJP podr\u00eda cambiar el nombre del pa\u00eds \u00fanicamente por Bharat.<\/p>\n<p>Los medios de comunicaci\u00f3n indios informaron que el Gobierno podr\u00eda presentar una resoluci\u00f3n en ese sentido durante una sesi\u00f3n especial del Parlamento este mes, pero el Gobierno a\u00fan no revel\u00f3 la agenda de la sesi\u00f3n que se celebrar\u00e1 del 18 al 22 de septiembre.<\/p>\n<p><strong>Los dirigentes del BJP respaldan el cambio de nomenclatura al sostener que el nombre India fue introducido por los colonos brit\u00e1nicos<\/strong>, que gobernaron el pa\u00eds durante 200 a\u00f1os, y es un &#8220;s\u00edmbolo de esclavitud&#8221;.<\/p>\n<p>La cita en Nueva Delhi ser\u00e1 el tercer G20 presencial de Alberto Fern\u00e1ndez: en noviembre del a\u00f1o pasado estuvo presente en Bali, Indonesia, donde sufri\u00f3 una gastritis erosiva con signos de sangrado, por la que debi\u00f3 cancelar actividades.<\/p>\n<p>Asisti\u00f3 tambi\u00e9n en octubre del 2021 a la cumbre realizada en Roma, Italia, mientras que en su primer a\u00f1o de mandato -noviembre del 2020- la reuni\u00f3n de los l\u00edderes del foro fue virtual por la pandemia de coronavirus, tema excluyente de aquel encuentro.<\/p>\n","protected":false},"excerpt":{"rendered":"<p>En su \u00faltima intervenci\u00f3n ante el G20, el presidente\u00a0Alberto Fern\u00e1ndez insistir\u00e1 ante sus pares del foro mundial que se re\u00fane este fin de semana en Nueva Delhi, la capital de la India, en la necesidad de rediscutir la arquitectura financiera global, se referir\u00e1 a los desaf\u00edos ambientales y a cuestiones como la inseguridad alimentaria y [&hellip;]<\/p>\n","protected":false},"author":2,"featured_media":18766,"comment_status":"closed","ping_status":"closed","sticky":false,"template":"","format":"standard","meta":{"footnotes":""},"categories":[79],"tags":[],"class_list":{"0":"post-18765","1":"post","2":"type-post","3":"status-publish","4":"format-standard","5":"has-post-thumbnail","7":"category-politica"},"_links":{"self":[{"href":"https:\/\/radiobitacora.com.ar\/web\/wp-json\/wp\/v2\/posts\/18765","targetHints":{"allow":["GET"]}}],"collection":[{"href":"https:\/\/radiobitacora.com.ar\/web\/wp-json\/wp\/v2\/posts"}],"about":[{"href":"https:\/\/radiobitacora.com.ar\/web\/wp-json\/wp\/v2\/types\/post"}],"author":[{"embeddable":true,"href":"https:\/\/radiobitacora.com.ar\/web\/wp-json\/wp\/v2\/users\/2"}],"replies":[{"embeddable":true,"href":"https:\/\/radiobitacora.com.ar\/web\/wp-json\/wp\/v2\/comments?post=18765"}],"version-history":[{"count":0,"href":"https:\/\/radiobitacora.com.ar\/web\/wp-json\/wp\/v2\/posts\/18765\/revisions"}],"wp:featuredmedia":[{"embeddable":true,"href":"https:\/\/radiobitacora.com.ar\/web\/wp-json\/wp\/v2\/media\/18766"}],"wp:attachment":[{"href":"https:\/\/radiobitacora.com.ar\/web\/wp-json\/wp\/v2\/media?parent=18765"}],"wp:term":[{"taxonomy":"category","embeddable":true,"href":"https:\/\/radiobitacora.com.ar\/web\/wp-json\/wp\/v2\/categories?post=18765"},{"taxonomy":"post_tag","embeddable":true,"href":"https:\/\/radiobitacora.com.ar\/web\/wp-json\/wp\/v2\/tags?post=18765"}],"curies":[{"name":"wp","href":"https:\/\/api.w.org\/{rel}","templated":true}]}}