{"id":18771,"date":"2023-09-08T07:34:40","date_gmt":"2023-09-08T10:34:40","guid":{"rendered":"https:\/\/radiobitacora.com.ar\/web\/?p=18771"},"modified":"2023-09-08T07:34:40","modified_gmt":"2023-09-08T10:34:40","slug":"fernando-lopez-torres-elogia-el-poder-del-running-solidario-en-goya-y-la-region","status":"publish","type":"post","link":"https:\/\/radiobitacora.com.ar\/web\/2023\/09\/08\/fernando-lopez-torres-elogia-el-poder-del-running-solidario-en-goya-y-la-region\/","title":{"rendered":"FERNANDO L\u00d3PEZ TORRES ELOGIA EL PODER DEL RUNNING SOLIDARIO EN GOYA Y LA REGI\u00d3N"},"content":{"rendered":"<h3><strong>El pasado domingo, la comunidad de Goya se uni\u00f3 en una muestra de solidaridad al participar en la primera marat\u00f3n solidaria a beneficio de la Fundaci\u00f3n Onco Infanto Juvenil. Alrededor de 200 corredores se sumaron a la causa, demostrando que el deporte puede ser una poderosa herramienta para apoyar causas nobles.<\/strong><\/h3>\n<p>Fernando L\u00f3pez Torres, a trav\u00e9s de una comunicaci\u00f3n telef\u00f3nica con Radio Ciudad 88.3, comparti\u00f3 sus impresiones sobre este evento y la creciente popularidad del running en la regi\u00f3n.<\/p>\n<p>En un acto de generosidad que inspira a todos, el empresario Miguel Galarza y su panader\u00eda donaron aproximadamente 500.000 pesos a diversas instituciones ben\u00e9ficas. Esta acci\u00f3n desencaden\u00f3 una ola de apoyo y movilizaci\u00f3n comunitaria en torno a causas solidarias en la ciudad de Goya.<\/p>\n<p>Uno de los protagonistas de esta noble iniciativa es Fernando L\u00f3pez Torres, quien destac\u00f3 la respuesta solidaria de la comunidad de Goya y la regi\u00f3n: \u201cCada vez que hay un llamado solidario, la comunidad de Goya y toda la regi\u00f3n, incluyendo a personas de zonas cercanas, se unen. El deporte, en este caso el running, se ha convertido en una herramienta poderosa para conectar a la comunidad con causas nobles como el trabajo que realiza la Fundaci\u00f3n Onco Infanto Juvenil aqu\u00ed en Goya. Por suerte, esta marat\u00f3n solidaria fue un \u00e9xito total\u201d.<\/p>\n<p>La carrera cont\u00f3 con la participaci\u00f3n de numerosos equipos de atletas, entre ellos el Club Atenas, Modo Runner, y Go Run de Santa Luc\u00eda y Curuz\u00fa Cuati\u00e1 entre otros. Adem\u00e1s, se destac\u00f3 la contribuci\u00f3n de Lidia Gonz\u00e1lez, quien, a pesar de las adversidades personales, sigui\u00f3 apoyando la causa solidaria.<\/p>\n<p>Fernando L\u00f3pez Torres tambi\u00e9n resalt\u00f3 la importancia de la colaboraci\u00f3n tanto econ\u00f3mica como humana en este tipo de iniciativas: \u201cLa ayuda no se limita a lo econ\u00f3mico; tambi\u00e9n es necesario invertir tiempo y estar presente para apoyar a quienes lo necesitan. Esta marat\u00f3n logr\u00f3 difundir la causa y recaudar fondos de manera efectiva\u201d.<\/p>\n<p>En cuanto al aspecto deportivo, L\u00f3pez Torres se\u00f1al\u00f3 el crecimiento del running en la regi\u00f3n y c\u00f3mo eventos como este pueden incorporarse al calendario de Goya, siempre con el objetivo solidario en mente. Tambi\u00e9n destac\u00f3 la importancia de la movida tur\u00edstica que genera el running, ya que las personas suelen viajar con sus familias para participar en estas carreras.<\/p>\n<p>Adem\u00e1s, se mencion\u00f3 la continuidad del circuito de running en la regi\u00f3n, con la pr\u00f3xima carrera programada para el domingo en la Ciudad de Monte Caseros. Fernando L\u00f3pez Torres comparti\u00f3 su entusiasmo por la creciente participaci\u00f3n de corredores de diversas provincias vecinas, lo que demuestra el impacto positivo de estas actividades deportivas.<\/p>\n<p>La marat\u00f3n solidaria en Goya organizada por la Fundaci\u00f3n Onco Infanto Juvenil fue un \u00e9xito gracias al apoyo de las distintas \u00e1reas de la Municipalidad de Goya, la comunidad y al esp\u00edritu solidario de los corredores. Este evento demuestra que el deporte puede unirse a causas nobles y generar un impacto positivo en la sociedad. La pr\u00f3xima carrera en Monte Caseros promete seguir fortaleciendo este movimiento deportivo y solidario en la regi\u00f3n.<\/p>\n<picture><source srcset=\"https:\/\/883radiociudad.gob.ar\/wp-content\/uploads\/2023\/09\/NOTA-FERNANDO-LOPEZ-TORRES-1-300x252.jpeg.webp 300w, https:\/\/883radiociudad.gob.ar\/wp-content\/uploads\/2023\/09\/NOTA-FERNANDO-LOPEZ-TORRES-1-1024x860.jpeg.webp 1024w, https:\/\/883radiociudad.gob.ar\/wp-content\/uploads\/2023\/09\/NOTA-FERNANDO-LOPEZ-TORRES-1-768x645.jpeg.webp 768w, https:\/\/883radiociudad.gob.ar\/wp-content\/uploads\/2023\/09\/NOTA-FERNANDO-LOPEZ-TORRES-1-1536x1289.jpeg.webp 1536w, https:\/\/883radiociudad.gob.ar\/wp-content\/uploads\/2023\/09\/NOTA-FERNANDO-LOPEZ-TORRES-1.jpeg.webp 1600w\" type=\"image\/webp\" sizes=\"225px\" data-srcset=\"https:\/\/883radiociudad.gob.ar\/wp-content\/uploads\/2023\/09\/NOTA-FERNANDO-LOPEZ-TORRES-1-300x252.jpeg.webp 300w, https:\/\/883radiociudad.gob.ar\/wp-content\/uploads\/2023\/09\/NOTA-FERNANDO-LOPEZ-TORRES-1-1024x860.jpeg.webp 1024w, https:\/\/883radiociudad.gob.ar\/wp-content\/uploads\/2023\/09\/NOTA-FERNANDO-LOPEZ-TORRES-1-768x645.jpeg.webp 768w, https:\/\/883radiociudad.gob.ar\/wp-content\/uploads\/2023\/09\/NOTA-FERNANDO-LOPEZ-TORRES-1-1536x1289.jpeg.webp 1536w, https:\/\/883radiociudad.gob.ar\/wp-content\/uploads\/2023\/09\/NOTA-FERNANDO-LOPEZ-TORRES-1.jpeg.webp 1600w\" \/><img loading=\"lazy\" decoding=\"async\" class=\"alignnone  wp-image-45882 lazyautosizes lazyloaded\" src=\"https:\/\/883radiociudad.gob.ar\/wp-content\/uploads\/2023\/09\/NOTA-FERNANDO-LOPEZ-TORRES-1-300x252.jpeg\" sizes=\"auto, 225px\" srcset=\"https:\/\/883radiociudad.gob.ar\/wp-content\/uploads\/2023\/09\/NOTA-FERNANDO-LOPEZ-TORRES-1-300x252.jpeg 300w, https:\/\/883radiociudad.gob.ar\/wp-content\/uploads\/2023\/09\/NOTA-FERNANDO-LOPEZ-TORRES-1-1024x860.jpeg 1024w, https:\/\/883radiociudad.gob.ar\/wp-content\/uploads\/2023\/09\/NOTA-FERNANDO-LOPEZ-TORRES-1-768x645.jpeg 768w, https:\/\/883radiociudad.gob.ar\/wp-content\/uploads\/2023\/09\/NOTA-FERNANDO-LOPEZ-TORRES-1-1536x1289.jpeg 1536w, https:\/\/883radiociudad.gob.ar\/wp-content\/uploads\/2023\/09\/NOTA-FERNANDO-LOPEZ-TORRES-1.jpeg 1600w\" alt=\"\" width=\"225\" height=\"189\" data-eio=\"p\" data-src=\"https:\/\/883radiociudad.gob.ar\/wp-content\/uploads\/2023\/09\/NOTA-FERNANDO-LOPEZ-TORRES-1-300x252.jpeg\" data-srcset=\"https:\/\/883radiociudad.gob.ar\/wp-content\/uploads\/2023\/09\/NOTA-FERNANDO-LOPEZ-TORRES-1-300x252.jpeg 300w, https:\/\/883radiociudad.gob.ar\/wp-content\/uploads\/2023\/09\/NOTA-FERNANDO-LOPEZ-TORRES-1-1024x860.jpeg 1024w, https:\/\/883radiociudad.gob.ar\/wp-content\/uploads\/2023\/09\/NOTA-FERNANDO-LOPEZ-TORRES-1-768x645.jpeg 768w, https:\/\/883radiociudad.gob.ar\/wp-content\/uploads\/2023\/09\/NOTA-FERNANDO-LOPEZ-TORRES-1-1536x1289.jpeg 1536w, https:\/\/883radiociudad.gob.ar\/wp-content\/uploads\/2023\/09\/NOTA-FERNANDO-LOPEZ-TORRES-1.jpeg 1600w\" data-sizes=\"auto\" data-eio-rwidth=\"300\" data-eio-rheight=\"252\" \/><\/picture>\u00a0<picture><source srcset=\"https:\/\/883radiociudad.gob.ar\/wp-content\/uploads\/2023\/09\/NOTA-FERNANDO-LOPEZ-TORRES-3-300x200.jpeg.webp 300w, https:\/\/883radiociudad.gob.ar\/wp-content\/uploads\/2023\/09\/NOTA-FERNANDO-LOPEZ-TORRES-3-1024x682.jpeg.webp 1024w, https:\/\/883radiociudad.gob.ar\/wp-content\/uploads\/2023\/09\/NOTA-FERNANDO-LOPEZ-TORRES-3-768x512.jpeg.webp 768w, https:\/\/883radiociudad.gob.ar\/wp-content\/uploads\/2023\/09\/NOTA-FERNANDO-LOPEZ-TORRES-3-1536x1023.jpeg.webp 1536w, https:\/\/883radiociudad.gob.ar\/wp-content\/uploads\/2023\/09\/NOTA-FERNANDO-LOPEZ-TORRES-3-1280x845.jpeg.webp 1280w, https:\/\/883radiociudad.gob.ar\/wp-content\/uploads\/2023\/09\/NOTA-FERNANDO-LOPEZ-TORRES-3.jpeg.webp 1600w\" type=\"image\/webp\" sizes=\"281px\" data-srcset=\"https:\/\/883radiociudad.gob.ar\/wp-content\/uploads\/2023\/09\/NOTA-FERNANDO-LOPEZ-TORRES-3-300x200.jpeg.webp 300w, https:\/\/883radiociudad.gob.ar\/wp-content\/uploads\/2023\/09\/NOTA-FERNANDO-LOPEZ-TORRES-3-1024x682.jpeg.webp 1024w, https:\/\/883radiociudad.gob.ar\/wp-content\/uploads\/2023\/09\/NOTA-FERNANDO-LOPEZ-TORRES-3-768x512.jpeg.webp 768w, https:\/\/883radiociudad.gob.ar\/wp-content\/uploads\/2023\/09\/NOTA-FERNANDO-LOPEZ-TORRES-3-1536x1023.jpeg.webp 1536w, https:\/\/883radiociudad.gob.ar\/wp-content\/uploads\/2023\/09\/NOTA-FERNANDO-LOPEZ-TORRES-3-1280x845.jpeg.webp 1280w, https:\/\/883radiociudad.gob.ar\/wp-content\/uploads\/2023\/09\/NOTA-FERNANDO-LOPEZ-TORRES-3.jpeg.webp 1600w\" \/><img loading=\"lazy\" decoding=\"async\" class=\"alignnone  wp-image-45881 lazyautosizes lazyloaded\" src=\"https:\/\/883radiociudad.gob.ar\/wp-content\/uploads\/2023\/09\/NOTA-FERNANDO-LOPEZ-TORRES-3-300x200.jpeg\" sizes=\"auto, 281px\" srcset=\"https:\/\/883radiociudad.gob.ar\/wp-content\/uploads\/2023\/09\/NOTA-FERNANDO-LOPEZ-TORRES-3-300x200.jpeg 300w, https:\/\/883radiociudad.gob.ar\/wp-content\/uploads\/2023\/09\/NOTA-FERNANDO-LOPEZ-TORRES-3-1024x682.jpeg 1024w, https:\/\/883radiociudad.gob.ar\/wp-content\/uploads\/2023\/09\/NOTA-FERNANDO-LOPEZ-TORRES-3-768x512.jpeg 768w, https:\/\/883radiociudad.gob.ar\/wp-content\/uploads\/2023\/09\/NOTA-FERNANDO-LOPEZ-TORRES-3-1536x1023.jpeg 1536w, https:\/\/883radiociudad.gob.ar\/wp-content\/uploads\/2023\/09\/NOTA-FERNANDO-LOPEZ-TORRES-3-1280x845.jpeg 1280w, https:\/\/883radiociudad.gob.ar\/wp-content\/uploads\/2023\/09\/NOTA-FERNANDO-LOPEZ-TORRES-3.jpeg 1600w\" alt=\"\" width=\"281\" height=\"187\" data-eio=\"p\" data-src=\"https:\/\/883radiociudad.gob.ar\/wp-content\/uploads\/2023\/09\/NOTA-FERNANDO-LOPEZ-TORRES-3-300x200.jpeg\" data-srcset=\"https:\/\/883radiociudad.gob.ar\/wp-content\/uploads\/2023\/09\/NOTA-FERNANDO-LOPEZ-TORRES-3-300x200.jpeg 300w, https:\/\/883radiociudad.gob.ar\/wp-content\/uploads\/2023\/09\/NOTA-FERNANDO-LOPEZ-TORRES-3-1024x682.jpeg 1024w, https:\/\/883radiociudad.gob.ar\/wp-content\/uploads\/2023\/09\/NOTA-FERNANDO-LOPEZ-TORRES-3-768x512.jpeg 768w, https:\/\/883radiociudad.gob.ar\/wp-content\/uploads\/2023\/09\/NOTA-FERNANDO-LOPEZ-TORRES-3-1536x1023.jpeg 1536w, https:\/\/883radiociudad.gob.ar\/wp-content\/uploads\/2023\/09\/NOTA-FERNANDO-LOPEZ-TORRES-3-1280x845.jpeg 1280w, https:\/\/883radiociudad.gob.ar\/wp-content\/uploads\/2023\/09\/NOTA-FERNANDO-LOPEZ-TORRES-3.jpeg 1600w\" data-sizes=\"auto\" data-eio-rwidth=\"300\" data-eio-rheight=\"200\" \/><\/picture>\u00a0<picture><source srcset=\"https:\/\/883radiociudad.gob.ar\/wp-content\/uploads\/2023\/09\/NOTA-FERNANDO-LOPEZ-TORRES-2-300x200.jpeg.webp 300w, https:\/\/883radiociudad.gob.ar\/wp-content\/uploads\/2023\/09\/NOTA-FERNANDO-LOPEZ-TORRES-2-1024x682.jpeg.webp 1024w, https:\/\/883radiociudad.gob.ar\/wp-content\/uploads\/2023\/09\/NOTA-FERNANDO-LOPEZ-TORRES-2-768x512.jpeg.webp 768w, https:\/\/883radiociudad.gob.ar\/wp-content\/uploads\/2023\/09\/NOTA-FERNANDO-LOPEZ-TORRES-2-1536x1023.jpeg.webp 1536w, https:\/\/883radiociudad.gob.ar\/wp-content\/uploads\/2023\/09\/NOTA-FERNANDO-LOPEZ-TORRES-2.jpeg.webp 1600w\" type=\"image\/webp\" sizes=\"282px\" data-srcset=\"https:\/\/883radiociudad.gob.ar\/wp-content\/uploads\/2023\/09\/NOTA-FERNANDO-LOPEZ-TORRES-2-300x200.jpeg.webp 300w, https:\/\/883radiociudad.gob.ar\/wp-content\/uploads\/2023\/09\/NOTA-FERNANDO-LOPEZ-TORRES-2-1024x682.jpeg.webp 1024w, https:\/\/883radiociudad.gob.ar\/wp-content\/uploads\/2023\/09\/NOTA-FERNANDO-LOPEZ-TORRES-2-768x512.jpeg.webp 768w, https:\/\/883radiociudad.gob.ar\/wp-content\/uploads\/2023\/09\/NOTA-FERNANDO-LOPEZ-TORRES-2-1536x1023.jpeg.webp 1536w, https:\/\/883radiociudad.gob.ar\/wp-content\/uploads\/2023\/09\/NOTA-FERNANDO-LOPEZ-TORRES-2.jpeg.webp 1600w\" \/><img loading=\"lazy\" decoding=\"async\" class=\"alignnone  wp-image-45880 lazyautosizes lazyloaded\" src=\"https:\/\/883radiociudad.gob.ar\/wp-content\/uploads\/2023\/09\/NOTA-FERNANDO-LOPEZ-TORRES-2-300x200.jpeg\" sizes=\"auto, 282px\" srcset=\"https:\/\/883radiociudad.gob.ar\/wp-content\/uploads\/2023\/09\/NOTA-FERNANDO-LOPEZ-TORRES-2-300x200.jpeg 300w, https:\/\/883radiociudad.gob.ar\/wp-content\/uploads\/2023\/09\/NOTA-FERNANDO-LOPEZ-TORRES-2-1024x682.jpeg 1024w, https:\/\/883radiociudad.gob.ar\/wp-content\/uploads\/2023\/09\/NOTA-FERNANDO-LOPEZ-TORRES-2-768x512.jpeg 768w, https:\/\/883radiociudad.gob.ar\/wp-content\/uploads\/2023\/09\/NOTA-FERNANDO-LOPEZ-TORRES-2-1536x1023.jpeg 1536w, https:\/\/883radiociudad.gob.ar\/wp-content\/uploads\/2023\/09\/NOTA-FERNANDO-LOPEZ-TORRES-2.jpeg 1600w\" alt=\"\" width=\"282\" height=\"188\" data-eio=\"p\" data-src=\"https:\/\/883radiociudad.gob.ar\/wp-content\/uploads\/2023\/09\/NOTA-FERNANDO-LOPEZ-TORRES-2-300x200.jpeg\" data-srcset=\"https:\/\/883radiociudad.gob.ar\/wp-content\/uploads\/2023\/09\/NOTA-FERNANDO-LOPEZ-TORRES-2-300x200.jpeg 300w, https:\/\/883radiociudad.gob.ar\/wp-content\/uploads\/2023\/09\/NOTA-FERNANDO-LOPEZ-TORRES-2-1024x682.jpeg 1024w, https:\/\/883radiociudad.gob.ar\/wp-content\/uploads\/2023\/09\/NOTA-FERNANDO-LOPEZ-TORRES-2-768x512.jpeg 768w, https:\/\/883radiociudad.gob.ar\/wp-content\/uploads\/2023\/09\/NOTA-FERNANDO-LOPEZ-TORRES-2-1536x1023.jpeg 1536w, https:\/\/883radiociudad.gob.ar\/wp-content\/uploads\/2023\/09\/NOTA-FERNANDO-LOPEZ-TORRES-2.jpeg 1600w\" data-sizes=\"auto\" data-eio-rwidth=\"300\" data-eio-rheight=\"200\" \/><\/picture>\n","protected":false},"excerpt":{"rendered":"<p>El pasado domingo, la comunidad de Goya se uni\u00f3 en una muestra de solidaridad al participar en la primera marat\u00f3n solidaria a beneficio de la Fundaci\u00f3n Onco Infanto Juvenil. Alrededor de 200 corredores se sumaron a la causa, demostrando que el deporte puede ser una poderosa herramienta para apoyar causas nobles. Fernando L\u00f3pez Torres, a [&hellip;]<\/p>\n","protected":false},"author":2,"featured_media":18772,"comment_status":"closed","ping_status":"closed","sticky":false,"template":"","format":"standard","meta":{"footnotes":""},"categories":[56],"tags":[],"class_list":{"0":"post-18771","1":"post","2":"type-post","3":"status-publish","4":"format-standard","5":"has-post-thumbnail","7":"category-locales"},"_links":{"self":[{"href":"https:\/\/radiobitacora.com.ar\/web\/wp-json\/wp\/v2\/posts\/18771","targetHints":{"allow":["GET"]}}],"collection":[{"href":"https:\/\/radiobitacora.com.ar\/web\/wp-json\/wp\/v2\/posts"}],"about":[{"href":"https:\/\/radiobitacora.com.ar\/web\/wp-json\/wp\/v2\/types\/post"}],"author":[{"embeddable":true,"href":"https:\/\/radiobitacora.com.ar\/web\/wp-json\/wp\/v2\/users\/2"}],"replies":[{"embeddable":true,"href":"https:\/\/radiobitacora.com.ar\/web\/wp-json\/wp\/v2\/comments?post=18771"}],"version-history":[{"count":0,"href":"https:\/\/radiobitacora.com.ar\/web\/wp-json\/wp\/v2\/posts\/18771\/revisions"}],"wp:featuredmedia":[{"embeddable":true,"href":"https:\/\/radiobitacora.com.ar\/web\/wp-json\/wp\/v2\/media\/18772"}],"wp:attachment":[{"href":"https:\/\/radiobitacora.com.ar\/web\/wp-json\/wp\/v2\/media?parent=18771"}],"wp:term":[{"taxonomy":"category","embeddable":true,"href":"https:\/\/radiobitacora.com.ar\/web\/wp-json\/wp\/v2\/categories?post=18771"},{"taxonomy":"post_tag","embeddable":true,"href":"https:\/\/radiobitacora.com.ar\/web\/wp-json\/wp\/v2\/tags?post=18771"}],"curies":[{"name":"wp","href":"https:\/\/api.w.org\/{rel}","templated":true}]}}