{"id":18805,"date":"2023-09-08T08:52:41","date_gmt":"2023-09-08T11:52:41","guid":{"rendered":"https:\/\/radiobitacora.com.ar\/web\/?p=18805"},"modified":"2023-09-08T08:52:41","modified_gmt":"2023-09-08T11:52:41","slug":"08-de-septiembre-hoy-argentina-celebra-el-dia-del-agricultor","status":"publish","type":"post","link":"https:\/\/radiobitacora.com.ar\/web\/2023\/09\/08\/08-de-septiembre-hoy-argentina-celebra-el-dia-del-agricultor\/","title":{"rendered":"08 de Septiembre: hoy Argentina celebra el D\u00eda del Agricultor"},"content":{"rendered":"<p>El 8 de septiembre de 1856 se fund\u00f3 la primera colonia agr\u00edcola argentina que se llam\u00f3 Esperanza, en la Provincia de Santa Fe, por ello se celebra el D\u00eda del Agricultor.<\/p>\n<p>El 28 de agosto de 1944, por decreto N\u00ba 23.317, el gobierno argentino instituy\u00f3 este d\u00eda, considerando \u201cque la fundaci\u00f3n de la primera colonia agr\u00edcola, el 8 de septiembre de 1856, marca una fecha decisiva en el desarrollo de nuestra agricultura\u201d.<\/p>\n<p>En este d\u00eda se rinde homenaje a todos los productores agropecuarios del pa\u00eds que con su trabajo y su esfuerzo construyen la grandeza de nuestra patria que tiene, en la agricultura, una de sus principales fuentes de desarrollo.<\/p>\n<p>Esperanza, la primera colonia agr\u00edcola, estaba conformada por 1162 personas de origen suizo que tomaron la parcela que se les hab\u00eda asignado y trabajaron arduamente para alcanzar su sustento.<\/p>\n<p>El 8 de septiembre de 1910, el centro de la ciudad de Esperanza se transforma en sede del Monumento a la Agricultura Nacional. Ya en 1944, el gobierno nacional declara el 8 de septiembre como D\u00eda Nacional del Agricultor, \u201cen reconocimiento del esfuerzo y valor de los agricultores que con su trabajo diario contribuyen al progreso de nuestra naci\u00f3n\u201d.<\/p>\n","protected":false},"excerpt":{"rendered":"<p>El 8 de septiembre de 1856 se fund\u00f3 la primera colonia agr\u00edcola argentina que se llam\u00f3 Esperanza, en la Provincia de Santa Fe, por ello se celebra el D\u00eda del Agricultor. El 28 de agosto de 1944, por decreto N\u00ba 23.317, el gobierno argentino instituy\u00f3 este d\u00eda, considerando \u201cque la fundaci\u00f3n de la primera colonia [&hellip;]<\/p>\n","protected":false},"author":2,"featured_media":18806,"comment_status":"closed","ping_status":"closed","sticky":false,"template":"","format":"standard","meta":{"footnotes":""},"categories":[86],"tags":[],"class_list":{"0":"post-18805","1":"post","2":"type-post","3":"status-publish","4":"format-standard","5":"has-post-thumbnail","7":"category-sociedad"},"_links":{"self":[{"href":"https:\/\/radiobitacora.com.ar\/web\/wp-json\/wp\/v2\/posts\/18805","targetHints":{"allow":["GET"]}}],"collection":[{"href":"https:\/\/radiobitacora.com.ar\/web\/wp-json\/wp\/v2\/posts"}],"about":[{"href":"https:\/\/radiobitacora.com.ar\/web\/wp-json\/wp\/v2\/types\/post"}],"author":[{"embeddable":true,"href":"https:\/\/radiobitacora.com.ar\/web\/wp-json\/wp\/v2\/users\/2"}],"replies":[{"embeddable":true,"href":"https:\/\/radiobitacora.com.ar\/web\/wp-json\/wp\/v2\/comments?post=18805"}],"version-history":[{"count":0,"href":"https:\/\/radiobitacora.com.ar\/web\/wp-json\/wp\/v2\/posts\/18805\/revisions"}],"wp:featuredmedia":[{"embeddable":true,"href":"https:\/\/radiobitacora.com.ar\/web\/wp-json\/wp\/v2\/media\/18806"}],"wp:attachment":[{"href":"https:\/\/radiobitacora.com.ar\/web\/wp-json\/wp\/v2\/media?parent=18805"}],"wp:term":[{"taxonomy":"category","embeddable":true,"href":"https:\/\/radiobitacora.com.ar\/web\/wp-json\/wp\/v2\/categories?post=18805"},{"taxonomy":"post_tag","embeddable":true,"href":"https:\/\/radiobitacora.com.ar\/web\/wp-json\/wp\/v2\/tags?post=18805"}],"curies":[{"name":"wp","href":"https:\/\/api.w.org\/{rel}","templated":true}]}}