{"id":18815,"date":"2023-09-12T07:52:08","date_gmt":"2023-09-12T10:52:08","guid":{"rendered":"https:\/\/radiobitacora.com.ar\/web\/?p=18815"},"modified":"2023-09-12T07:52:08","modified_gmt":"2023-09-12T10:52:08","slug":"vuelve-el-frio-a-corrientes-y-se-mantiene-el-alerta-por-fuertes-vientos","status":"publish","type":"post","link":"https:\/\/radiobitacora.com.ar\/web\/2023\/09\/12\/vuelve-el-frio-a-corrientes-y-se-mantiene-el-alerta-por-fuertes-vientos\/","title":{"rendered":"VUELVE EL FR\u00cdO A CORRIENTES Y SE MANTIENE EL ALERTA POR FUERTES VIENTOS"},"content":{"rendered":"<h3><strong>Se esperan tormentas y vientos fuertes.<\/strong><\/h3>\n<p>A pocos d\u00edas del comienzo de la primavera se espera que vuelva el fr\u00edo a Corrientes, inform\u00f3 este lunes el Servicio Meteorol\u00f3gico Nacional (SMN).<\/p>\n<p>El organismo advirti\u00f3\u00a0que a partir de este martes volver\u00e1 a descender las temperaturas, augurando tormentas y vientos fuertes.<img loading=\"lazy\" decoding=\"async\" class=\"alignright lazyloaded\" src=\"https:\/\/pxc.cdn.ellitoral.com.ar\/litoral\/092023\/1694457893557.webp?cw=661&amp;ch=468&amp;extw=jpg\" alt=\"Vuelve el fr\u00edo a Corrientes y se mantiene el alerta por fuertes vientos\" width=\"489\" height=\"346\" data-src=\"https:\/\/pxc.cdn.ellitoral.com.ar\/litoral\/092023\/1694457893557.webp?cw=661&amp;ch=468&amp;extw=jpg\" data-eio-rwidth=\"489\" data-eio-rheight=\"346\" \/><\/p>\n<p>Seg\u00fan las estimaciones, la m\u00ednima del martes ser\u00e1 de 11 grados, acompa\u00f1ada de lluvias.<\/p>\n<p>Mientras que el mi\u00e9rcoles se prev\u00e9n temperaturas que rondar\u00e1n entre 11 y 17 grados.<\/p>\n<p>Se espera que regresen las buenas condiciones clim\u00e1ticas a partir del fin de semana.<\/p>\n<p>Entre tanto, se mantiene el alerta amarillo por fuertes vientos para la noche de este lunes.<\/p>\n<p>\u201cEl \u00e1rea se ver\u00e1 afectada por vientos del sector sur con velocidades entre 35 y 50 km\/h, con r\u00e1fagas que pueden alcanzar los 75 km\/h\u201d, precis\u00f3 el SMN.<\/p>\n","protected":false},"excerpt":{"rendered":"<p>Se esperan tormentas y vientos fuertes. A pocos d\u00edas del comienzo de la primavera se espera que vuelva el fr\u00edo a Corrientes, inform\u00f3 este lunes el Servicio Meteorol\u00f3gico Nacional (SMN). El organismo advirti\u00f3\u00a0que a partir de este martes volver\u00e1 a descender las temperaturas, augurando tormentas y vientos fuertes. Seg\u00fan las estimaciones, la m\u00ednima del martes [&hellip;]<\/p>\n","protected":false},"author":2,"featured_media":18816,"comment_status":"closed","ping_status":"closed","sticky":false,"template":"","format":"standard","meta":{"footnotes":""},"categories":[89],"tags":[],"class_list":{"0":"post-18815","1":"post","2":"type-post","3":"status-publish","4":"format-standard","5":"has-post-thumbnail","7":"category-pronostico"},"_links":{"self":[{"href":"https:\/\/radiobitacora.com.ar\/web\/wp-json\/wp\/v2\/posts\/18815","targetHints":{"allow":["GET"]}}],"collection":[{"href":"https:\/\/radiobitacora.com.ar\/web\/wp-json\/wp\/v2\/posts"}],"about":[{"href":"https:\/\/radiobitacora.com.ar\/web\/wp-json\/wp\/v2\/types\/post"}],"author":[{"embeddable":true,"href":"https:\/\/radiobitacora.com.ar\/web\/wp-json\/wp\/v2\/users\/2"}],"replies":[{"embeddable":true,"href":"https:\/\/radiobitacora.com.ar\/web\/wp-json\/wp\/v2\/comments?post=18815"}],"version-history":[{"count":0,"href":"https:\/\/radiobitacora.com.ar\/web\/wp-json\/wp\/v2\/posts\/18815\/revisions"}],"wp:featuredmedia":[{"embeddable":true,"href":"https:\/\/radiobitacora.com.ar\/web\/wp-json\/wp\/v2\/media\/18816"}],"wp:attachment":[{"href":"https:\/\/radiobitacora.com.ar\/web\/wp-json\/wp\/v2\/media?parent=18815"}],"wp:term":[{"taxonomy":"category","embeddable":true,"href":"https:\/\/radiobitacora.com.ar\/web\/wp-json\/wp\/v2\/categories?post=18815"},{"taxonomy":"post_tag","embeddable":true,"href":"https:\/\/radiobitacora.com.ar\/web\/wp-json\/wp\/v2\/tags?post=18815"}],"curies":[{"name":"wp","href":"https:\/\/api.w.org\/{rel}","templated":true}]}}