{"id":18827,"date":"2023-09-12T08:08:28","date_gmt":"2023-09-12T11:08:28","guid":{"rendered":"https:\/\/radiobitacora.com.ar\/web\/?p=18827"},"modified":"2023-09-12T08:08:28","modified_gmt":"2023-09-12T11:08:28","slug":"corrientes-y-siete-provincias-bajo-alerta-meteorologica-por-vientos-fuertes","status":"publish","type":"post","link":"https:\/\/radiobitacora.com.ar\/web\/2023\/09\/12\/corrientes-y-siete-provincias-bajo-alerta-meteorologica-por-vientos-fuertes\/","title":{"rendered":"Corrientes y siete provincias bajo alerta meteorol\u00f3gica por vientos fuertes"},"content":{"rendered":"<p>Junto con las advertencias por tormentas y lluvias en varias zonas del pa\u00eds, el Servicio Meteorol\u00f3gico Nacional (SMN) tambi\u00e9n manten\u00eda para este martes alertas meteorol\u00f3gicas por vientos fuertes para localidades de ocho provincias.<\/p>\n<p>&nbsp;<\/p>\n<p>Por un lado, un alerta amarillo alcanzaba a las zonas cordilleranas de Jujuy, Salta, Catamarca y La Rioja; y otro aviso de igual nivel afectaba a regiones de Chaco,\u00a0<strong>Corrientes<\/strong>, Santa Fe y Santiago del Estero.<\/p>\n<p>&nbsp;<\/p>\n<p><strong>Alerta amarillA por vientos fuertes<\/strong><\/p>\n<p>&nbsp;<\/p>\n<p>El SMN report\u00f3 que las zonas cordilleranas &#8220;ser\u00e1n afectadas por vientos del sector oeste con velocidades entre 60 y 80 km\/h y r\u00e1fagas que pueden alcanzar los 110 km\/h&#8221;; mientras que el resto de las regiones, se vern\u00e1 afectadas &#8220;por vientos del sector sur con velocidades entre 35 y 50 km\/h, con r\u00e1fagas que pueden alcanzar los 80 km\/h&#8221;.<\/p>\n<p>&nbsp;<\/p>\n<p><strong>Recomendaciones del SMN por vientos fuertes:<\/strong><\/p>\n<p>&nbsp;<\/p>\n<p>Evit\u00e1 actividades al aire libre.<br \/>\nAsegur\u00e1 los elementos que puedan volarse.<br \/>\nMantenete informado por autoridades. Ten\u00e9 siempre lista una mochila de emergencias con linterna, radio, documentos y tel\u00e9fono.<\/p>\n","protected":false},"excerpt":{"rendered":"<p>Junto con las advertencias por tormentas y lluvias en varias zonas del pa\u00eds, el Servicio Meteorol\u00f3gico Nacional (SMN) tambi\u00e9n manten\u00eda para este martes alertas meteorol\u00f3gicas por vientos fuertes para localidades de ocho provincias. &nbsp; Por un lado, un alerta amarillo alcanzaba a las zonas cordilleranas de Jujuy, Salta, Catamarca y La Rioja; y otro aviso [&hellip;]<\/p>\n","protected":false},"author":2,"featured_media":18828,"comment_status":"closed","ping_status":"closed","sticky":false,"template":"","format":"standard","meta":{"footnotes":""},"categories":[72],"tags":[],"class_list":{"0":"post-18827","1":"post","2":"type-post","3":"status-publish","4":"format-standard","5":"has-post-thumbnail","7":"category-provinciales"},"_links":{"self":[{"href":"https:\/\/radiobitacora.com.ar\/web\/wp-json\/wp\/v2\/posts\/18827","targetHints":{"allow":["GET"]}}],"collection":[{"href":"https:\/\/radiobitacora.com.ar\/web\/wp-json\/wp\/v2\/posts"}],"about":[{"href":"https:\/\/radiobitacora.com.ar\/web\/wp-json\/wp\/v2\/types\/post"}],"author":[{"embeddable":true,"href":"https:\/\/radiobitacora.com.ar\/web\/wp-json\/wp\/v2\/users\/2"}],"replies":[{"embeddable":true,"href":"https:\/\/radiobitacora.com.ar\/web\/wp-json\/wp\/v2\/comments?post=18827"}],"version-history":[{"count":0,"href":"https:\/\/radiobitacora.com.ar\/web\/wp-json\/wp\/v2\/posts\/18827\/revisions"}],"wp:featuredmedia":[{"embeddable":true,"href":"https:\/\/radiobitacora.com.ar\/web\/wp-json\/wp\/v2\/media\/18828"}],"wp:attachment":[{"href":"https:\/\/radiobitacora.com.ar\/web\/wp-json\/wp\/v2\/media?parent=18827"}],"wp:term":[{"taxonomy":"category","embeddable":true,"href":"https:\/\/radiobitacora.com.ar\/web\/wp-json\/wp\/v2\/categories?post=18827"},{"taxonomy":"post_tag","embeddable":true,"href":"https:\/\/radiobitacora.com.ar\/web\/wp-json\/wp\/v2\/tags?post=18827"}],"curies":[{"name":"wp","href":"https:\/\/api.w.org\/{rel}","templated":true}]}}