{"id":18833,"date":"2023-09-12T08:31:07","date_gmt":"2023-09-12T11:31:07","guid":{"rendered":"https:\/\/radiobitacora.com.ar\/web\/?p=18833"},"modified":"2023-09-12T08:31:07","modified_gmt":"2023-09-12T11:31:07","slug":"un-goyano-intendente-de-reconquista-por-tercera-vez-consecutiva-con-el-522-de-los-votos","status":"publish","type":"post","link":"https:\/\/radiobitacora.com.ar\/web\/2023\/09\/12\/un-goyano-intendente-de-reconquista-por-tercera-vez-consecutiva-con-el-522-de-los-votos\/","title":{"rendered":"Un goyano intendente de Reconquista por tercera vez consecutiva con el 52,2% de los votos"},"content":{"rendered":"<p><strong>Amadeo Enrique Vallejos<\/strong>\u00a0\ud83c\udfe5\ud83d\uddf3\ufe0f, el m\u00e9dico goyano, ha sido elegido por tercera vez como intendente de Reconquista, Santa Fe, con un\u00a0<strong>52,6%<\/strong>\u00a0de los votos en las elecciones Paso. En esta ocasi\u00f3n, logr\u00f3 imponerse en la interna de &#8220;Juntos Avancemos&#8221; y se alz\u00f3 como el candidato m\u00e1s respaldado por los votantes.<\/p>\n<p>La noticia que marca un hito en la historia de la ciudad, se basa en la informaci\u00f3n oficial que confirma que, con el escrutinio al\u00a0<strong>100%<\/strong>, Vallejos asegura su tercer mandato como intendente, consolidando as\u00ed su presencia en la gesti\u00f3n p\u00fablica local.<\/p>\n<p>En su camino hacia la victoria, el m\u00e9dico tuvo que enfrentar a Natalia Capparelli, quien tambi\u00e9n aspiraba a un hecho hist\u00f3rico: convertirse en la primera mujer en liderar Reconquista. Aunque no logr\u00f3 este objetivo, continuar\u00e1 desempe\u00f1ando un rol importante como concejal, ya que su mandato se extiende hasta el\u00a0<strong>10 de diciembre de 2025<\/strong>.<\/p>\n<p>Los n\u00fameros oficiales del proceso electoral son reveladores:<\/p>\n<ul>\n<li><strong>44.032<\/strong>\u00a0personas ejercieron su derecho al voto, representando el\u00a0<strong>70,4%<\/strong>\u00a0de los habilitados.<\/li>\n<li>Se contabilizaron\u00a0<strong>558<\/strong>\u00a0votos en blanco, equivalente al\u00a0<strong>1,27%<\/strong>.<\/li>\n<li><strong>910<\/strong>\u00a0votos fueron anulados, alcanzando el\u00a0<strong>2,02%<\/strong>.<\/li>\n<li>Hubo\u00a0<strong>5<\/strong>\u00a0votos recurridos, una m\u00ednima fracci\u00f3n del\u00a0<strong>0,01%<\/strong>.<\/li>\n<li>Ning\u00fan voto fue impugnado.<\/li>\n<li>La diferencia a determinar en el escrutinio definitivo es de\u00a0<strong>66 votos (0,15%)<\/strong>.<\/li>\n<li>En el escrutinio provisorio oficial, se estableci\u00f3 una diferencia de\u00a0<strong>2.260 votos<\/strong>\u00a0entre Vallejos y su competidor, Natalia Capparelli.<\/li>\n<\/ul>\n<p>Un dato a tener en cuenta es que Vallejos enfrentar\u00e1 el desaf\u00edo de gobernar con un Concejo con mayor\u00eda opositora, ya que el partido &#8220;Unidos&#8221; obtuvo tres bancas, mientras que el frente peronista se asegur\u00f3 dos. Adem\u00e1s, en este per\u00edodo finalizar\u00e1n sus mandatos\u00a0<strong>3 justicialistas (Juntos Avancemos)<\/strong>\u00a0y\u00a0<strong>2 concejales del Pro (Unidos)<\/strong>.<\/p>\n<p>Esta victoria representa un nuevo cap\u00edtulo en la carrera pol\u00edtica de Amadeo Enrique Vallejos y promete desaf\u00edos interesantes en su tercer mandato como intendente de Reconquista, Santa Fe.<\/p>\n","protected":false},"excerpt":{"rendered":"<p>Amadeo Enrique Vallejos\u00a0\ud83c\udfe5\ud83d\uddf3\ufe0f, el m\u00e9dico goyano, ha sido elegido por tercera vez como intendente de Reconquista, Santa Fe, con un\u00a052,6%\u00a0de los votos en las elecciones Paso. En esta ocasi\u00f3n, logr\u00f3 imponerse en la interna de &#8220;Juntos Avancemos&#8221; y se alz\u00f3 como el candidato m\u00e1s respaldado por los votantes. La noticia que marca un hito en [&hellip;]<\/p>\n","protected":false},"author":2,"featured_media":18834,"comment_status":"closed","ping_status":"closed","sticky":false,"template":"","format":"standard","meta":{"footnotes":""},"categories":[79],"tags":[],"class_list":{"0":"post-18833","1":"post","2":"type-post","3":"status-publish","4":"format-standard","5":"has-post-thumbnail","7":"category-politica"},"_links":{"self":[{"href":"https:\/\/radiobitacora.com.ar\/web\/wp-json\/wp\/v2\/posts\/18833","targetHints":{"allow":["GET"]}}],"collection":[{"href":"https:\/\/radiobitacora.com.ar\/web\/wp-json\/wp\/v2\/posts"}],"about":[{"href":"https:\/\/radiobitacora.com.ar\/web\/wp-json\/wp\/v2\/types\/post"}],"author":[{"embeddable":true,"href":"https:\/\/radiobitacora.com.ar\/web\/wp-json\/wp\/v2\/users\/2"}],"replies":[{"embeddable":true,"href":"https:\/\/radiobitacora.com.ar\/web\/wp-json\/wp\/v2\/comments?post=18833"}],"version-history":[{"count":0,"href":"https:\/\/radiobitacora.com.ar\/web\/wp-json\/wp\/v2\/posts\/18833\/revisions"}],"wp:featuredmedia":[{"embeddable":true,"href":"https:\/\/radiobitacora.com.ar\/web\/wp-json\/wp\/v2\/media\/18834"}],"wp:attachment":[{"href":"https:\/\/radiobitacora.com.ar\/web\/wp-json\/wp\/v2\/media?parent=18833"}],"wp:term":[{"taxonomy":"category","embeddable":true,"href":"https:\/\/radiobitacora.com.ar\/web\/wp-json\/wp\/v2\/categories?post=18833"},{"taxonomy":"post_tag","embeddable":true,"href":"https:\/\/radiobitacora.com.ar\/web\/wp-json\/wp\/v2\/tags?post=18833"}],"curies":[{"name":"wp","href":"https:\/\/api.w.org\/{rel}","templated":true}]}}