{"id":18863,"date":"2023-09-13T07:33:55","date_gmt":"2023-09-13T10:33:55","guid":{"rendered":"https:\/\/radiobitacora.com.ar\/web\/?p=18863"},"modified":"2023-09-13T07:33:55","modified_gmt":"2023-09-13T10:33:55","slug":"goya-se-adhiere-a-la-semana-mundial-de-la-movilidad-urbana-sustentable","status":"publish","type":"post","link":"https:\/\/radiobitacora.com.ar\/web\/2023\/09\/13\/goya-se-adhiere-a-la-semana-mundial-de-la-movilidad-urbana-sustentable\/","title":{"rendered":"GOYA SE ADHIERE A LA SEMANA MUNDIAL DE LA MOVILIDAD URBANA SUSTENTABLE"},"content":{"rendered":"<h3><strong>Este fin de semana, la ciudad de Goya se suma a la campa\u00f1a y expo movilidad sustentable y bicicleteada que organiza la Direcci\u00f3n de Movilidad Urbana, a cargo de Agust\u00edn Riveira.<\/strong><\/h3>\n<p>En el marco de la semana mundial de la Movilidad Urbana Sustentable, la Municipalidad de Goya organiza actividades para el domingo 17 de septiembre en Plaza San Mart\u00edn. Desde las 15 horas preparan una exposici\u00f3n sobre esta tem\u00e1tica. Se invita asimismo a participar de la Bicicleteada, el mismo d\u00eda a partir de las 17 horas, con salida desde Plaza San Mart\u00edn.<\/p>\n<p>\u201cDesde la Direcci\u00f3n venimos trabajando con el Intendente Hormaechea en generar pol\u00edticas p\u00fablicas en algo que a nivel mundial se viene trabajando mucho. Diferentes ciudades del mundo ya lo vienen implementando, gestionando muy bien, nosotros consideramos que Goya ya debe comenzar a pensar c\u00f3mo debe moverse de manera inteligente y amigable con el ambiente y en ese sentido venimos trabajando\u201d, subray\u00f3 Riveira.<\/p>\n<p>Esta iniciativa del d\u00eda domingo se complementa con charlas y talleres en escuelas, colegios y articulando con el sector privado esta expo que tendr\u00e1 lugar este domingo en plaza San Mart\u00edn desde las 15 y hasta las 18 de forma libre y gratuita.<\/p>\n<p>\u201cLa idea es comenzar a visibilizar un poco y empezar a tener un cambio de conciencia en todo lo que tenga que ver con la movilidad sustentable\u201d, sum\u00f3.<picture><source srcset=\"https:\/\/883radiociudad.gob.ar\/wp-content\/uploads\/2023\/09\/movilidad-urbana-sustentable-flyr-2-1-240x300.jpg.webp 240w, https:\/\/883radiociudad.gob.ar\/wp-content\/uploads\/2023\/09\/movilidad-urbana-sustentable-flyr-2-1-819x1024.jpg.webp 819w, https:\/\/883radiociudad.gob.ar\/wp-content\/uploads\/2023\/09\/movilidad-urbana-sustentable-flyr-2-1-768x960.jpg.webp 768w, https:\/\/883radiociudad.gob.ar\/wp-content\/uploads\/2023\/09\/movilidad-urbana-sustentable-flyr-2-1.jpg.webp 1024w\" type=\"image\/webp\" sizes=\"240px\" data-srcset=\"https:\/\/883radiociudad.gob.ar\/wp-content\/uploads\/2023\/09\/movilidad-urbana-sustentable-flyr-2-1-240x300.jpg.webp 240w, https:\/\/883radiociudad.gob.ar\/wp-content\/uploads\/2023\/09\/movilidad-urbana-sustentable-flyr-2-1-819x1024.jpg.webp 819w, https:\/\/883radiociudad.gob.ar\/wp-content\/uploads\/2023\/09\/movilidad-urbana-sustentable-flyr-2-1-768x960.jpg.webp 768w, https:\/\/883radiociudad.gob.ar\/wp-content\/uploads\/2023\/09\/movilidad-urbana-sustentable-flyr-2-1.jpg.webp 1024w\" \/><img loading=\"lazy\" decoding=\"async\" class=\"size-medium wp-image-46132 alignright lazyautosizes lazyloaded\" src=\"https:\/\/883radiociudad.gob.ar\/wp-content\/uploads\/2023\/09\/movilidad-urbana-sustentable-flyr-2-1-240x300.jpg\" sizes=\"auto, 240px\" srcset=\"https:\/\/883radiociudad.gob.ar\/wp-content\/uploads\/2023\/09\/movilidad-urbana-sustentable-flyr-2-1-240x300.jpg 240w, https:\/\/883radiociudad.gob.ar\/wp-content\/uploads\/2023\/09\/movilidad-urbana-sustentable-flyr-2-1-819x1024.jpg 819w, https:\/\/883radiociudad.gob.ar\/wp-content\/uploads\/2023\/09\/movilidad-urbana-sustentable-flyr-2-1-768x960.jpg 768w, https:\/\/883radiociudad.gob.ar\/wp-content\/uploads\/2023\/09\/movilidad-urbana-sustentable-flyr-2-1.jpg 1024w\" alt=\"\" width=\"240\" height=\"300\" data-eio=\"p\" data-src=\"https:\/\/883radiociudad.gob.ar\/wp-content\/uploads\/2023\/09\/movilidad-urbana-sustentable-flyr-2-1-240x300.jpg\" data-srcset=\"https:\/\/883radiociudad.gob.ar\/wp-content\/uploads\/2023\/09\/movilidad-urbana-sustentable-flyr-2-1-240x300.jpg 240w, https:\/\/883radiociudad.gob.ar\/wp-content\/uploads\/2023\/09\/movilidad-urbana-sustentable-flyr-2-1-819x1024.jpg 819w, https:\/\/883radiociudad.gob.ar\/wp-content\/uploads\/2023\/09\/movilidad-urbana-sustentable-flyr-2-1-768x960.jpg 768w, https:\/\/883radiociudad.gob.ar\/wp-content\/uploads\/2023\/09\/movilidad-urbana-sustentable-flyr-2-1.jpg 1024w\" data-sizes=\"auto\" data-eio-rwidth=\"240\" data-eio-rheight=\"300\" \/><\/picture>\n<p><strong>GRAN BICICLETEADA<\/strong><\/p>\n<p>Desde las 17 horas est\u00e1 prevista la gran Bicicleteada Familiar con punto de salida desde plaza San Mart\u00edn. Poner en pr\u00e1ctica alternativas y estrategias para minimizar impactos ecol\u00f3gicos por medio de la movilidad sostenible, el hombre necesita urgentemente promover y fomentar el uso del mejor transporte ecol\u00f3gico como lo es la bicicleta.<\/p>\n<p>Fomentar el uso de la bicicleta por parte del hombre reduce la problem\u00e1tica ambiental de la contaminaci\u00f3n y el impacto que esta genera sobre el planeta.<\/p>\n<p>\u201cSi bien todav\u00eda no est\u00e1 definido el raid, seguramente va a ser por calle Corrientes, hasta Madariaga y retornamos por Bartolom\u00e9 Mitre. Todav\u00eda no lo tenemos definido, pero la idea es que asista toda la familia\u201d, finaliz\u00f3 Riveira.<\/p>\n","protected":false},"excerpt":{"rendered":"<p>Este fin de semana, la ciudad de Goya se suma a la campa\u00f1a y expo movilidad sustentable y bicicleteada que organiza la Direcci\u00f3n de Movilidad Urbana, a cargo de Agust\u00edn Riveira. En el marco de la semana mundial de la Movilidad Urbana Sustentable, la Municipalidad de Goya organiza actividades para el domingo 17 de septiembre [&hellip;]<\/p>\n","protected":false},"author":2,"featured_media":18864,"comment_status":"closed","ping_status":"closed","sticky":false,"template":"","format":"standard","meta":{"footnotes":""},"categories":[56],"tags":[],"class_list":{"0":"post-18863","1":"post","2":"type-post","3":"status-publish","4":"format-standard","5":"has-post-thumbnail","7":"category-locales"},"_links":{"self":[{"href":"https:\/\/radiobitacora.com.ar\/web\/wp-json\/wp\/v2\/posts\/18863","targetHints":{"allow":["GET"]}}],"collection":[{"href":"https:\/\/radiobitacora.com.ar\/web\/wp-json\/wp\/v2\/posts"}],"about":[{"href":"https:\/\/radiobitacora.com.ar\/web\/wp-json\/wp\/v2\/types\/post"}],"author":[{"embeddable":true,"href":"https:\/\/radiobitacora.com.ar\/web\/wp-json\/wp\/v2\/users\/2"}],"replies":[{"embeddable":true,"href":"https:\/\/radiobitacora.com.ar\/web\/wp-json\/wp\/v2\/comments?post=18863"}],"version-history":[{"count":0,"href":"https:\/\/radiobitacora.com.ar\/web\/wp-json\/wp\/v2\/posts\/18863\/revisions"}],"wp:featuredmedia":[{"embeddable":true,"href":"https:\/\/radiobitacora.com.ar\/web\/wp-json\/wp\/v2\/media\/18864"}],"wp:attachment":[{"href":"https:\/\/radiobitacora.com.ar\/web\/wp-json\/wp\/v2\/media?parent=18863"}],"wp:term":[{"taxonomy":"category","embeddable":true,"href":"https:\/\/radiobitacora.com.ar\/web\/wp-json\/wp\/v2\/categories?post=18863"},{"taxonomy":"post_tag","embeddable":true,"href":"https:\/\/radiobitacora.com.ar\/web\/wp-json\/wp\/v2\/tags?post=18863"}],"curies":[{"name":"wp","href":"https:\/\/api.w.org\/{rel}","templated":true}]}}