{"id":18869,"date":"2023-09-13T07:43:09","date_gmt":"2023-09-13T10:43:09","guid":{"rendered":"https:\/\/radiobitacora.com.ar\/web\/?p=18869"},"modified":"2023-09-13T07:43:09","modified_gmt":"2023-09-13T10:43:09","slug":"nuevo-sistema-de-estacionamiento-medido","status":"publish","type":"post","link":"https:\/\/radiobitacora.com.ar\/web\/2023\/09\/13\/nuevo-sistema-de-estacionamiento-medido\/","title":{"rendered":"Nuevo Sistema de Estacionamiento Medido"},"content":{"rendered":"<p class=\"rtejustify\">Mejor Servicio, M\u00e1s Beneficios: M\u00e1s Sencillo y \u00c1gil.<\/p>\n<p class=\"rtejustify\">El Sistema de Estacionamiento Medido (SEM) entr\u00f3 en vigencia este lunes 11 del corriente mes.<\/p>\n<p class=\"rtejustify\">La zona delimitada para el estacionamiento medido ser\u00e1 el mismo sector en los siguientes horarios: 8 a 12 y 16 a 20.<\/p>\n<p class=\"rtejustify\">PUNTOS DE VENTA FIJOS: San Mart\u00edn y Col\u00f3n; Mariano I. Loza y Jos\u00e9 G\u00f3mez; 25 de Mayo y Col\u00f3n; Mariano I. Loza y Col\u00f3n; Jos\u00e9 G\u00f3mez y Espa\u00f1a; Juan Esteban Mart\u00ednez y Belgrano; San Mart\u00edn y Belgrano; Ej\u00e9rcito Argentino y Col\u00f3n; Espa\u00f1a y Belgrano; Jos\u00e9 G\u00f3mez y Ej\u00e9rcito Argentino.<\/p>\n<p class=\"rtejustify\">\n<p class=\"rtejustify\"><strong>ADQUIRIENDO EN PUNTOS FIJOS<\/strong><\/p>\n<p class=\"rtejustify\">\n<p class=\"rtejustify\">Adquiriendo en puntos fijos (Tarjetero), estaciona su veh\u00edculo, se dirige al punto m\u00e1s cercano, efect\u00faa el pago en efectivo y solicita se le ingrese su patente a la Aplicaci\u00f3n y el tiempo de permanencia (es por hora).<\/p>\n<p class=\"rtejustify\">\n<p class=\"rtejustify\"><strong>DE INTER\u00c9S Y CONTACTO PARA EL AUTOMOVILISTA<\/strong><\/p>\n<p class=\"rtejustify\">\n<p class=\"rtejustify\">&#8211; Direcci\u00f3n del Centro de Atenci\u00f3n (Jos\u00e9 E. G\u00f3mez 997)<\/p>\n<p class=\"rtejustify\">&#8211; Tel\u00e9fono del Centro de Atenci\u00f3n (3777-470737)<\/p>\n<p class=\"rtejustify\">&#8211; Email del Centro de Atenci\u00f3n (<a href=\"mailto:sem@goya.gob.ar\" target=\"_blank\" rel=\"noopener\">sem@goya.gob.ar<\/a>)<\/p>\n","protected":false},"excerpt":{"rendered":"<p>Mejor Servicio, M\u00e1s Beneficios: M\u00e1s Sencillo y \u00c1gil. El Sistema de Estacionamiento Medido (SEM) entr\u00f3 en vigencia este lunes 11 del corriente mes. La zona delimitada para el estacionamiento medido ser\u00e1 el mismo sector en los siguientes horarios: 8 a 12 y 16 a 20. PUNTOS DE VENTA FIJOS: San Mart\u00edn y Col\u00f3n; Mariano I. [&hellip;]<\/p>\n","protected":false},"author":2,"featured_media":18870,"comment_status":"closed","ping_status":"closed","sticky":false,"template":"","format":"standard","meta":{"footnotes":""},"categories":[56],"tags":[],"class_list":{"0":"post-18869","1":"post","2":"type-post","3":"status-publish","4":"format-standard","5":"has-post-thumbnail","7":"category-locales"},"_links":{"self":[{"href":"https:\/\/radiobitacora.com.ar\/web\/wp-json\/wp\/v2\/posts\/18869","targetHints":{"allow":["GET"]}}],"collection":[{"href":"https:\/\/radiobitacora.com.ar\/web\/wp-json\/wp\/v2\/posts"}],"about":[{"href":"https:\/\/radiobitacora.com.ar\/web\/wp-json\/wp\/v2\/types\/post"}],"author":[{"embeddable":true,"href":"https:\/\/radiobitacora.com.ar\/web\/wp-json\/wp\/v2\/users\/2"}],"replies":[{"embeddable":true,"href":"https:\/\/radiobitacora.com.ar\/web\/wp-json\/wp\/v2\/comments?post=18869"}],"version-history":[{"count":0,"href":"https:\/\/radiobitacora.com.ar\/web\/wp-json\/wp\/v2\/posts\/18869\/revisions"}],"wp:featuredmedia":[{"embeddable":true,"href":"https:\/\/radiobitacora.com.ar\/web\/wp-json\/wp\/v2\/media\/18870"}],"wp:attachment":[{"href":"https:\/\/radiobitacora.com.ar\/web\/wp-json\/wp\/v2\/media?parent=18869"}],"wp:term":[{"taxonomy":"category","embeddable":true,"href":"https:\/\/radiobitacora.com.ar\/web\/wp-json\/wp\/v2\/categories?post=18869"},{"taxonomy":"post_tag","embeddable":true,"href":"https:\/\/radiobitacora.com.ar\/web\/wp-json\/wp\/v2\/tags?post=18869"}],"curies":[{"name":"wp","href":"https:\/\/api.w.org\/{rel}","templated":true}]}}