{"id":18872,"date":"2023-09-13T08:20:06","date_gmt":"2023-09-13T11:20:06","guid":{"rendered":"https:\/\/radiobitacora.com.ar\/web\/?p=18872"},"modified":"2023-09-13T08:20:06","modified_gmt":"2023-09-13T11:20:06","slug":"cambios-en-ganancias-haran-perder-a-corrientes-21-mil-millones-al-ano","status":"publish","type":"post","link":"https:\/\/radiobitacora.com.ar\/web\/2023\/09\/13\/cambios-en-ganancias-haran-perder-a-corrientes-21-mil-millones-al-ano\/","title":{"rendered":"Cambios en Ganancias har\u00e1n perder a Corrientes $21 mil millones al a\u00f1o"},"content":{"rendered":"<p>Los cambios en el cobro del impuesto a las ganancias representar\u00e1n una fuerte reducci\u00f3n en los aportes de coparticipaci\u00f3n federal a las provincias. Desde el Ministerio de Hacienda de Corrientes estimaron que, para el a\u00f1o que viene, habr\u00e1 una reducci\u00f3n de 21 mil millones de pesos de giros autom\u00e1ticos a nuestra provincia. Esa suma representa la n\u00f3mina de inversi\u00f3n salarial estatal de un mes.<\/p>\n<p>&nbsp;<\/p>\n<p>Al tratarse de una decisi\u00f3n unilateral del Ministerio de Econom\u00eda de la Naci\u00f3n, adelantaron que iniciar\u00e1n reclamos formales ante el Gobierno central y, si es necesario, recurrir\u00e1n a la Corte Suprema por tratarse de cambios en un impuesto coparticipable sin disponer acciones de compensaci\u00f3n ni consultar con las provincias.<\/p>\n<p>&nbsp;<\/p>\n<p>Desde Hacienda de Corrientes, afirmaron que &#8220;fue una decisi\u00f3n que no fue consultada con las provincias e impactar\u00e1 fuerte en las finanzas de todas las jurisdicciones&#8221;. Recordaron, entonces, que lo recaudado por la Naci\u00f3n por el impuesto a las ganancias se debe coparticipar en un 60% con las provincias.<\/p>\n<p>&nbsp;<\/p>\n<p>Al ser consultado por \u00e9poca, respecto de las eventuales acciones legales para defender los derechos de la provincia, el Ministro de Hacienda, Marcelo Rivas Piasentini, indic\u00f3 que &#8220;la Ley de Coparticipaci\u00f3n Federal es una Ley Convenio&#8221;, por lo que cualquier modificaci\u00f3n en sus condiciones debe ser consultada y contar con el aval de las provincias y sus instituciones para avanzar en acuerdos y, de esa forma, compatibilizar los intereses de todos los sectores.<\/p>\n<p>&nbsp;<\/p>\n<p>Indic\u00f3 que ya hay di\u00e1logo con el fiscal de Estado, Horacio Ortega, para hacer un planteo formal ante la Corte Suprema por el avasallamiento a la autonom\u00eda de las provincias, por la afectaci\u00f3n de recursos coparticipables, que necesitan un acuerdo de las jurisdicciones y tambi\u00e9n porque no se previeron herramientas de compensaci\u00f3n financiera.<\/p>\n<div class=\"center medium m_image\">\n<figure><picture><source srcset=\"https:\/\/www.diarioepoca.com\/content\/bucket\/3\/1319603w380h178c.jpg.webp\" type=\"image\/webp\" media=\"(min-width: 640px)\" \/><source srcset=\"https:\/\/www.diarioepoca.com\/content\/bucket\/3\/1319603w440h206c.jpg.webp\" type=\"image\/webp\" media=\"(min-width: 300px)\" \/><source srcset=\"https:\/\/www.diarioepoca.com\/content\/bucket\/3\/1319603w380h178c.jpg\" media=\"(min-width: 300px)\" \/><img loading=\"lazy\" decoding=\"async\" class=\"pic\" src=\"https:\/\/www.diarioepoca.com\/content\/bucket\/3\/1319603w380h178c.jpg.webp\" alt=\"\" width=\"380\" height=\"178\" \/><\/picture><\/figure>\n<\/div>\n<p>&nbsp;<\/p>\n<p>En ese punto, Rivas Piasentini dijo que &#8220;esta quita para el a\u00f1o que viene se sumar\u00e1 a la discriminaci\u00f3n que sufre la provincia en materia de fondos de manejo discrecional por parte de la administraci\u00f3n federal&#8221;.<\/p>\n<p>&nbsp;<\/p>\n<p>Destac\u00f3 que algunos programas que antiguamente ten\u00edan financiamiento nacional dejaron de recibirse y, en cuanto a los Aportes del Tesoro Nacional (ATN), &#8220;vemos que algunas provincias tienen asistencia permanente y otras, como nosotros, no&#8221;.<\/p>\n<p>&nbsp;<\/p>\n<p>Vale resaltar que los fondos de los ATN se constituyen con el 2% de la masa coparticipable, y que es administrado por el Gobierno nacional, y fueron pensados para asistir a las provincias en caso de emergencias, cat\u00e1strofes o bien se puede resolver su uso para otros fines con acuerdos formales entre el Estado Federal y las jurisdicciones del interior.<\/p>\n<p>&nbsp;<\/p>\n<p>Rivas Piasentini explico que los ATN son fondos de las provincias para asistirlas en caso de emergencia y hay administraciones afines al Gobierno nacional que reciben para financiar gastos corrientes, como el caso de la provincia de Buenos Aires.<\/p>\n<p>&nbsp;<\/p>\n<p>Desde la cartera de Hacienda tambi\u00e9n hicieron notar que a las provincias, Corrientes no es la excepci\u00f3n, los recursos coparticipables crecen por debajo de la inflaci\u00f3n.<\/p>\n<p>&nbsp;<\/p>\n<p>&#8220;Nosotros no tenemos asistencia de recursos discrecionales y eso sumado a la futura quita de fondos coparticipables por ganancias se convierte en un combo explosivo, desde el punto de vista de la discriminaci\u00f3n que padecemos por ser una gesti\u00f3n de otro signo pol\u00edtico&#8221;, se\u00f1al\u00f3 el Ministro.<\/p>\n<p>&nbsp;<\/p>\n<p>Tambi\u00e9n hizo notar que en los presupuestos nacionales &#8220;Corrientes no tuvo inversi\u00f3n significativa en obra p\u00fablica para infraestructura, como s\u00ed se ve en provincias vecinas y otras jurisdicciones en las que administra el kirchnerismo&#8221;.<\/p>\n<p>&nbsp;<\/p>\n<p>&#8220;Si tenemos obras p\u00fablicas nacionales, est\u00e1n paralizadas&#8221;, indic\u00f3 al poner como ejemplo los trabajos de la Autov\u00eda &#8220;Traves\u00eda Urbana&#8221; en los accesos a la ciudad de Corrientes que, en su opini\u00f3n, &#8220;en vez de generar soluciones crearon muchos problemas&#8221;.<\/p>\n<p>&nbsp;<\/p>\n<p>En cuanto a la cuesti\u00f3n salarial y el impacto que puede tener en el bolsillo de los trabajadores correntinos, expres\u00f3 que &#8220;no lo va a notar quien tenga un ingreso medio&#8221;, aunque admiti\u00f3 que est\u00e1 dirigido a sectores puntuales de las empresas del sector privado.<\/p>\n<div class=\"center medium m_image\">\n<figure><picture><source srcset=\"https:\/\/www.diarioepoca.com\/content\/bucket\/4\/1319604w380h178c.jpg.webp\" type=\"image\/webp\" media=\"(min-width: 640px)\" \/><source srcset=\"https:\/\/www.diarioepoca.com\/content\/bucket\/4\/1319604w440h206c.jpg.webp\" type=\"image\/webp\" media=\"(min-width: 300px)\" \/><source srcset=\"https:\/\/www.diarioepoca.com\/content\/bucket\/4\/1319604w380h178c.jpg\" media=\"(min-width: 300px)\" \/><img loading=\"lazy\" decoding=\"async\" class=\"pic\" src=\"https:\/\/www.diarioepoca.com\/content\/bucket\/4\/1319604w380h178c.jpg.webp\" alt=\"\" width=\"380\" height=\"178\" \/><\/picture><\/figure>\n<\/div>\n<p>&nbsp;<\/p>\n<p>Agreg\u00f3 que el problema de los trabajadores es la escalada inflacionaria y el Gobierno nacional nada hace para solucionar ese factor de empobrecimiento de los argentinos.<\/p>\n<p>&nbsp;<\/p>\n<h2>Salarios<\/h2>\n<p>&nbsp;<\/p>\n<p>Si bien el ministro de Hacienda de la Provincia, Marcelo Rivas Piasentini, se\u00f1al\u00f3 a \u00e9poca que el recorte previsto para Corrientes, por la modificaci\u00f3n en el piso del Impuesto a las Ganancias, es el equivalente a una n\u00f3mina de haberes de la totalidad de trabajadores y jubilados estatales, apunt\u00f3 que no habr\u00eda modificaciones en la pol\u00edtica salarial, tras las instrucciones precisas impartidas por el gobernador Gustavo Vald\u00e9s.<\/p>\n<p>&nbsp;<\/p>\n<h2>Aumento de 12% para los judiciales<\/h2>\n<div class=\"center medium m_image\">\n<figure><picture><source srcset=\"https:\/\/www.diarioepoca.com\/content\/bucket\/1\/1319661w380h318c.jpg.webp\" type=\"image\/webp\" media=\"(min-width: 640px)\" \/><source srcset=\"https:\/\/www.diarioepoca.com\/content\/bucket\/1\/1319661w440h369c.jpg.webp\" type=\"image\/webp\" media=\"(min-width: 300px)\" \/><source srcset=\"https:\/\/www.diarioepoca.com\/content\/bucket\/1\/1319661w380h318c.jpg\" media=\"(min-width: 300px)\" \/><img loading=\"lazy\" decoding=\"async\" class=\"pic\" src=\"https:\/\/www.diarioepoca.com\/content\/bucket\/1\/1319661w380h318c.jpg.webp\" alt=\"\" width=\"380\" height=\"318\" \/><\/picture><\/figure>\n<\/div>\n<p>&nbsp;<\/p>\n<p>El Superior Tribunal de Justicia (STJ) de la provincia de Corrientes dispuso un 12% de aumento salarial para todo los escalafones del Poder Judicial. La medida fue aprobada por Acuerdo Extraordinario N\u00b07\/23 celebrado ayer y se aplicar\u00e1 a partir del 1 de septiembre.<\/p>\n<p>&nbsp;<\/p>\n<p>&#8220;El aumento alcanza a toda la planta administrativa, personal t\u00e9cnico-profesional de maestranza y servicios, y magistrados y funcionarios&#8221;, explicaron en la medida y destacaron que se trata de una ratificaci\u00f3n de la decisi\u00f3n de acompa\u00f1ar la inflaci\u00f3n y evitar mayores p\u00e9rdidas de poder adquisitivo.<\/p>\n<p>&nbsp;<\/p>\n<p>Del Acuerdo Extraordinario participaron el presidente del STJ Luis Eduardo Rey V\u00e1zquez y los ministros Fernando Augusto Niz, Guillermo Horacio Semhan y Alejandro Alberto Cha\u00edn, el fiscal general C\u00e9sar Pedro Sotelo, asistidos por el secretario administrativo Guillermo Casaro Lodoli.<\/p>\n<p>&nbsp;<\/p>\n<p>Desde el Sindicato de Trabajadores Judiciales de la provincia consideraron a la medida &#8220;apenas un paliativo, lejos del porcentaje necesario para afrontar devaluaci\u00f3n e inflaci\u00f3n, lo que nos obliga a seguir insistiendo en una recomposici\u00f3n que proteja los ingresos y evite m\u00e1s p\u00e9rdidas de poder adquisitivo&#8221;.<\/p>\n<p>&nbsp;<\/p>\n<p>&#8220;Seguimos firmes y juntos, con SITRAJ a la cabeza, defendiendo el leg\u00edtimo derecho al salario digno&#8221;, indicaron desde el gremio.<\/p>\n<p>&nbsp;<\/p>\n<p>Vale consignar que la dirigencia del SITRAJ fue recibida el lunes por el presidente del STJ, Luis Rey V\u00e1zquez quien les anticip\u00f3 que ayer el cuerpo de conducci\u00f3n del Poder Judicial analizar\u00eda la recomposici\u00f3n salarial, que aprob\u00f3 por Acuerdo Extraordinario.<\/p>\n","protected":false},"excerpt":{"rendered":"<p>Los cambios en el cobro del impuesto a las ganancias representar\u00e1n una fuerte reducci\u00f3n en los aportes de coparticipaci\u00f3n federal a las provincias. Desde el Ministerio de Hacienda de Corrientes estimaron que, para el a\u00f1o que viene, habr\u00e1 una reducci\u00f3n de 21 mil millones de pesos de giros autom\u00e1ticos a nuestra provincia. Esa suma representa [&hellip;]<\/p>\n","protected":false},"author":2,"featured_media":18874,"comment_status":"closed","ping_status":"closed","sticky":false,"template":"","format":"standard","meta":{"footnotes":""},"categories":[79,1],"tags":[],"class_list":{"0":"post-18872","1":"post","2":"type-post","3":"status-publish","4":"format-standard","5":"has-post-thumbnail","7":"category-politica","8":"category-sin-categoria"},"_links":{"self":[{"href":"https:\/\/radiobitacora.com.ar\/web\/wp-json\/wp\/v2\/posts\/18872","targetHints":{"allow":["GET"]}}],"collection":[{"href":"https:\/\/radiobitacora.com.ar\/web\/wp-json\/wp\/v2\/posts"}],"about":[{"href":"https:\/\/radiobitacora.com.ar\/web\/wp-json\/wp\/v2\/types\/post"}],"author":[{"embeddable":true,"href":"https:\/\/radiobitacora.com.ar\/web\/wp-json\/wp\/v2\/users\/2"}],"replies":[{"embeddable":true,"href":"https:\/\/radiobitacora.com.ar\/web\/wp-json\/wp\/v2\/comments?post=18872"}],"version-history":[{"count":0,"href":"https:\/\/radiobitacora.com.ar\/web\/wp-json\/wp\/v2\/posts\/18872\/revisions"}],"wp:featuredmedia":[{"embeddable":true,"href":"https:\/\/radiobitacora.com.ar\/web\/wp-json\/wp\/v2\/media\/18874"}],"wp:attachment":[{"href":"https:\/\/radiobitacora.com.ar\/web\/wp-json\/wp\/v2\/media?parent=18872"}],"wp:term":[{"taxonomy":"category","embeddable":true,"href":"https:\/\/radiobitacora.com.ar\/web\/wp-json\/wp\/v2\/categories?post=18872"},{"taxonomy":"post_tag","embeddable":true,"href":"https:\/\/radiobitacora.com.ar\/web\/wp-json\/wp\/v2\/tags?post=18872"}],"curies":[{"name":"wp","href":"https:\/\/api.w.org\/{rel}","templated":true}]}}