{"id":18894,"date":"2023-09-13T08:56:51","date_gmt":"2023-09-13T11:56:51","guid":{"rendered":"https:\/\/radiobitacora.com.ar\/web\/?p=18894"},"modified":"2023-09-13T08:56:51","modified_gmt":"2023-09-13T11:56:51","slug":"el-oportunismo-en-la-campana-marca-contradicciones-y-expone-calculos-personales-inflacion-impuestos-y-dolarizacion","status":"publish","type":"post","link":"https:\/\/radiobitacora.com.ar\/web\/2023\/09\/13\/el-oportunismo-en-la-campana-marca-contradicciones-y-expone-calculos-personales-inflacion-impuestos-y-dolarizacion\/","title":{"rendered":"El oportunismo en la campa\u00f1a marca contradicciones y expone c\u00e1lculos personales: inflaci\u00f3n, impuestos y dolarizaci\u00f3n"},"content":{"rendered":"<p class=\"paragraph\" data-mrf-recirculation=\"Links inline\"><b>Alberto Fern\u00e1ndez<\/b>\u00a0matiza esta especie de transici\u00f3n personal con declaraciones no necesariamente a tono con las prioridades de la campa\u00f1a oficialista. Las \u00faltimas, despu\u00e9s de su participaci\u00f3n en el escenario internacional que ofrece el G20, asomaron directamente a contrapierna de la estrategia: de manera intempestiva, coloc\u00f3 la\u00a0<b>inflaci\u00f3n<\/b>\u00a0como tema de debate, con\u00a0<b>explicaciones ins\u00f3litas<\/b>\u00a0y en la antesala del informe del INDEC sobre el IPC de agosto, que se espera para hoy como\u00a0<b>dato alarmante<\/b>. No es, con todo, un caso original en el camino a octubre, que expone\u00a0<b>c\u00e1lculos personales y contradicciones en formato electoral<\/b>.<\/p>\n<p class=\"paragraph\" data-mrf-recirculation=\"Links inline\">En rigor, la campa\u00f1a de Uni\u00f3n por la Patria\u00a0<b>no demanda precisamente aportes de Olivos<\/b>\u00a0y, al rev\u00e9s, expone inquietud sobre el\u00a0<b>silencio<\/b>\u00a0que viene manteniendo\u00a0<b>Cristina Fern\u00e1ndez de Kirchner<\/b>. Como candidato y ministro,\u00a0<b>Sergio Massa<\/b>\u00a0se mueve en una sucesi\u00f3n de anuncios\u00a0<b>diversos y de muy diferente magnitud<\/b>\u00a0-el \u00faltimo, referido a Ganancias-, mientras busca sumar fotos para mostrar\u00a0<b>rearmado dom\u00e9stico<\/b>.<\/p>\n<p class=\"paragraph\" data-mrf-recirculation=\"Links inline\">Massa enhebr\u00f3 el encuentro del fin de semana junto a\u00a0<b>gobernadores<\/b>\u00a0con el acto m\u00f3dico de\u00a0<b>los jefes de la CGT<\/b>, por la suba de la base imponible correspondiente a Ganancias. La idea que se transmite es exhibir respaldo interno. M\u00e1s dif\u00edcil es saber cu\u00e1nto aportar\u00eda a ganar alguna franja de votos\u00a0<b>por encima del n\u00facleo propio<\/b>. En la misma l\u00ednea, tiene agendados actos con\u00a0<b>los movimientos sociales oficialistas y con intendentes del GBA<\/b>.<\/p>\n<p class=\"paragraph\" data-mrf-recirculation=\"Links inline\">El tema de la modificaci\u00f3n del impuesto a las Ganancias a\u00f1ade, fuera de ese circuito, el\u00a0<b>intento de instalar un rubro propio en la agenda de campa\u00f1a<\/b>. Y, m\u00e1s all\u00e1 de los ruidos iniciales, plantea, aunque no haya debate serio, cuestiones de fondo,\u00a0<b>una de ellas conceptual<\/b>: afecta el impuesto m\u00e1s\u00a0<b>progresivo<\/b>\u00a0y, para compensar fondos, podr\u00eda recurrir a cargas\u00a0<b>regresivas<\/b>, como un peque\u00f1o incremento de alg\u00fan gravamen con impacto directo en el consumo.<\/p>\n<p class=\"paragraph\" data-mrf-recirculation=\"Links inline\">Con silencio de gobernadores, pero con se\u00f1ales menos visibles de demanda de alguna contrapartida, la decisi\u00f3n de resignar ingresos\u00a0<b>toca en este caso de manera especial a las provincias<\/b>. En estas horas, se repite que el\u00a0<b>61%<\/b>\u00a0de la recaudaci\u00f3n por Ganancias es destinado a los distritos por coparticipaci\u00f3n. El cordob\u00e9s\u00a0<b>Juan Schiaretti<\/b>\u00a0le apunt\u00f3 de manera directa: dijo que se trata de\u00a0<b>un anuncio \u201celectoralista\u201d con fondos de las provincias<\/b>. El punto es\u00a0<b>c\u00f3mo se compensar\u00eda<\/b>: \u00bfmayor carga de otros impuestos o mayor emisi\u00f3n para cubrir el bache?<\/p>\n<p class=\"paragraph\" data-mrf-recirculation=\"Links inline\">Eso, y tal vez el uso de\u00a0<b>fondos discrecionales<\/b>\u00a0para compensar a gobernadores, es el planteo que empezaron a perfilar espacios de la oposici\u00f3n a la espera del anunciado env\u00edo de un proyecto de ley para sellar el anuncio oficial. Es un tema que\u00a0<b>complic\u00f3 a JxC<\/b>\u00a0por la reacci\u00f3n inicial, una especie de\u00a0<b>desaf\u00edo<\/b>\u00a0al candidato para que act\u00fae ya en su condici\u00f3n de ministro y remita la iniciativa. En rigor, como todos, plantean\u00a0<b>una reducci\u00f3n de la carga tributaria<\/b>\u00a0y ese ser\u00e1 el eje del reclamo oficialista para exponerlos frente al rechazo. Pero se ha dicho: en este caso, entra en juego\u00a0<b>una cuesti\u00f3n conceptual<\/b>\u00a0y la consideraci\u00f3n como\u00a0<b>un hecho aislado de campa\u00f1a<\/b>, en los umbrales de la fecha m\u00e1xima para presentar el Presupuesto.<\/p>\n<div class=\"visual__image\"><img loading=\"lazy\" decoding=\"async\" class=\" lazyload\" src=\"https:\/\/www.infobae.com\/new-resizer\/oSTH-_HzIHMjs796ehhhvZL7Pso=\/arc-anglerfish-arc2-prod-infobae\/public\/YN7BMPAKQNECRFUMU4KM5PKNRE.jpg\" sizes=\"auto, (min-width: 800px) 50vw, 90vw\" srcset=\"https:\/\/www.infobae.com\/new-resizer\/D_WpV5gxYASmgCEqdkkcglUHGnM=\/420x236\/filters:format(webp):quality(85)\/cloudfront-us-east-1.images.arcpublishing.com\/infobae\/YN7BMPAKQNECRFUMU4KM5PKNRE.jpg 420w,https:\/\/www.infobae.com\/new-resizer\/LPEKTZWBIt80FGP-zp89s3k8K2Q=\/768x432\/filters:format(webp):quality(85)\/cloudfront-us-east-1.images.arcpublishing.com\/infobae\/YN7BMPAKQNECRFUMU4KM5PKNRE.jpg 768w,https:\/\/www.infobae.com\/new-resizer\/673vnuF1Uc6r7J5LFFRcYk72L0c=\/992x558\/filters:format(webp):quality(85)\/cloudfront-us-east-1.images.arcpublishing.com\/infobae\/YN7BMPAKQNECRFUMU4KM5PKNRE.jpg 992w,https:\/\/www.infobae.com\/new-resizer\/298Ic8Ywr64jTXn1ymVI3XcnoYk=\/1200x675\/filters:format(webp):quality(85)\/cloudfront-us-east-1.images.arcpublishing.com\/infobae\/YN7BMPAKQNECRFUMU4KM5PKNRE.jpg 1200w,https:\/\/www.infobae.com\/new-resizer\/_QYtXncHvK5CFDF3x9zdgVn8vjM=\/1440x810\/filters:format(webp):quality(85)\/cloudfront-us-east-1.images.arcpublishing.com\/infobae\/YN7BMPAKQNECRFUMU4KM5PKNRE.jpg 1440w\" alt=\"Reuni\u00f3n en Diputados: fue una de las \u00fanicas del a\u00f1o, por la ley de alquileres. Se espera Ganancias\" width=\"1920\" height=\"1080\" data-src=\"https:\/\/www.infobae.com\/new-resizer\/oSTH-_HzIHMjs796ehhhvZL7Pso=\/arc-anglerfish-arc2-prod-infobae\/public\/YN7BMPAKQNECRFUMU4KM5PKNRE.jpg\" \/>Reuni\u00f3n en Diputados: fue una de las \u00fanicas del a\u00f1o, por la ley de alquileres. Se espera Ganancias<\/div>\n<p class=\"paragraph\" data-mrf-recirculation=\"Links inline\"><b>Javier Milei<\/b>\u00a0sali\u00f3 a plantarse en este juego con\u00a0<b>un pedido por escrito<\/b>\u00a0al Gobierno para que\u00a0<b>suspenda el env\u00edo del proyecto de Presupuesto 2024<\/b>\u00a0hasta despu\u00e9s de las elecciones de octubre. Fue una manera de\u00a0<b>mostrarse como principal aspirante a la Presidencia<\/b>, en la corriente que arm\u00f3 el resultado de las primarias. Gener\u00f3\u00a0<b>cuestionamientos y suspicacias<\/b>\u00a0en JxC. Suponen un \u201cfavor\u201d a Massa, en el marco de la campa\u00f1a. Expresi\u00f3n, tambi\u00e9n, del impacto de la carrera electoral en el Congreso.<\/p>\n<p class=\"paragraph\" data-mrf-recirculation=\"Links inline\">El l\u00edder libertario\u00a0<b>volvi\u00f3 a mostrarse en la provincia de Buenos Aires<\/b>, luego de su breve viaje a Estados Unidos. Casi en paralelo, dos integrantes de su equipo econ\u00f3mico,\u00a0<b>Dar\u00edo Epestein<\/b>\u00a0y\u00a0<b>Juan N\u00e1poli<\/b>, hab\u00edan viajado a Nueva York para mantener un encuentro con banqueros e inversionistas. La reuni\u00f3n fue extensa aunque no habr\u00edan cosechado se\u00f1ales muy positivas, seg\u00fan se dej\u00f3 trascender en medio econ\u00f3micos.<\/p>\n<p class=\"paragraph\" data-mrf-recirculation=\"Links inline\">Desde el c\u00edrculo de Milei se vienen dando\u00a0<b>explicaciones variadas<\/b>\u00a0sobre\u00a0<b>los tiempos de una dolarizaci\u00f3n y los alcances reales de los planes sobre el futuro del Banco Central<\/b>. El candidato retom\u00f3 la campa\u00f1a, con una recorrida por La Plata, y all\u00ed busc\u00f3 dar un mensaje esperable: que su posici\u00f3n\u00a0<b>no est\u00e1 siendo acotada<\/b>\u00a0camino a las elecciones y, sobre todo, que no lo ser\u00eda si fuera consagrado en las urnas. Se mostr\u00f3 con la imagen de\u00a0<b>un d\u00f3lar gigante<\/b>, con su rostro, y blandi\u00f3 la copia de\u00a0<b>una motosierra<\/b>.<\/p>\n<p class=\"paragraph\" data-mrf-recirculation=\"Links inline\">Sin embargo, unos d\u00edas antes, al contestar con enojo la declaraci\u00f3n cr\u00edtica de unos 170 economistas, volvi\u00f3 sobre un punto que\u00a0<b>trasciende la cita de autoridad para la discusi\u00f3n acad\u00e9mica<\/b>. Dijo que representa un gesto de \u201cdeshonestidad\u201d intelectual cuestionarlo hablando de dolarizaci\u00f3n \u201ccuando es\u00a0<b>competencia de moneda<\/b>\u201d. Ese concepto supondr\u00eda, trasladado a la pr\u00e1ctica, un\u00a0<b>ajuste severo<\/b>\u00a0y una posterior etapa de\u00a0<b>convivencia de monedas<\/b>\u00a0-en los dos casos, sin definici\u00f3n de tiempos- para imponer luego\u00a0<b>la dolarizaci\u00f3n absoluta<\/b>. Eso \u00faltimo, significar\u00eda el final del Banco Central y la renuncia a una pol\u00edtica monetaria propia.<\/p>\n<p class=\"paragraph\" data-mrf-recirculation=\"Links inline\">No se trata de una discusi\u00f3n abstracta, aunque suene as\u00ed. Por supuesto, en campa\u00f1a, convive con la ilusi\u00f3n de\u00a0<b>soluci\u00f3n veloz y dr\u00e1stica que proyecta la motosierra<\/b>. JxC sali\u00f3 a dar pelea en ese terreno sobre todo a partir de la incorporaci\u00f3n de\u00a0<b>Carlos Melconian<\/b>. Y el oficialismo empieza a incluir se\u00f1alamientos de\u00a0<b>\u201cerrores\u201d y \u201cdisculpas\u201d<\/b>\u00a0porque advierte que juega en contra la negaci\u00f3n absoluta de responsabilidades en la crisis.<\/p>\n<p class=\"paragraph\" data-mrf-recirculation=\"Links inline\">A contramano de ese\u00a0<b>elemental recurso de campa\u00f1a<\/b>\u00a0-repetido en general por los oficialismos- operan las declaraciones de Alberto Fern\u00e1ndez tratando de explicar que la inflaci\u00f3n es\u00a0<b>un problema m\u00e1s grave en el mundo que en la Argentina.<\/b>\u00a0No es lo que exponen los datos. Alcanza con\u00a0<b>mirar la regi\u00f3n<\/b>, en n\u00fameros parciales y por su evoluci\u00f3n: en agosto, la medici\u00f3n anual de Brasil registr\u00f3\u00a0<b>4,6%<\/b>, la de Uruguay fue\u00a0<b>4,11<\/b>, la de Paraguay\u00a0<b>2,9<\/b>\u00a0y la de Chile\u00a0<b>5,3<\/b>. Este mi\u00e9rcoles, el INDEC difundir\u00e1 el IPC de agosto, que superar\u00eda los\u00a0<b>10 puntos porcentuales.\u00a0<\/b>En<b>\u00a0<\/b>un mes, con proyecci\u00f3n anual por encima del c\u00e1lculo presidencial.<\/p>\n","protected":false},"excerpt":{"rendered":"<p>Alberto Fern\u00e1ndez\u00a0matiza esta especie de transici\u00f3n personal con declaraciones no necesariamente a tono con las prioridades de la campa\u00f1a oficialista. Las \u00faltimas, despu\u00e9s de su participaci\u00f3n en el escenario internacional que ofrece el G20, asomaron directamente a contrapierna de la estrategia: de manera intempestiva, coloc\u00f3 la\u00a0inflaci\u00f3n\u00a0como tema de debate, con\u00a0explicaciones ins\u00f3litas\u00a0y en la antesala del [&hellip;]<\/p>\n","protected":false},"author":2,"featured_media":18895,"comment_status":"closed","ping_status":"closed","sticky":false,"template":"","format":"standard","meta":{"footnotes":""},"categories":[79],"tags":[],"class_list":{"0":"post-18894","1":"post","2":"type-post","3":"status-publish","4":"format-standard","5":"has-post-thumbnail","7":"category-politica"},"_links":{"self":[{"href":"https:\/\/radiobitacora.com.ar\/web\/wp-json\/wp\/v2\/posts\/18894","targetHints":{"allow":["GET"]}}],"collection":[{"href":"https:\/\/radiobitacora.com.ar\/web\/wp-json\/wp\/v2\/posts"}],"about":[{"href":"https:\/\/radiobitacora.com.ar\/web\/wp-json\/wp\/v2\/types\/post"}],"author":[{"embeddable":true,"href":"https:\/\/radiobitacora.com.ar\/web\/wp-json\/wp\/v2\/users\/2"}],"replies":[{"embeddable":true,"href":"https:\/\/radiobitacora.com.ar\/web\/wp-json\/wp\/v2\/comments?post=18894"}],"version-history":[{"count":0,"href":"https:\/\/radiobitacora.com.ar\/web\/wp-json\/wp\/v2\/posts\/18894\/revisions"}],"wp:featuredmedia":[{"embeddable":true,"href":"https:\/\/radiobitacora.com.ar\/web\/wp-json\/wp\/v2\/media\/18895"}],"wp:attachment":[{"href":"https:\/\/radiobitacora.com.ar\/web\/wp-json\/wp\/v2\/media?parent=18894"}],"wp:term":[{"taxonomy":"category","embeddable":true,"href":"https:\/\/radiobitacora.com.ar\/web\/wp-json\/wp\/v2\/categories?post=18894"},{"taxonomy":"post_tag","embeddable":true,"href":"https:\/\/radiobitacora.com.ar\/web\/wp-json\/wp\/v2\/tags?post=18894"}],"curies":[{"name":"wp","href":"https:\/\/api.w.org\/{rel}","templated":true}]}}