{"id":18909,"date":"2023-09-14T07:49:17","date_gmt":"2023-09-14T10:49:17","guid":{"rendered":"https:\/\/radiobitacora.com.ar\/web\/?p=18909"},"modified":"2023-09-14T07:49:17","modified_gmt":"2023-09-14T10:49:17","slug":"estudiantina-deportiva-vuelve-al-ex-predio-de-massalin","status":"publish","type":"post","link":"https:\/\/radiobitacora.com.ar\/web\/2023\/09\/14\/estudiantina-deportiva-vuelve-al-ex-predio-de-massalin\/","title":{"rendered":"ESTUDIANTINA DEPORTIVA VUELVE AL EX PREDIO DE MASSALIN"},"content":{"rendered":"<h3><strong>El Director de Deportes Alejandro Lago anticip\u00f3 sobre las actividades deportivas a desarrollarse en el marco de la Estudiantina 2023, en el predio de la Fundaci\u00f3n Campo de Deportes y Turismo Goya (Ex Campo de Deportes Massalin Particulares).<\/strong><\/h3>\n<p>Al reunir todas las condiciones, se volver\u00e1n a desarrollar todas las disciplinas de los juegos en el tradicional predio que re\u00fane a los estudiantes de ciudad y campo de la ciudad en torno a los festejos por el d\u00eda del estudiante.<\/p>\n<p><strong>OBSERVACI\u00d3N DE LA FUNDACI\u00d3N Y FIXTURE<\/strong><\/p>\n<p>El funcionario coment\u00f3: \u201cDurante el fin de semana junto a los centros de estudiantes hemos observado el lugar, confeccionamos el fixture con todos los establecimientos que formar\u00e1n parte, y el lunes se har\u00e1 el anuncio en Conferencia de Prensa\u201d.<\/p>\n<p>\u201cLa Estudiantina dar\u00e1 comienzo el pr\u00f3ximo jueves con la recorrida de la antorcha y concluir\u00e1 el domingo con la elecci\u00f3n de la reina\u201d.<\/p>\n<p>\u201cUna tarea en equipo con todas las \u00e1reas municipales, los estudiantes, los rectores, me parece que en toda la provincia, Goya es la \u00fanica que adopta esta modalidad de trabajo\u201d.<\/p>\n<p><strong>PREPARACI\u00d3N PARA LOS DEPORTES<\/strong><\/p>\n<p>Lago, indic\u00f3: \u201cNosotros venimos prepar\u00e1ndonos a trav\u00e9s de los Juegos de la Ciudad, de los Juegos Correntinos, sum\u00e1ndose los juegos internos en cada colegio para representar en la estudiantina. Una vez seleccionados se hace la presentaci\u00f3n de las planillas, con los clasificados en cada disciplina. Esto facilita la elaboraci\u00f3n del fixture correspondiente\u201d.<\/p>\n<p>Para a\u00f1adir: \u201cVenimos trabajando en equipo con las instituciones, con el Gobierno de la Provincia, apuntamos a que el deporte social crezca, se ampl\u00ede. Al ver las proyecciones en este sentido, nos sentimos contentos con lo realizado\u201d.<\/p>\n<p>En otro tramo destac\u00f3 que el deporte favorece el turismo y es un espacio de contenci\u00f3n para todos los sectores y franjas etarias.<\/p>\n<p><strong>DEPORTISTAS DESTACADOS<\/strong><\/p>\n<p>El Director de Deportes sostuvo: \u201cGrandes referentes deportivos, jugando en distintos lugares, un caso es el de German G\u00f3mez, integrante de la selecci\u00f3n argentina juvenil de voleibol; otro es Oliver Mochi, que se encuentra estudiando en Buenos Aires, hoy practicando en b\u00e1squetbol 3\u00d73 y que nos representa a nivel pa\u00eds, expandiendo su juego fuera del pa\u00eds, y convirti\u00e9ndose en un reflejo, una influencia para los otros j\u00f3venes de c\u00f3mo se puede llegar a otros niveles deportivos\u201d.<\/p>\n<p><strong>REGIONAL DE HOCKEY EN GOYA<\/strong><\/p>\n<p>Finalmente el funcionario se\u00f1al\u00f3: \u201cEn el Regional de Hockey que se realizar\u00e1 en Goya participar\u00e1n equipos de Misiones, Entre R\u00edos. Los campeones y subcampeones de estas ligas sociales del mencionado deporte jugar\u00e1n la copa regional en nuestra ciudad\u201d.<\/p>\n","protected":false},"excerpt":{"rendered":"<p>El Director de Deportes Alejandro Lago anticip\u00f3 sobre las actividades deportivas a desarrollarse en el marco de la Estudiantina 2023, en el predio de la Fundaci\u00f3n Campo de Deportes y Turismo Goya (Ex Campo de Deportes Massalin Particulares). Al reunir todas las condiciones, se volver\u00e1n a desarrollar todas las disciplinas de los juegos en el [&hellip;]<\/p>\n","protected":false},"author":2,"featured_media":18910,"comment_status":"closed","ping_status":"closed","sticky":false,"template":"","format":"standard","meta":{"footnotes":""},"categories":[56],"tags":[],"class_list":{"0":"post-18909","1":"post","2":"type-post","3":"status-publish","4":"format-standard","5":"has-post-thumbnail","7":"category-locales"},"_links":{"self":[{"href":"https:\/\/radiobitacora.com.ar\/web\/wp-json\/wp\/v2\/posts\/18909","targetHints":{"allow":["GET"]}}],"collection":[{"href":"https:\/\/radiobitacora.com.ar\/web\/wp-json\/wp\/v2\/posts"}],"about":[{"href":"https:\/\/radiobitacora.com.ar\/web\/wp-json\/wp\/v2\/types\/post"}],"author":[{"embeddable":true,"href":"https:\/\/radiobitacora.com.ar\/web\/wp-json\/wp\/v2\/users\/2"}],"replies":[{"embeddable":true,"href":"https:\/\/radiobitacora.com.ar\/web\/wp-json\/wp\/v2\/comments?post=18909"}],"version-history":[{"count":0,"href":"https:\/\/radiobitacora.com.ar\/web\/wp-json\/wp\/v2\/posts\/18909\/revisions"}],"wp:featuredmedia":[{"embeddable":true,"href":"https:\/\/radiobitacora.com.ar\/web\/wp-json\/wp\/v2\/media\/18910"}],"wp:attachment":[{"href":"https:\/\/radiobitacora.com.ar\/web\/wp-json\/wp\/v2\/media?parent=18909"}],"wp:term":[{"taxonomy":"category","embeddable":true,"href":"https:\/\/radiobitacora.com.ar\/web\/wp-json\/wp\/v2\/categories?post=18909"},{"taxonomy":"post_tag","embeddable":true,"href":"https:\/\/radiobitacora.com.ar\/web\/wp-json\/wp\/v2\/tags?post=18909"}],"curies":[{"name":"wp","href":"https:\/\/api.w.org\/{rel}","templated":true}]}}