{"id":18921,"date":"2023-09-14T08:07:07","date_gmt":"2023-09-14T11:07:07","guid":{"rendered":"https:\/\/radiobitacora.com.ar\/web\/?p=18921"},"modified":"2023-09-14T08:07:07","modified_gmt":"2023-09-14T11:07:07","slug":"macri-si-peron-resucitase-diria-que-su-partido-es-juntos-por-el-cambio","status":"publish","type":"post","link":"https:\/\/radiobitacora.com.ar\/web\/2023\/09\/14\/macri-si-peron-resucitase-diria-que-su-partido-es-juntos-por-el-cambio\/","title":{"rendered":"Macri: &#8220;Si Per\u00f3n resucitase, dir\u00eda que su partido es Juntos por el Cambio&#8221;"},"content":{"rendered":"<p>Mauricio Macri dijo que &#8220;si Per\u00f3n resucitase, dir\u00eda que el partido que lo representa es Juntos por el Cambio&#8221;.<\/p>\n<p>&#8220;Nosotros representamos a los que trabajan, ellos a los que no trabajan&#8221;, dijo Macri en La Naci\u00f3n+ cuando le mostraron una foto de Sergio Massa junto a la CGT.<\/p>\n<div class=\"zone \"><\/div>\n<p>Cuando el periodista Eduardo Feimann le pidi\u00f3 que se refiriera a la acusaci\u00f3n de &#8220;montonera que pone bombas&#8221; que recibi\u00f3 Bullrich de Javier Milei, Macri dijo que &#8220;Patricia tuvo una experiencia en el pasado en la JP&#8221;.<\/p>\n<div class=\"zone \">\n<div id=\"vplnewsletterv89199v3\" class=\"piece newsletter standard bkg-image\">\n<div class=\"piecefooter\">\n<div class=\"piecefooterimage\"><\/div>\n<\/div>\n<\/div>\n<\/div>\n<p>&nbsp;<\/p>\n<p>El ex presidente dijo que la ahora candidata &#8220;ten\u00eda un car\u00e1cter y una edad&#8221;. &#8220;Uno aprende, ella es la primera que condena la violencia&#8221;, dijo.<\/p>\n","protected":false},"excerpt":{"rendered":"<p>Mauricio Macri dijo que &#8220;si Per\u00f3n resucitase, dir\u00eda que el partido que lo representa es Juntos por el Cambio&#8221;. &#8220;Nosotros representamos a los que trabajan, ellos a los que no trabajan&#8221;, dijo Macri en La Naci\u00f3n+ cuando le mostraron una foto de Sergio Massa junto a la CGT. Cuando el periodista Eduardo Feimann le pidi\u00f3 [&hellip;]<\/p>\n","protected":false},"author":2,"featured_media":18922,"comment_status":"closed","ping_status":"closed","sticky":false,"template":"","format":"standard","meta":{"footnotes":""},"categories":[79],"tags":[],"class_list":{"0":"post-18921","1":"post","2":"type-post","3":"status-publish","4":"format-standard","5":"has-post-thumbnail","7":"category-politica"},"_links":{"self":[{"href":"https:\/\/radiobitacora.com.ar\/web\/wp-json\/wp\/v2\/posts\/18921","targetHints":{"allow":["GET"]}}],"collection":[{"href":"https:\/\/radiobitacora.com.ar\/web\/wp-json\/wp\/v2\/posts"}],"about":[{"href":"https:\/\/radiobitacora.com.ar\/web\/wp-json\/wp\/v2\/types\/post"}],"author":[{"embeddable":true,"href":"https:\/\/radiobitacora.com.ar\/web\/wp-json\/wp\/v2\/users\/2"}],"replies":[{"embeddable":true,"href":"https:\/\/radiobitacora.com.ar\/web\/wp-json\/wp\/v2\/comments?post=18921"}],"version-history":[{"count":0,"href":"https:\/\/radiobitacora.com.ar\/web\/wp-json\/wp\/v2\/posts\/18921\/revisions"}],"wp:featuredmedia":[{"embeddable":true,"href":"https:\/\/radiobitacora.com.ar\/web\/wp-json\/wp\/v2\/media\/18922"}],"wp:attachment":[{"href":"https:\/\/radiobitacora.com.ar\/web\/wp-json\/wp\/v2\/media?parent=18921"}],"wp:term":[{"taxonomy":"category","embeddable":true,"href":"https:\/\/radiobitacora.com.ar\/web\/wp-json\/wp\/v2\/categories?post=18921"},{"taxonomy":"post_tag","embeddable":true,"href":"https:\/\/radiobitacora.com.ar\/web\/wp-json\/wp\/v2\/tags?post=18921"}],"curies":[{"name":"wp","href":"https:\/\/api.w.org\/{rel}","templated":true}]}}