{"id":18931,"date":"2023-09-14T08:26:29","date_gmt":"2023-09-14T11:26:29","guid":{"rendered":"https:\/\/radiobitacora.com.ar\/web\/?p=18931"},"modified":"2023-09-14T08:26:29","modified_gmt":"2023-09-14T11:26:29","slug":"devolucion-del-iva-8-claves-sobre-como-funcionara-la-medida-que-anuncio-massa","status":"publish","type":"post","link":"https:\/\/radiobitacora.com.ar\/web\/2023\/09\/14\/devolucion-del-iva-8-claves-sobre-como-funcionara-la-medida-que-anuncio-massa\/","title":{"rendered":"Devoluci\u00f3n del IVA: 8 claves sobre c\u00f3mo funcionar\u00e1 la medida que anunci\u00f3 Massa"},"content":{"rendered":"<p class=\"paragraph\" data-mrf-recirculation=\"Links inline\">El\u00a0<b>Ministerio de Econom\u00eda<\/b> anunci\u00f3 ayer que ampliar\u00e1 el programa de reintegro del IVA por las compras de productos de la canasta b\u00e1sica a trabajadores y monotributistas. Hasta ahora, s\u00f3lo formaban parte del beneficio los jubilados y pensionados que cobran hasta tres haberes m\u00ednimos y quienes perciben la Asignaci\u00f3n Universal por Hijo (AUH).<\/p>\n<p class=\"paragraph\" data-mrf-recirculation=\"Links inline\"><a href=\"https:\/\/www.infobae.com\/economia\/2023\/09\/13\/massa-anuncio-que-se-le-devolveran-el-iva-en-la-compra-de-alimentos-a-9-millones-de-trabajadores\/\" target=\"_blank\" rel=\"noopener noreferrer\" data-mrf-link=\"https:\/\/www.infobae.com\/economia\/2023\/09\/13\/massa-anuncio-que-se-le-devolveran-el-iva-en-la-compra-de-alimentos-a-9-millones-de-trabajadores\/\">Luego de anunciarlo oficialmente<\/a>, el ministro<b>\u00a0Sergio Massa\u00a0<\/b>explic\u00f3 las medidas en las redes sociales: \u201cComo sabemos que la inflaci\u00f3n te golpea el bolsillo, tomamos la decisi\u00f3n de devolverte el IVA en todas las compras que hagas con tarjeta por hasta 18.000 pesos de devoluci\u00f3n. O sea, pod\u00e9s comprar hasta 80.000 pesos y ten\u00e9s la devoluci\u00f3n de todo el IVA. Sirve para carne, fruta, verdura, todos los alimentos y productos de higiene y limpieza del hogar en el supermercado. Est\u00e1n habilitados todos los comercios que tienen posnet y lo pod\u00e9s hacer con tu tarjeta de d\u00e9bito. Se benefician jubilados, pensionados, monotributistas, trabajadores y todos los beneficiarios de la AUH. Adem\u00e1s, los trabajadores de casas particulares. Adicionalmente, si sos trabajador desde el lunes pod\u00e9s tramitar tu cr\u00e9dito de hasta 400.000 pesos con una tasa del 50% hasta 48 meses. Y si sos jubilado te cuento que el Pami, si cobr\u00e1s hasta una jubilaci\u00f3n y media,te va a dar en septiembre, octubre y noviembre un refuerzo de $15.000 en el bols\u00f3n alimentario\u201d.<\/p>\n<p class=\"paragraph\" data-mrf-recirculation=\"Links inline\">A\u00fan no se public\u00f3 el decreto, pero este el detalle del programa y c\u00f3mo funcionar\u00e1.<\/p>\n<p class=\"paragraph\" data-mrf-recirculation=\"Links inline\"><b>Estar\u00e1n alcanzados por el beneficio:<\/b><\/p>\n<div class=\"recommended-card__info\"><span class=\"recommended-card__info-interest-you\">Te puede interesar:<\/span><span class=\"recommended-card__info-title\">Consumo: las ventas de comercios minoristas cayeron 4,1% en agosto y acumulan ocho meses en retroceso<\/span><\/p>\n<div class=\"recommended-card__info-button recommended-card__info-button--infobae\"><\/div>\n<\/div>\n<p class=\"paragraph\" data-mrf-recirculation=\"Links inline\">&#8211; Unos 7 millones de jubilados y pensionados<\/p>\n<p class=\"paragraph\" data-mrf-recirculation=\"Links inline\">&#8211; Los 2,5 millones de beneficiarios de la AUH<\/p>\n<div class=\"recommended-card__info\"><span class=\"recommended-card__info-interest-you\">Te puede interesar:<\/span><span class=\"recommended-card__info-title\">Jap\u00f3n rebaja en tres d\u00e9cimas su PIB del segundo trimestre hasta el 1,2 %<\/span><\/p>\n<div class=\"recommended-card__info-button recommended-card__info-button--infobae\"><\/div>\n<\/div>\n<p class=\"paragraph\" data-mrf-recirculation=\"Links inline\">&#8211; Unos 2,7 millones de monotributistas<\/p>\n<p class=\"paragraph\" data-mrf-recirculation=\"Links inline\">&#8211; Un total de 9 millones de empleados en relaci\u00f3n de dependencia<\/p>\n<p class=\"paragraph\" data-mrf-recirculation=\"Links inline\">&#8211; Los 440 mil trabajadores del R\u00e9gimen del Personal de Casa Particulares<\/p>\n<div class=\"visual__image\"><img loading=\"lazy\" decoding=\"async\" class=\" lazyload\" src=\"https:\/\/www.infobae.com\/new-resizer\/UhujQ6wOMtbG3cmbqbQMg-66SvU=\/arc-anglerfish-arc2-prod-infobae\/public\/E4W73PKAJZDSLEWJRI7V6GUGMQ.jpg\" sizes=\"auto, (min-width: 800px) 50vw, 90vw\" srcset=\"https:\/\/www.infobae.com\/new-resizer\/-KPzuDCYc6RNg9Ux0JWkAAS1Ci4=\/420x236\/filters:format(webp):quality(85)\/cloudfront-us-east-1.images.arcpublishing.com\/infobae\/E4W73PKAJZDSLEWJRI7V6GUGMQ.jpg 420w,https:\/\/www.infobae.com\/new-resizer\/FokkiABAi4Io2HUa7yHmns8_uEk=\/768x432\/filters:format(webp):quality(85)\/cloudfront-us-east-1.images.arcpublishing.com\/infobae\/E4W73PKAJZDSLEWJRI7V6GUGMQ.jpg 768w,https:\/\/www.infobae.com\/new-resizer\/541-qKRLhcWA8bsIgn-jIIEHAD0=\/992x558\/filters:format(webp):quality(85)\/cloudfront-us-east-1.images.arcpublishing.com\/infobae\/E4W73PKAJZDSLEWJRI7V6GUGMQ.jpg 992w,https:\/\/www.infobae.com\/new-resizer\/7nohzMKhW42DUUlAF9ab9BUPM0I=\/1200x675\/filters:format(webp):quality(85)\/cloudfront-us-east-1.images.arcpublishing.com\/infobae\/E4W73PKAJZDSLEWJRI7V6GUGMQ.jpg 1200w,https:\/\/www.infobae.com\/new-resizer\/w3_VgP6HcsF6my5R8_C9bJ3IgH4=\/1440x810\/filters:format(webp):quality(85)\/cloudfront-us-east-1.images.arcpublishing.com\/infobae\/E4W73PKAJZDSLEWJRI7V6GUGMQ.jpg 1440w\" alt=\"Las necesidades fiscales del a\u00f1o electoral podr\u00edan complicar el objetivo de inflaci\u00f3n (Bloomberg)\" width=\"1170\" height=\"658\" data-src=\"https:\/\/www.infobae.com\/new-resizer\/UhujQ6wOMtbG3cmbqbQMg-66SvU=\/arc-anglerfish-arc2-prod-infobae\/public\/E4W73PKAJZDSLEWJRI7V6GUGMQ.jpg\" \/>Las necesidades fiscales del a\u00f1o electoral podr\u00edan complicar el objetivo de inflaci\u00f3n (Bloomberg)<\/div>\n<p class=\"paragraph\" data-mrf-recirculation=\"Links inline\"><b>Los requisitos exigidos son:<\/b><\/p>\n<p class=\"paragraph\" data-mrf-recirculation=\"Links inline\">&#8211; En el caso de los jubilados, no podr\u00e1n cobrar m\u00e1s de tres haberes m\u00ednimos.<\/p>\n<p class=\"paragraph\" data-mrf-recirculation=\"Links inline\">&#8211; Los trabajadores formales deber\u00e1n tener ingresos de hasta seis salarios m\u00ednimos, vitales y m\u00f3viles ($708.000 brutos en total).<\/p>\n<p class=\"paragraph\" data-mrf-recirculation=\"Links inline\">&#8211; Los monotributistas deber\u00e1n ser \u201cpuros\u201d, es decir que no deber\u00e1n tener otra fuente de ingresos.<\/p>\n<p class=\"paragraph\" data-mrf-recirculation=\"Links inline\"><b>Cu\u00e1nto se devolver\u00e1:<\/b><\/p>\n<p class=\"paragraph\" data-mrf-recirculation=\"Links inline\">&#8211; Se reintegrar\u00e1 la totalidad del IVA de los productos de primera necesidad (21% del valor de los productos), con un tope de $18.000 mensuales por beneficiario.<\/p>\n<p class=\"paragraph\" data-mrf-recirculation=\"Links inline\"><b>Cu\u00e1ndo se har\u00e1 el reintegro:<\/b><\/p>\n<p class=\"paragraph\" data-mrf-recirculation=\"Links inline\">&#8211; El dinero ser\u00e1 acreditado en la cuenta del beneficiario en un plazo de 48 horas.<\/p>\n<p class=\"paragraph\" data-mrf-recirculation=\"Links inline\"><b>Qu\u00e9 productos estar\u00e1n alcanzados:<\/b><\/p>\n<p class=\"paragraph\" data-mrf-recirculation=\"Links inline\">&#8211; Desde Naci\u00f3n precisaron que se har\u00e1n devoluciones por frutas, verduras, carne, productos de higiene personal y de la canasta del hogar.<\/p>\n<p class=\"paragraph\" data-mrf-recirculation=\"Links inline\"><b>C\u00f3mo se debe pagar:<\/b><\/p>\n<p class=\"paragraph\" data-mrf-recirculation=\"Links inline\">&#8211; Durante el anuncio, el ministro de Econom\u00eda, Sergio Massa, explic\u00f3 que ser\u00e1n alcanzadas por el beneficio las compras realizadas con tarjeta de d\u00e9bito. No se aclar\u00f3 por el momento si estar\u00e1n contempladas las operaciones realizadas por billeteras virtuales u otros medios de pago asociados a las cuentas bancarias.<\/p>\n<p class=\"paragraph\" data-mrf-recirculation=\"Links inline\"><b>Qu\u00e9 tr\u00e1mite se debe realizar:<\/b><\/p>\n<p class=\"paragraph\" data-mrf-recirculation=\"Links inline\">&#8211; Los reintegros ser\u00e1n autom\u00e1ticos en todos los comercios, supermercados y minimercados, verduler\u00edas, carnicer\u00edas, fruter\u00edas, que venden este tipo de productos y est\u00e1n debidamente registrados en la actividad formal.<\/p>\n<p class=\"paragraph\" data-mrf-recirculation=\"Links inline\"><b>Cu\u00e1ndo entra en vigencia<\/b><\/p>\n<p class=\"paragraph\" data-mrf-recirculation=\"Links inline\">&#8211; La ampliaci\u00f3n del programa comenzar\u00e1 a regir en la fecha que dicte el decreto, una vez que sea publicado en el Bolet\u00edn Oficial.<\/p>\n<h2 class=\"header headline-class-h2\">Los posibles cambios a futuro<\/h2>\n<p class=\"paragraph\" data-mrf-recirculation=\"Links inline\">Los puntos mencionados anteriormente ser\u00e1n aplicados por decreto, pero el Ejecutivo anticip\u00f3 que impulsar\u00e1 un proyecto de ley para darle estabilidad al programa y establecer algunos cambios definitivos.<\/p>\n<div class=\"visual__image\"><img loading=\"lazy\" decoding=\"async\" class=\" lazyload\" src=\"https:\/\/www.infobae.com\/new-resizer\/tDNCe706B3HIFEWckuJRB-UeJUU=\/arc-anglerfish-arc2-prod-infobae\/public\/YLC2QF7XYIDYY6S3VKUOE6XDQI.jpg\" sizes=\"auto, (min-width: 800px) 50vw, 90vw\" srcset=\"https:\/\/www.infobae.com\/new-resizer\/_ovrMhrxkV5HyONSyWhNBmU3A1k=\/420x280\/filters:format(webp):quality(85)\/cloudfront-us-east-1.images.arcpublishing.com\/infobae\/YLC2QF7XYIDYY6S3VKUOE6XDQI.jpg 420w,https:\/\/www.infobae.com\/new-resizer\/_okn7sUWeZpk6qd7VUZE45W4XC8=\/768x512\/filters:format(webp):quality(85)\/cloudfront-us-east-1.images.arcpublishing.com\/infobae\/YLC2QF7XYIDYY6S3VKUOE6XDQI.jpg 768w,https:\/\/www.infobae.com\/new-resizer\/_yrpUAHScHxRdT4c2wisIzUpm-8=\/992x661\/filters:format(webp):quality(85)\/cloudfront-us-east-1.images.arcpublishing.com\/infobae\/YLC2QF7XYIDYY6S3VKUOE6XDQI.jpg 992w,https:\/\/www.infobae.com\/new-resizer\/pPPcDtAksVhWnUCS5unTkwpyqKg=\/1200x800\/filters:format(webp):quality(85)\/cloudfront-us-east-1.images.arcpublishing.com\/infobae\/YLC2QF7XYIDYY6S3VKUOE6XDQI.jpg 1200w,https:\/\/www.infobae.com\/new-resizer\/UpuMgS_2i-3yXOWAxGPYW6Uazx4=\/1440x960\/filters:format(webp):quality(85)\/cloudfront-us-east-1.images.arcpublishing.com\/infobae\/YLC2QF7XYIDYY6S3VKUOE6XDQI.jpg 1440w\" alt=\"Las frutas y verduras est\u00e1n alcanzadas por el programa. Reuters\" width=\"800\" height=\"533\" data-src=\"https:\/\/www.infobae.com\/new-resizer\/tDNCe706B3HIFEWckuJRB-UeJUU=\/arc-anglerfish-arc2-prod-infobae\/public\/YLC2QF7XYIDYY6S3VKUOE6XDQI.jpg\" \/>Las frutas y verduras est\u00e1n alcanzadas por el programa. Reuters<\/div>\n<p class=\"paragraph\" data-mrf-recirculation=\"Links inline\">La iniciativa, seg\u00fan adelantaron desde Naci\u00f3n, oficializar\u00eda el alcance a trabajadores formales y monotributistas y a su vez establecer\u00eda un nuevo tope para los reintegros. En concreto, propondr\u00e1n devolver hasta un 21% del monto de las operaciones de compra, pero con un tope equivalente al 21% del valor de la\u00a0<b>Canasta B\u00e1sica Alimentaria (CBA)<\/b>\u00a0para cuatro integrantes (compuesto por un var\u00f3n de 35 a\u00f1os, una mujer de 31 a\u00f1os, un hijo de 6 a\u00f1os y una hija de 8 a\u00f1os)<\/p>\n<p class=\"paragraph\" data-mrf-recirculation=\"Links inline\">Seg\u00fan la \u00faltima publicaci\u00f3n, la CBA alcanz\u00f3 en julio un valor de $ 111.642, por lo que con es esquema el tope mensual ascender\u00eda de $18.000 a $23.444,82. Claro est\u00e1, que ese valor ir\u00eda variando junto con la actualizaci\u00f3n de la CBA, que l\u00f3gicamente ser\u00e1 mayor en agosto, septiembre y los meses posteriores, debido al avance de la inflaci\u00f3n.<\/p>\n<h2 class=\"header headline-class-h2\">Pr\u00e9stamos para trabajadores registrados<\/h2>\n<p class=\"paragraph\" data-mrf-recirculation=\"Links inline\">Junto al anuncio de devoluci\u00f3n del IVA, el Ministerio de Econom\u00eda inform\u00f3 que a partir del lunes los trabajadores formales podr\u00e1n acceder a pr\u00e9stamos con tasa subsidiada, cuota fija y plazos de devoluci\u00f3n de hasta 48 meses. Tambi\u00e9n est\u00e1 pendiente la letra chica, pero ya hay algunos detalles confirmados que se pueden repasar:<\/p>\n<p class=\"paragraph\" data-mrf-recirculation=\"Links inline\"><b>Qui\u00e9nes podr\u00e1n acceder:<\/b><\/p>\n<p class=\"paragraph\" data-mrf-recirculation=\"Links inline\">&#8211; Los pr\u00e9stamos ser\u00e1n para trabajadores con sueldos de hasta $700.000 brutos (quienes no fueron alcanzados por la suba del m\u00ednimo no imponible de Ganancias).<\/p>\n<p class=\"paragraph\" data-mrf-recirculation=\"Links inline\"><b>Cu\u00e1nto se prestar\u00e1:<\/b><\/p>\n<p class=\"paragraph\" data-mrf-recirculation=\"Links inline\">&#8211; El monto m\u00e1ximo ser\u00e1 de $400 mil.<\/p>\n<p class=\"paragraph\" data-mrf-recirculation=\"Links inline\"><b>En qu\u00e9 plazo se deber\u00e1 devolver<\/b><\/p>\n<p class=\"paragraph\" data-mrf-recirculation=\"Links inline\">&#8211; Quienes accedan a los cr\u00e9ditos tendr\u00e1n la posibilidad de elegir por per\u00edodos de 24, 36 y 48 meses.<\/p>\n<p class=\"paragraph\" data-mrf-recirculation=\"Links inline\"><b>Cu\u00e1l ser\u00e1 la tasa<\/b><\/p>\n<p class=\"paragraph\" data-mrf-recirculation=\"Links inline\">&#8211; El Gobierno anticip\u00f3 que \u201cla tasa ser\u00e1 del 50%, aunque no aclar\u00f3 si ese valor corresponde a la Tasa Nominal Anual (TNA) o si refiere al Costo Financiero Total (CFT), donde se incluyen los gastos administrativos y costos de seguro.<\/p>\n<p class=\"paragraph\" data-mrf-recirculation=\"Links inline\"><b>C\u00f3mo ser\u00e1n las cuotas<\/b><\/p>\n<p class=\"paragraph\" data-mrf-recirculation=\"Links inline\">&#8211; Se utilizar\u00e1 el sistema de amortizaci\u00f3n franc\u00e9s, por lo que las cuotas ser\u00e1n fijas durante todo el pr\u00e9stamo.<\/p>\n<h2 class=\"header headline-class-h2\">Refuerzo alimentario para jubilados<\/h2>\n<p class=\"paragraph\" data-mrf-recirculation=\"Links inline\">Una tercera medida que se dio a conocer el mi\u00e9rcoles, fue el aumento del universo de beneficiarios del refuerzo alimentario para jubilados, as\u00ed como la actualizaci\u00f3n del monto m\u00ednimo del beneficio.<\/p>\n<p class=\"paragraph\" data-mrf-recirculation=\"Links inline\">\u201cAmpliamos a 2.967.000 el programa de beneficiarios de lo que llamamos el refuerzo alimentario de\u00a0<b>PAMI\u00a0<\/b>pero adem\u00e1s decidimos ampliar el monto en el mes de septiembre, octubre y noviembre a $15.000\u2033, declar\u00f3 Sergio Massa.<\/p>\n<p class=\"paragraph\" data-mrf-recirculation=\"Links inline\">Hoy, la titular de Anses,\u00a0<b>Fernanda Raverta<\/b>, dar\u00e1 a conocer mayores detalles sobre el beneficio.<\/p>\n","protected":false},"excerpt":{"rendered":"<p>El\u00a0Ministerio de Econom\u00eda anunci\u00f3 ayer que ampliar\u00e1 el programa de reintegro del IVA por las compras de productos de la canasta b\u00e1sica a trabajadores y monotributistas. Hasta ahora, s\u00f3lo formaban parte del beneficio los jubilados y pensionados que cobran hasta tres haberes m\u00ednimos y quienes perciben la Asignaci\u00f3n Universal por Hijo (AUH). Luego de anunciarlo [&hellip;]<\/p>\n","protected":false},"author":2,"featured_media":18932,"comment_status":"closed","ping_status":"closed","sticky":false,"template":"","format":"standard","meta":{"footnotes":""},"categories":[65],"tags":[],"class_list":{"0":"post-18931","1":"post","2":"type-post","3":"status-publish","4":"format-standard","5":"has-post-thumbnail","7":"category-economia"},"_links":{"self":[{"href":"https:\/\/radiobitacora.com.ar\/web\/wp-json\/wp\/v2\/posts\/18931","targetHints":{"allow":["GET"]}}],"collection":[{"href":"https:\/\/radiobitacora.com.ar\/web\/wp-json\/wp\/v2\/posts"}],"about":[{"href":"https:\/\/radiobitacora.com.ar\/web\/wp-json\/wp\/v2\/types\/post"}],"author":[{"embeddable":true,"href":"https:\/\/radiobitacora.com.ar\/web\/wp-json\/wp\/v2\/users\/2"}],"replies":[{"embeddable":true,"href":"https:\/\/radiobitacora.com.ar\/web\/wp-json\/wp\/v2\/comments?post=18931"}],"version-history":[{"count":0,"href":"https:\/\/radiobitacora.com.ar\/web\/wp-json\/wp\/v2\/posts\/18931\/revisions"}],"wp:featuredmedia":[{"embeddable":true,"href":"https:\/\/radiobitacora.com.ar\/web\/wp-json\/wp\/v2\/media\/18932"}],"wp:attachment":[{"href":"https:\/\/radiobitacora.com.ar\/web\/wp-json\/wp\/v2\/media?parent=18931"}],"wp:term":[{"taxonomy":"category","embeddable":true,"href":"https:\/\/radiobitacora.com.ar\/web\/wp-json\/wp\/v2\/categories?post=18931"},{"taxonomy":"post_tag","embeddable":true,"href":"https:\/\/radiobitacora.com.ar\/web\/wp-json\/wp\/v2\/tags?post=18931"}],"curies":[{"name":"wp","href":"https:\/\/api.w.org\/{rel}","templated":true}]}}