{"id":18940,"date":"2023-09-15T07:32:22","date_gmt":"2023-09-15T10:32:22","guid":{"rendered":"https:\/\/radiobitacora.com.ar\/web\/?p=18940"},"modified":"2023-09-15T07:32:22","modified_gmt":"2023-09-15T10:32:22","slug":"dia-nacional-del-chamame","status":"publish","type":"post","link":"https:\/\/radiobitacora.com.ar\/web\/2023\/09\/15\/dia-nacional-del-chamame\/","title":{"rendered":"D\u00eda Nacional del Chamam\u00e9"},"content":{"rendered":"<div class=\"panel-pane pane-token pane-node-body\">\n<div class=\"pane-content\">\n<p class=\"rtejustify\">El Director de Cultura Manuel Zampar se refiri\u00f3 a la celebraci\u00f3n del D\u00eda Nacional del Chamam\u00e9 con la realizaci\u00f3n de una Pe\u00f1a el pr\u00f3ximo martes en Casa de la Cultura y anticip\u00f3 la nueva edici\u00f3n, el pr\u00f3ximo s\u00e1bado, de la Noche de los Museos incorporando al itinerario al Cementerio La Soledad.<\/p>\n<p class=\"rtejustify\">\n<p class=\"rtejustify\"><strong>PE\u00d1A CHAMAMECERA<\/strong><\/p>\n<p class=\"rtejustify\">\n<p class=\"rtejustify\">Manuel Zampar, sobre la fecha del pr\u00f3ximo martes, D\u00eda Nacional del Chamam\u00e9, detall\u00f3 la actividad programada por Cultura en el Patio \u201cJuli\u00e1n Zini\u201d desde las 20,30 horas: \u201cNo podemos dejarlo pasar, se decidi\u00f3 al conversar con el Secretario de Gobierno Pablo Fern\u00e1ndez hacerlo el mismo martes, nos encontraremos con una Pe\u00f1a desde bien temprano, 20,30 horas con m\u00fasica y comidas t\u00edpicas, mbaipy, empanadas, acompa\u00f1ando con la m\u00fasica el Grupo Chamamecero Oficial con distintos cantantes invitados. Se extender\u00e1 hasta las 23,30 horas esta pe\u00f1a\u201d.<\/p>\n<p class=\"rtejustify\">El funcionario a\u00f1adi\u00f3: \u201cLa Escuela Municipal de Danzas Nativas tambi\u00e9n estar\u00e1 presente en esta actividad de homenaje a nuestro chamam\u00e9, una propuesta para celebrar la m\u00fasica que hoy pertenece a toda la humanidad\u201d.<\/p>\n<p class=\"rtejustify\">\n<p class=\"rtejustify\"><strong>AGENDA CULTURAL<\/strong><\/p>\n<p class=\"rtejustify\">\n<p class=\"rtejustify\">El Director de Cultura anticip\u00f3 la agenda cultural para lo que resta del corriente mes: \u201cEl viernes 22 ser\u00e1 La Gala por los 40 a\u00f1os del Coro Polif\u00f3nico \u201cElidia Andino\u201d en el Teatro Municipal; el 23 La Noche de los Museos, sumando el Cementerio, el cual ser\u00e1 el punto de partida del itinerario previsto, la Noche de las Bibliotecas y el 24 de septiembre En Concierto: Presentaci\u00f3n de la Orquesta de la Escuela Municipal de M\u00fasica en el Teatro. Todas las actividades con acceso libre y gratuito\u201d.<\/p>\n<\/div>\n<\/div>\n<div class=\"panel-separator\"><\/div>\n<div class=\"panel-pane pane-separador-linea\">\n<div class=\"pane-content\"><\/div>\n<\/div>\n","protected":false},"excerpt":{"rendered":"<p>El Director de Cultura Manuel Zampar se refiri\u00f3 a la celebraci\u00f3n del D\u00eda Nacional del Chamam\u00e9 con la realizaci\u00f3n de una Pe\u00f1a el pr\u00f3ximo martes en Casa de la Cultura y anticip\u00f3 la nueva edici\u00f3n, el pr\u00f3ximo s\u00e1bado, de la Noche de los Museos incorporando al itinerario al Cementerio La Soledad. PE\u00d1A CHAMAMECERA Manuel Zampar, [&hellip;]<\/p>\n","protected":false},"author":2,"featured_media":18941,"comment_status":"closed","ping_status":"closed","sticky":false,"template":"","format":"standard","meta":{"footnotes":""},"categories":[56],"tags":[],"class_list":{"0":"post-18940","1":"post","2":"type-post","3":"status-publish","4":"format-standard","5":"has-post-thumbnail","7":"category-locales"},"_links":{"self":[{"href":"https:\/\/radiobitacora.com.ar\/web\/wp-json\/wp\/v2\/posts\/18940","targetHints":{"allow":["GET"]}}],"collection":[{"href":"https:\/\/radiobitacora.com.ar\/web\/wp-json\/wp\/v2\/posts"}],"about":[{"href":"https:\/\/radiobitacora.com.ar\/web\/wp-json\/wp\/v2\/types\/post"}],"author":[{"embeddable":true,"href":"https:\/\/radiobitacora.com.ar\/web\/wp-json\/wp\/v2\/users\/2"}],"replies":[{"embeddable":true,"href":"https:\/\/radiobitacora.com.ar\/web\/wp-json\/wp\/v2\/comments?post=18940"}],"version-history":[{"count":0,"href":"https:\/\/radiobitacora.com.ar\/web\/wp-json\/wp\/v2\/posts\/18940\/revisions"}],"wp:featuredmedia":[{"embeddable":true,"href":"https:\/\/radiobitacora.com.ar\/web\/wp-json\/wp\/v2\/media\/18941"}],"wp:attachment":[{"href":"https:\/\/radiobitacora.com.ar\/web\/wp-json\/wp\/v2\/media?parent=18940"}],"wp:term":[{"taxonomy":"category","embeddable":true,"href":"https:\/\/radiobitacora.com.ar\/web\/wp-json\/wp\/v2\/categories?post=18940"},{"taxonomy":"post_tag","embeddable":true,"href":"https:\/\/radiobitacora.com.ar\/web\/wp-json\/wp\/v2\/tags?post=18940"}],"curies":[{"name":"wp","href":"https:\/\/api.w.org\/{rel}","templated":true}]}}