{"id":18997,"date":"2023-09-20T07:33:48","date_gmt":"2023-09-20T10:33:48","guid":{"rendered":"https:\/\/radiobitacora.com.ar\/web\/?p=18997"},"modified":"2023-09-20T07:33:48","modified_gmt":"2023-09-20T10:33:48","slug":"cancion-de-un-goyano-esta-entre-los-diez-finalistas-del-festival-de-la-cancion-argentina","status":"publish","type":"post","link":"https:\/\/radiobitacora.com.ar\/web\/2023\/09\/20\/cancion-de-un-goyano-esta-entre-los-diez-finalistas-del-festival-de-la-cancion-argentina\/","title":{"rendered":"CANCION DE UN GOYANO EST\u00c1 ENTRE LOS DIEZ FINALISTAS DEL FESTIVAL DE LA CANCI\u00d3N ARGENTINA"},"content":{"rendered":"<h3><strong>Rodrigo Giordano participa en el primer festival de la canci\u00f3n argentina. Su canci\u00f3n \u201cHimno del cielo\u201d, fue seleccionada como finalista del concurso. El festival realizar\u00e1 su gala en la Ciudad de Buenos Aires, m\u00e1s precisamente en el teatro Gran Rex el 14 de noviembre.<\/strong><\/h3>\n<p>El m\u00fasico Rodrigo Giordano decidi\u00f3 hace poco lanzarse como solista y estaba en pleno trabajo de esta fase de su carrera cuando se enter\u00f3 que una de sus canciones, Himno del cielo result\u00f3 elegida para competir en la final del concurso del Festival de la Canci\u00f3n Argentina en Quinta Edici\u00f3n.<\/p>\n<p>El Festival de la Canci\u00f3n Argentina naci\u00f3 del sue\u00f1o de productores, artistas y trabajadores de la industria\u201d que tienen el objetivo de \u201cgenerar un verdadero reconocimiento a la labor de todo autor, compositor e int\u00e9rprete argentino\u201d. Este evento busca promocionar la capacidad art\u00edstico-cultural buscando el apoyo tanto del pa\u00eds como de entidades internacionales.<\/p>\n<p><img loading=\"lazy\" decoding=\"async\" class=\"alignnone wp-image-46544 entered lazyloaded\" src=\"https:\/\/883radiociudad.gob.ar\/wp-content\/uploads\/2023\/09\/rodrigo-giordano-1-139x300.jpeg.webp\" sizes=\"auto, (max-width: 166px) 100vw, 166px\" srcset=\"https:\/\/883radiociudad.gob.ar\/wp-content\/uploads\/2023\/09\/rodrigo-giordano-1-139x300.jpeg.webp 139w, https:\/\/883radiociudad.gob.ar\/wp-content\/uploads\/2023\/09\/rodrigo-giordano-1-473x1024.jpeg.webp 473w, https:\/\/883radiociudad.gob.ar\/wp-content\/uploads\/2023\/09\/rodrigo-giordano-1.jpeg.webp 739w\" alt=\"\" width=\"166\" height=\"358\" data-lazy-srcset=\"https:\/\/883radiociudad.gob.ar\/wp-content\/uploads\/2023\/09\/rodrigo-giordano-1-139x300.jpeg.webp 139w, https:\/\/883radiociudad.gob.ar\/wp-content\/uploads\/2023\/09\/rodrigo-giordano-1-473x1024.jpeg.webp 473w, https:\/\/883radiociudad.gob.ar\/wp-content\/uploads\/2023\/09\/rodrigo-giordano-1.jpeg.webp 739w\" data-lazy-sizes=\"(max-width: 166px) 100vw, 166px\" data-lazy-src=\"https:\/\/883radiociudad.gob.ar\/wp-content\/uploads\/2023\/09\/rodrigo-giordano-1-139x300.jpeg.webp\" data-lazy-src-webp=\"https:\/\/883radiociudad.gob.ar\/wp-content\/uploads\/2023\/09\/rodrigo-giordano-1-139x300.jpeg.webp\" data-lazy-srcset-webp=\"https:\/\/883radiociudad.gob.ar\/wp-content\/uploads\/2023\/09\/rodrigo-giordano-1-139x300.jpeg.webp 139w, https:\/\/883radiociudad.gob.ar\/wp-content\/uploads\/2023\/09\/rodrigo-giordano-1-473x1024.jpeg.webp 473w, https:\/\/883radiociudad.gob.ar\/wp-content\/uploads\/2023\/09\/rodrigo-giordano-1.jpeg.webp 739w\" data-ll-status=\"loaded\" \/>\u00a0<img loading=\"lazy\" decoding=\"async\" class=\"alignnone size-medium wp-image-46542 entered lazyloaded\" src=\"https:\/\/883radiociudad.gob.ar\/wp-content\/uploads\/2023\/09\/rodrigo-giordano-2-258x300.jpeg.webp\" sizes=\"auto, (max-width: 258px) 100vw, 258px\" srcset=\"https:\/\/883radiociudad.gob.ar\/wp-content\/uploads\/2023\/09\/rodrigo-giordano-2-258x300.jpeg.webp 258w, https:\/\/883radiociudad.gob.ar\/wp-content\/uploads\/2023\/09\/rodrigo-giordano-2-880x1024.jpeg.webp 880w, https:\/\/883radiociudad.gob.ar\/wp-content\/uploads\/2023\/09\/rodrigo-giordano-2-768x893.jpeg.webp 768w, https:\/\/883radiociudad.gob.ar\/wp-content\/uploads\/2023\/09\/rodrigo-giordano-2-1024x1191.jpeg.webp 1024w, https:\/\/883radiociudad.gob.ar\/wp-content\/uploads\/2023\/09\/rodrigo-giordano-2.jpeg.webp 1170w\" alt=\"\" width=\"258\" height=\"300\" data-lazy-srcset=\"https:\/\/883radiociudad.gob.ar\/wp-content\/uploads\/2023\/09\/rodrigo-giordano-2-258x300.jpeg.webp 258w, https:\/\/883radiociudad.gob.ar\/wp-content\/uploads\/2023\/09\/rodrigo-giordano-2-880x1024.jpeg.webp 880w, https:\/\/883radiociudad.gob.ar\/wp-content\/uploads\/2023\/09\/rodrigo-giordano-2-768x893.jpeg.webp 768w, https:\/\/883radiociudad.gob.ar\/wp-content\/uploads\/2023\/09\/rodrigo-giordano-2-1024x1191.jpeg.webp 1024w, https:\/\/883radiociudad.gob.ar\/wp-content\/uploads\/2023\/09\/rodrigo-giordano-2.jpeg.webp 1170w\" data-lazy-sizes=\"(max-width: 258px) 100vw, 258px\" data-lazy-src=\"https:\/\/883radiociudad.gob.ar\/wp-content\/uploads\/2023\/09\/rodrigo-giordano-2-258x300.jpeg.webp\" data-lazy-src-webp=\"https:\/\/883radiociudad.gob.ar\/wp-content\/uploads\/2023\/09\/rodrigo-giordano-2-258x300.jpeg.webp\" data-lazy-srcset-webp=\"https:\/\/883radiociudad.gob.ar\/wp-content\/uploads\/2023\/09\/rodrigo-giordano-2-258x300.jpeg.webp 258w, https:\/\/883radiociudad.gob.ar\/wp-content\/uploads\/2023\/09\/rodrigo-giordano-2-880x1024.jpeg.webp 880w, https:\/\/883radiociudad.gob.ar\/wp-content\/uploads\/2023\/09\/rodrigo-giordano-2-768x893.jpeg.webp 768w, https:\/\/883radiociudad.gob.ar\/wp-content\/uploads\/2023\/09\/rodrigo-giordano-2-1024x1191.jpeg.webp 1024w, https:\/\/883radiociudad.gob.ar\/wp-content\/uploads\/2023\/09\/rodrigo-giordano-2.jpeg.webp 1170w\" data-ll-status=\"loaded\" \/>\u00a0<img loading=\"lazy\" decoding=\"async\" class=\"alignnone wp-image-46543 entered lazyloaded\" src=\"https:\/\/883radiociudad.gob.ar\/wp-content\/uploads\/2023\/09\/rodrigo-giordano-3-169x300.jpeg.webp\" sizes=\"auto, (max-width: 202px) 100vw, 202px\" srcset=\"https:\/\/883radiociudad.gob.ar\/wp-content\/uploads\/2023\/09\/rodrigo-giordano-3-169x300.jpeg.webp 169w, https:\/\/883radiociudad.gob.ar\/wp-content\/uploads\/2023\/09\/rodrigo-giordano-3-576x1024.jpeg.webp 576w, https:\/\/883radiociudad.gob.ar\/wp-content\/uploads\/2023\/09\/rodrigo-giordano-3-768x1365.jpeg.webp 768w, https:\/\/883radiociudad.gob.ar\/wp-content\/uploads\/2023\/09\/rodrigo-giordano-3.jpeg.webp 810w\" alt=\"\" width=\"202\" height=\"359\" data-lazy-srcset=\"https:\/\/883radiociudad.gob.ar\/wp-content\/uploads\/2023\/09\/rodrigo-giordano-3-169x300.jpeg.webp 169w, https:\/\/883radiociudad.gob.ar\/wp-content\/uploads\/2023\/09\/rodrigo-giordano-3-576x1024.jpeg.webp 576w, https:\/\/883radiociudad.gob.ar\/wp-content\/uploads\/2023\/09\/rodrigo-giordano-3-768x1365.jpeg.webp 768w, https:\/\/883radiociudad.gob.ar\/wp-content\/uploads\/2023\/09\/rodrigo-giordano-3.jpeg.webp 810w\" data-lazy-sizes=\"(max-width: 202px) 100vw, 202px\" data-lazy-src=\"https:\/\/883radiociudad.gob.ar\/wp-content\/uploads\/2023\/09\/rodrigo-giordano-3-169x300.jpeg.webp\" data-lazy-src-webp=\"https:\/\/883radiociudad.gob.ar\/wp-content\/uploads\/2023\/09\/rodrigo-giordano-3-169x300.jpeg.webp\" data-lazy-srcset-webp=\"https:\/\/883radiociudad.gob.ar\/wp-content\/uploads\/2023\/09\/rodrigo-giordano-3-169x300.jpeg.webp 169w, https:\/\/883radiociudad.gob.ar\/wp-content\/uploads\/2023\/09\/rodrigo-giordano-3-576x1024.jpeg.webp 576w, https:\/\/883radiociudad.gob.ar\/wp-content\/uploads\/2023\/09\/rodrigo-giordano-3-768x1365.jpeg.webp 768w, https:\/\/883radiociudad.gob.ar\/wp-content\/uploads\/2023\/09\/rodrigo-giordano-3.jpeg.webp 810w\" data-ll-status=\"loaded\" \/><\/p>\n<p>La canci\u00f3n de Giordano \u201cHimno del cielo\u201d fue seleccionada por SADAIC, AADI, y SAEM. Otras canciones que competir\u00e1n en la final son: \u201cAh\u00ed es cuando\u201d; \u201cCantaluz;\u00a0 \u201cCuento los d\u00edas\u201d; \u201cHoy conmigo, llora Buenos Aires\u201d; \u201cLo que me ense\u00f1\u00f3 la vida\u201d; \u201cNorte\u201d; \u201cSer\u00e1 todo color\u201d; \u201cToda mi mano\u201d; \u201cVerte un instante\u201d.<\/p>\n<p>En un contacto con Radio Ciudad, Giordano relat\u00f3 c\u00f3mo lleg\u00f3 a participar en el festival: \u201cYo quise hacer en paralelo mi proyecto solista\u00a0 y empec\u00e9 a hacer canciones, a escribir otra vez, componer m\u00fasica y letra y empec\u00e9 a grabar mi m\u00fasica en Bella<\/p>\n<p>Vista y empec\u00e9 a armar mis canciones desde cero dos meses atr\u00e1s y justo salt\u00f3 esto del festival de la canci\u00f3n argentina, que es un concurso de compositores de toda la Argentina sin importar el g\u00e9nero musical. Siempre, la condici\u00f3n es que sea una canci\u00f3n in\u00e9dita, original. Y yo mand\u00e9 hace dos meses y la verdad es que olvid\u00e9 que hab\u00eda mandado y hace un mes atr\u00e1s recib\u00ed un e mail donde dec\u00eda \u201csaliste seleccionado\u201d entre los diez finalistas.<\/p>\n<p>\u201cLa gala se har\u00e1 el 14 de noviembre, ah\u00ed estaremos los diez finalistas y en ese momento tenemos la orquesta a disposici\u00f3n. Es una orquesta fija que nos acompa\u00f1a.<\/p>\n<p>Nosotros solamente tenemos que cantar\u00a0 y el jurado delibera por dos premios: \u201cLa mejor canci\u00f3n\u201d y \u201cEl mejor int\u00e9rprete\u201d y luego hay dos premios m\u00e1s en los que delibera el p\u00fablico como el \u201cPremio del p\u00fablico\u201d y \u201cLa mejor cr\u00edtica\u201d.\u00a0 En total son cuatro premios. Vamos a ver si volvemos con algo o sino con una buena experiencia\u201d.<\/p>\n<p>\u201cLo que dice el estribillo que es un poco lo que resume la canci\u00f3n dice \u201cAlgunas materias, me quedaron pendiente, por rendir en la escuela de la vida\u201d\u2026hay cosas que a uno siempre le quedan por vivir, digamos y no conformarse con lo que uno ya tiene sino seguir avanzando y creciendo y ser conscientes de que hay cosas que te van a faltar\u201d, dijo.<\/p>\n<p>\u201cEsto me incentiv\u00f3 mucho, porque hace cinco d\u00edas atr\u00e1s, mi idea era solamente lanzar el disco, darle promoci\u00f3n a eso, pero esto fue un s\u00faper incentivo para m\u00ed ya que, por que esta canci\u00f3n est\u00e1 incluida dentro del primer disco solista. Es un gran honor que la canci\u00f3n que pertenece a mi primer disco, ya sea finalista. Con eso, para m\u00ed ya est\u00e1\u201d, coment\u00f3 Giordano.<\/p>\n<div class=\"at-below-post addthis_tool\" data-url=\"https:\/\/883radiociudad.gob.ar\/cancion-de-un-goyano-esta-entre-los-diez-finalistas-del-festival-de-la-cancion-argentina\/\"><\/div>\n<div class=\"post-item-metadata entry-meta\"><\/div>\n<nav class=\"navigation post-navigation\" aria-label=\"Continue Reading\">\n<h2 class=\"screen-reader-text\">Continue Reading<\/h2>\n<div class=\"nav-links\">\n<div class=\"nav-previous\"><\/div>\n<\/div>\n<\/nav>\n","protected":false},"excerpt":{"rendered":"<p>Rodrigo Giordano participa en el primer festival de la canci\u00f3n argentina. Su canci\u00f3n \u201cHimno del cielo\u201d, fue seleccionada como finalista del concurso. El festival realizar\u00e1 su gala en la Ciudad de Buenos Aires, m\u00e1s precisamente en el teatro Gran Rex el 14 de noviembre. El m\u00fasico Rodrigo Giordano decidi\u00f3 hace poco lanzarse como solista y [&hellip;]<\/p>\n","protected":false},"author":2,"featured_media":18998,"comment_status":"closed","ping_status":"closed","sticky":false,"template":"","format":"standard","meta":{"footnotes":""},"categories":[56],"tags":[],"class_list":{"0":"post-18997","1":"post","2":"type-post","3":"status-publish","4":"format-standard","5":"has-post-thumbnail","7":"category-locales"},"_links":{"self":[{"href":"https:\/\/radiobitacora.com.ar\/web\/wp-json\/wp\/v2\/posts\/18997","targetHints":{"allow":["GET"]}}],"collection":[{"href":"https:\/\/radiobitacora.com.ar\/web\/wp-json\/wp\/v2\/posts"}],"about":[{"href":"https:\/\/radiobitacora.com.ar\/web\/wp-json\/wp\/v2\/types\/post"}],"author":[{"embeddable":true,"href":"https:\/\/radiobitacora.com.ar\/web\/wp-json\/wp\/v2\/users\/2"}],"replies":[{"embeddable":true,"href":"https:\/\/radiobitacora.com.ar\/web\/wp-json\/wp\/v2\/comments?post=18997"}],"version-history":[{"count":0,"href":"https:\/\/radiobitacora.com.ar\/web\/wp-json\/wp\/v2\/posts\/18997\/revisions"}],"wp:featuredmedia":[{"embeddable":true,"href":"https:\/\/radiobitacora.com.ar\/web\/wp-json\/wp\/v2\/media\/18998"}],"wp:attachment":[{"href":"https:\/\/radiobitacora.com.ar\/web\/wp-json\/wp\/v2\/media?parent=18997"}],"wp:term":[{"taxonomy":"category","embeddable":true,"href":"https:\/\/radiobitacora.com.ar\/web\/wp-json\/wp\/v2\/categories?post=18997"},{"taxonomy":"post_tag","embeddable":true,"href":"https:\/\/radiobitacora.com.ar\/web\/wp-json\/wp\/v2\/tags?post=18997"}],"curies":[{"name":"wp","href":"https:\/\/api.w.org\/{rel}","templated":true}]}}