{"id":19038,"date":"2023-09-21T07:47:37","date_gmt":"2023-09-21T10:47:37","guid":{"rendered":"https:\/\/radiobitacora.com.ar\/web\/?p=19038"},"modified":"2023-09-21T07:47:37","modified_gmt":"2023-09-21T10:47:37","slug":"alerta-en-municipios-por-el-impacto-de-las-medidas-nacionales-impuestas-por-massa","status":"publish","type":"post","link":"https:\/\/radiobitacora.com.ar\/web\/2023\/09\/21\/alerta-en-municipios-por-el-impacto-de-las-medidas-nacionales-impuestas-por-massa\/","title":{"rendered":"Alerta en municipios por el impacto de las medidas nacionales impuestas por Massa"},"content":{"rendered":"<p>El Gobierno provincial, a trav\u00e9s del ministro de Hacienda y Finanzas, Marcelo Rivas Piasentini con su equipo t\u00e9cnico-econ\u00f3mico, y los municipios de Corrientes, representados por sus funcionarios a cargo del \u00e1rea econ\u00f3mica comunal, se reunir\u00e1n hoy en Goya para evaluar el impacto de las \u00faltimas medidas econ\u00f3micas en las arcas provinciales.<\/p>\n<p>El encuentro se realizar\u00e1 en el Sal\u00f3n de Usos M\u00faltiples, del predio Costa Surub\u00ed, desde las 10,30.Ser\u00e1 presidido por el Ministro de Hacienda de Corrientes, Marcelo Rivas Piasentini y se espera contar con m\u00e1s de una treintena de representantes de distintas localidades del interior provincial para analizar el incremento desproporcionado del M\u00ednimo no imponible, del Impuesto a las Ganancias y sus posibles consecuencias en las finanzas del Estado Provincial y los municipios.<\/p>\n<p>En este marco y tras una ronda de consulta a los intendentes oficialista de la Provincia, El Litoral pudo saber que mientras algunos se encuentran alistando sus n\u00fameros para la reuni\u00f3n de hoy, otros por el momento no resolvieron avanzar con recortes en diferentes \u00e1reas, aunque hubo coincidencias que una de las primeras opciones para hacer frente a esta situaci\u00f3n, ser\u00e1 ralentizar la obra p\u00fablica.<\/p>\n<p>\u201cEn medio de la inflaci\u00f3n de agosto que super\u00f3 el 12 por ciento, ahora para lograr m\u00e1s votos, Massa adem\u00e1s de emitir sin control, anuncia medidas que no se van a poder sostener en el tiempo y que van a perjudicar a las provincias\u201d, expresaron a El Litoral.<\/p>\n<div class=\"container_publi\" data-tipo=\"tipo_desktop \" data-pos=\"AMP_P1_cuerpo\"><\/div>\n<p>\u201cUna de las primeras opciones que se me ocurre, sin entrar mucho en los n\u00fameros, es aplazar algunas obras que estamos haciendo, porque no podemos afectar los salarios y tampoco el volumen del personal\u201d, vaticinaron desde otra de las localidades de Corrientes.<\/p>\n<p>Advertencia<\/p>\n<p>En la misma jornada donde la eliminaci\u00f3n del Impuesto a las ganancias se alistaba para ser sancionado en el Congreso Nacional, el gobernador Gustavo Vald\u00e9s se refiri\u00f3 a las consecuencias de las medidas econ\u00f3micas impulsadas por el Ministro de Econom\u00eda y candidato a Presidente de la Naci\u00f3n Sergio Massa y dijo que \u201cestamos viendo una reducci\u00f3n en las arcas de la Provincia de 30.000 millones. Es importante el impacto que est\u00e1 teniendo\u201d.<\/p>\n<p>\u201cSi seguimos as\u00ed, la responsabilidad del ministro de Econom\u00eda va a llegar a afectar las arcas nacionales y de todas las provincias argentinas, porque est\u00e1 con un \u201cplan platita\u201d pensando exclusivamente en que los vote la gente y no en las obligaciones que tiene el estado, como lo ven\u00edamos haciendo\u201d, acot\u00f3 en esa oportunidad.<\/p>\n<p>En esa l\u00ednea y en medio de un acto pol\u00edtico en la localidad de San Roque, Vald\u00e9s cal\u00f3 un poco m\u00e1s hondo y asegur\u00f3 que \u201clos que ganaron la Naci\u00f3n en 2019 dijeron que ven\u00edan a poner a la Argentina de pie y sin embargo, la pusieron en la pobreza, decadencia y desesperanza. Hoy tenemos la tercera inflaci\u00f3n m\u00e1s alta del mundo&#8221;, fustig\u00f3 y denunci\u00f3 que &#8220;comenzaron a discriminar a los que pensaban distinto&#8221;.<\/p>\n<div class=\"container_publi\" data-tipo=\"tipo_desktop \" data-pos=\"AMP_P2_cuerpo\"><\/div>\n<p>&#8220;Despu\u00e9s de las elecciones Primarias devaluaron, seguramente lo volver\u00e1n a hacer, porque ahora agarraron la caja del Estado nacional y la est\u00e1n destruyendo, haci\u00e9ndole pagar el costo a las provincias argentinas, generando un d\u00e9ficit fiscal a la Rep\u00fablica, pero tambi\u00e9n a las provincias, bajando el IVA y el impuesto al ingreso, que en todo el mundo se paga, para quedar bien, pero no van a quedar bien con nadie, porque van a terminar mal si siguen destrozando la caja del Estado nacional, porque la Naci\u00f3n somos todos&#8221;.<\/p>\n<p>Y advirti\u00f3 que &#8220;de esos ingresos salen los sueldos para los maestros, los enfermeros, la obra p\u00fablica de Corrientes, pero todo esto viene a presagiar el fin del kirchnerismo y lo vamos a hacer con la fuerza y convicci\u00f3n de todos&#8221;.<\/p>\n<p>Ante este escenario se espera que se re\u00fanan con Rivas Piasentini, los representantes de las comunas de Alvear, Bella Vista, Ca\u00e1 Cat\u00ed, Carolina, Corrientes, Cruz de los Milagros, Curuz\u00fa Cuati\u00e1, Ituzaing\u00f3, Lavalle, Mantilla, Paso de la Patria, Perugorr\u00eda, Pueblo Libertador, Riachuelo, San Isidro, San Luis del Palmar, San Miguel, Santo Tom\u00e9, Colonia Tres de Abril, Yatay ti Calle, Loreto, Itat\u00ed, La Cruz, Mocoret\u00e1, It\u00e1 Ibat\u00e9 y Goya<\/p>\n","protected":false},"excerpt":{"rendered":"<p>El Gobierno provincial, a trav\u00e9s del ministro de Hacienda y Finanzas, Marcelo Rivas Piasentini con su equipo t\u00e9cnico-econ\u00f3mico, y los municipios de Corrientes, representados por sus funcionarios a cargo del \u00e1rea econ\u00f3mica comunal, se reunir\u00e1n hoy en Goya para evaluar el impacto de las \u00faltimas medidas econ\u00f3micas en las arcas provinciales. El encuentro se realizar\u00e1 [&hellip;]<\/p>\n","protected":false},"author":2,"featured_media":19039,"comment_status":"closed","ping_status":"closed","sticky":false,"template":"","format":"standard","meta":{"footnotes":""},"categories":[72],"tags":[],"class_list":{"0":"post-19038","1":"post","2":"type-post","3":"status-publish","4":"format-standard","5":"has-post-thumbnail","7":"category-provinciales"},"_links":{"self":[{"href":"https:\/\/radiobitacora.com.ar\/web\/wp-json\/wp\/v2\/posts\/19038","targetHints":{"allow":["GET"]}}],"collection":[{"href":"https:\/\/radiobitacora.com.ar\/web\/wp-json\/wp\/v2\/posts"}],"about":[{"href":"https:\/\/radiobitacora.com.ar\/web\/wp-json\/wp\/v2\/types\/post"}],"author":[{"embeddable":true,"href":"https:\/\/radiobitacora.com.ar\/web\/wp-json\/wp\/v2\/users\/2"}],"replies":[{"embeddable":true,"href":"https:\/\/radiobitacora.com.ar\/web\/wp-json\/wp\/v2\/comments?post=19038"}],"version-history":[{"count":0,"href":"https:\/\/radiobitacora.com.ar\/web\/wp-json\/wp\/v2\/posts\/19038\/revisions"}],"wp:featuredmedia":[{"embeddable":true,"href":"https:\/\/radiobitacora.com.ar\/web\/wp-json\/wp\/v2\/media\/19039"}],"wp:attachment":[{"href":"https:\/\/radiobitacora.com.ar\/web\/wp-json\/wp\/v2\/media?parent=19038"}],"wp:term":[{"taxonomy":"category","embeddable":true,"href":"https:\/\/radiobitacora.com.ar\/web\/wp-json\/wp\/v2\/categories?post=19038"},{"taxonomy":"post_tag","embeddable":true,"href":"https:\/\/radiobitacora.com.ar\/web\/wp-json\/wp\/v2\/tags?post=19038"}],"curies":[{"name":"wp","href":"https:\/\/api.w.org\/{rel}","templated":true}]}}