{"id":19048,"date":"2023-09-21T08:02:15","date_gmt":"2023-09-21T11:02:15","guid":{"rendered":"https:\/\/radiobitacora.com.ar\/web\/?p=19048"},"modified":"2023-09-21T08:02:15","modified_gmt":"2023-09-21T11:02:15","slug":"dia-del-estudiante-por-que-se-festeja-el-21-de-septiembre","status":"publish","type":"post","link":"https:\/\/radiobitacora.com.ar\/web\/2023\/09\/21\/dia-del-estudiante-por-que-se-festeja-el-21-de-septiembre\/","title":{"rendered":"D\u00eda del Estudiante: \u00bfPor qu\u00e9 se festeja el 21 de septiembre?"},"content":{"rendered":"<div class=\"ContainerText\">\n<p>En la creencia popular el\u00a0<strong>D\u00eda del Estudiante<\/strong>\u00a0se celebra el\u00a0<strong>21 de septiembre<\/strong>\u00a0de cada a\u00f1o en coincidencia con el inicio de la primavera en nuestro hemisferio. Pero no es as\u00ed.<\/p>\n<\/div>\n<div class=\"ContainerText\">\n<p>La elecci\u00f3n del D\u00eda del Estudiante fue realizada hace m\u00e1s de un siglo y es un homenaje a uno de los pr\u00f3ceres de nuestra rep\u00fablica:\u00a0<a href=\"https:\/\/www.clarin.com\/tema\/domingo-faustino-sarmiento.html\" target=\"_blank\" rel=\"noopener\">Domingo Faustino Sarmiento<\/a>.<\/p>\n<\/div>\n<div class=\"ContainerText\">\n<p>Es que el 21 de septiembre de 1888 llegaron a Buenos Aires los restos del padre de la educaci\u00f3n nacional, repatriados desde Asunci\u00f3n, Paraguay, donde\u00a0viv\u00eda al momento de su muerte.<\/p>\n<\/div>\n<div class=\"imgWrap\">\n<div class=\"StoryMainImage\"><img decoding=\"async\" class=\"i-amphtml-fill-content i-amphtml-replaced-content\" src=\"https:\/\/www.clarin.com\/img\/2019\/06\/25\/XJ8JjdKWE_720x0__1.jpg\" alt=\"Domingo Faustino Sarmiento (1811-1888)\" \/><\/div>\n<p><span class=\"epigraphe\">Domingo Faustino Sarmiento (1811-1888)<\/span><\/div>\n<div class=\"ContainerText\">\n<p>Como presidente\u00a0(1868-74), este pol\u00edtico, escritor, docente, periodista y militar argentino se encarg\u00f3 de prorrogar su lucha por la\u00a0<strong>educaci\u00f3n p\u00fablica\u00a0<\/strong>que hab\u00eda comenzado en su etapa como gobernador de San Juan.<\/p>\n<\/div>\n<div class=\"ContainerText\">\n<p>Durante sus mandatos, adem\u00e1s de crear m\u00e1s de 800 escuelas de primeras letras y ampliar la poblaci\u00f3n escolar de 30 mil a 110 mil estudiantes, consigui\u00f3 promulgar la educaci\u00f3n p\u00fablica, obligatoria y gratuita.<\/p>\n<\/div>\n<div class=\"ContainerText\">\n<h2>C\u00f3mo se decidi\u00f3 el D\u00eda del Estudiante<\/h2>\n<\/div>\n<div class=\"ContainerText\">\n<p>Cuatro a\u00f1os despu\u00e9s del fallecimiento de Sarmiento, el por entonces presidente del Centro de Estudiantes de la Facultad de Filosof\u00eda y Letras,\u00a0<strong>Salvador Debenedetti<\/strong>, propuso homenajearlo con el &#8220;D\u00eda de los Estudiantes&#8221;.<\/p>\n<\/div>\n<div class=\"ContainerText\">\n<p>De inmediato, la iniciativa de Debenedetti cont\u00f3 con la aprobaci\u00f3n de las autoridades. El evento consist\u00eda en un homenaje a la figura del ex presidente, en el que se le\u00edan fragmentos de sus obras y discursos.<\/p>\n<\/div>\n<div class=\"imgWrap\">\n<div class=\"StoryMainImage\"><img decoding=\"async\" class=\"i-amphtml-fill-content i-amphtml-replaced-content\" src=\"https:\/\/www.clarin.com\/img\/2019\/09\/20\/XPx3A6iW5_720x0__1.jpg\" alt=\"Monumento a Domingo Faustino Sarmiento en el Parque Tres de Febrero. (Foto: Rolando Andrade Stracuzzi).\" \/><\/div>\n<p><span class=\"epigraphe\">Monumento a Domingo Faustino Sarmiento en el Parque Tres de Febrero. (Foto: Rolando Andrade Stracuzzi).<\/span><\/div>\n<div class=\"ContainerText\">\n<p>Y aunque primero solo se realizaba en aquella casa de estudios, la celebraci\u00f3n comenz\u00f3 a ganar notoriedad con el paso del tiempo y se extendi\u00f3 primero a otras universidades y, luego, a todo el espectro educativo.<\/p>\n<\/div>\n","protected":false},"excerpt":{"rendered":"<p>En la creencia popular el\u00a0D\u00eda del Estudiante\u00a0se celebra el\u00a021 de septiembre\u00a0de cada a\u00f1o en coincidencia con el inicio de la primavera en nuestro hemisferio. Pero no es as\u00ed. La elecci\u00f3n del D\u00eda del Estudiante fue realizada hace m\u00e1s de un siglo y es un homenaje a uno de los pr\u00f3ceres de nuestra rep\u00fablica:\u00a0Domingo Faustino Sarmiento. [&hellip;]<\/p>\n","protected":false},"author":2,"featured_media":19049,"comment_status":"closed","ping_status":"closed","sticky":false,"template":"","format":"standard","meta":{"footnotes":""},"categories":[86],"tags":[],"class_list":{"0":"post-19048","1":"post","2":"type-post","3":"status-publish","4":"format-standard","5":"has-post-thumbnail","7":"category-sociedad"},"_links":{"self":[{"href":"https:\/\/radiobitacora.com.ar\/web\/wp-json\/wp\/v2\/posts\/19048","targetHints":{"allow":["GET"]}}],"collection":[{"href":"https:\/\/radiobitacora.com.ar\/web\/wp-json\/wp\/v2\/posts"}],"about":[{"href":"https:\/\/radiobitacora.com.ar\/web\/wp-json\/wp\/v2\/types\/post"}],"author":[{"embeddable":true,"href":"https:\/\/radiobitacora.com.ar\/web\/wp-json\/wp\/v2\/users\/2"}],"replies":[{"embeddable":true,"href":"https:\/\/radiobitacora.com.ar\/web\/wp-json\/wp\/v2\/comments?post=19048"}],"version-history":[{"count":0,"href":"https:\/\/radiobitacora.com.ar\/web\/wp-json\/wp\/v2\/posts\/19048\/revisions"}],"wp:featuredmedia":[{"embeddable":true,"href":"https:\/\/radiobitacora.com.ar\/web\/wp-json\/wp\/v2\/media\/19049"}],"wp:attachment":[{"href":"https:\/\/radiobitacora.com.ar\/web\/wp-json\/wp\/v2\/media?parent=19048"}],"wp:term":[{"taxonomy":"category","embeddable":true,"href":"https:\/\/radiobitacora.com.ar\/web\/wp-json\/wp\/v2\/categories?post=19048"},{"taxonomy":"post_tag","embeddable":true,"href":"https:\/\/radiobitacora.com.ar\/web\/wp-json\/wp\/v2\/tags?post=19048"}],"curies":[{"name":"wp","href":"https:\/\/api.w.org\/{rel}","templated":true}]}}