{"id":19051,"date":"2023-09-21T08:07:10","date_gmt":"2023-09-21T11:07:10","guid":{"rendered":"https:\/\/radiobitacora.com.ar\/web\/?p=19051"},"modified":"2023-09-21T08:07:10","modified_gmt":"2023-09-21T11:07:10","slug":"la-campana-enfrenta-dias-clave-la-satisfaccion-de-massa-por-ganancias-el-techo-electoral-de-milei-y-el-fin-del-silencio-de-cfk","status":"publish","type":"post","link":"https:\/\/radiobitacora.com.ar\/web\/2023\/09\/21\/la-campana-enfrenta-dias-clave-la-satisfaccion-de-massa-por-ganancias-el-techo-electoral-de-milei-y-el-fin-del-silencio-de-cfk\/","title":{"rendered":"La campa\u00f1a enfrenta d\u00edas clave: la satisfacci\u00f3n de Massa por Ganancias, el techo electoral de Milei y el fin del silencio de CFK"},"content":{"rendered":"<p class=\"paragraph\" data-mrf-recirculation=\"Links inline\">En el oficialismo se respira otro aire desde hace dos semanas, cuando<b>\u00a0Sergio Massa<\/b>\u00a0recibi\u00f3 el apoyo masivo de los gobernadores del PJ y logr\u00f3 que el peronismo se muestre activo y encolumnado. El s\u00e1bado 9 de septiembre, en Tucum\u00e1n, hubo un punto de inflexi\u00f3n en la campa\u00f1a. De ah\u00ed en adelante\u00a0<b>el ministro de Econom\u00eda impuso la agenda<\/b>, lanz\u00f3 una bater\u00eda de medidas para amortiguar el impacto de la inflaci\u00f3n y se puso al frente del proceso electoral.<\/p>\n<p class=\"paragraph\" data-mrf-recirculation=\"Links inline\">El \u00faltimo hito en la historia de la campa\u00f1a fue<a href=\"https:\/\/www.infobae.com\/politica\/2023\/09\/20\/con-el-apoyo-de-milei-y-la-izquierda-el-oficialismo-logro-la-media-sancion-para-la-reforma-de-ganancias-en-diputados\/\" target=\"_blank\" rel=\"noopener noreferrer\" data-mrf-link=\"https:\/\/www.infobae.com\/politica\/2023\/09\/20\/con-el-apoyo-de-milei-y-la-izquierda-el-oficialismo-logro-la-media-sancion-para-la-reforma-de-ganancias-en-diputados\/\">\u00a0la media sanci\u00f3n que logr\u00f3 el proyecto de ley que modifica el alcance del impuesto a las Ganancias.<\/a>\u00a0En el b\u00fanker de Uni\u00f3n por la Patria (UP) celebraron haber obtenido el respaldo de un sector de la oposici\u00f3n y empezar a darle un marco legislativo a la medida que anunci\u00f3 Massa la semana pasada y que beneficia a cerca de 700.000 trabajadores.<\/p>\n<p class=\"paragraph\" data-mrf-recirculation=\"Links inline\">La oposici\u00f3n critic\u00f3 duramente la medida, asegur\u00f3 que tendr\u00e1 un costo alto y asegur\u00f3 que tuvo un sentido meramente electoralista. Frente a esa avanzada de cuestionamientos en el oficialismo aseguran que hubo &#8211; y seguir\u00e1 habiendo &#8211; medidas para todos los sectores, y que la discusi\u00f3n de fondo es que el \u201csalario no es ganancia\u201d, la frase simb\u00f3lica que ha representado el reclamo de un sector de los trabajadores formales a lo largo de los \u00faltimos a\u00f1os.<\/p>\n<p class=\"paragraph\" data-mrf-recirculation=\"Links inline\">Lo cierto es que con esa medida y los anuncios diarios,\u00a0<b>en el entorno de Massa consideran que el candidato presidencial logr\u00f3 desplazar a Javier Milei del eje central de la agenda pol\u00edtica<\/b>. Hasta el encuentro pol\u00edtico en Tucum\u00e1n, el arco pol\u00edtico se hab\u00eda movido en referencia a lo que el libertario hab\u00eda planteado en los d\u00edas posteriores a las PASO.<\/p>\n<p class=\"paragraph\" data-mrf-recirculation=\"Links inline\">Esa din\u00e1mica se modific\u00f3 por la decisi\u00f3n de Massa de imprimirle mayor v\u00e9rtigo a la campa\u00f1a y la recomendaci\u00f3n de los asesores de Milei para que reduzca sus apariciones medi\u00e1ticas. Menos ruido, m\u00e1s r\u00e9dito. Hay que saber cu\u00e1ndo y c\u00f3mo golpear, dicen en las oficinas libertarias.<\/p>\n<div class=\"visual__image\"><img loading=\"lazy\" decoding=\"async\" class=\" lazyload\" src=\"https:\/\/www.infobae.com\/new-resizer\/-6Y4-47ZfxTX8R7AUXZFLUjY6N8=\/arc-anglerfish-arc2-prod-infobae\/public\/DOSY5CGGYJDUBO2TVHDDN5TBB4.jpg\" sizes=\"auto, (min-width: 800px) 50vw, 90vw\" srcset=\"https:\/\/www.infobae.com\/new-resizer\/QeBrK5tQWsMTdNWjJgd_DNAVMRc=\/420x236\/filters:format(webp):quality(85)\/cloudfront-us-east-1.images.arcpublishing.com\/infobae\/DOSY5CGGYJDUBO2TVHDDN5TBB4.jpg 420w,https:\/\/www.infobae.com\/new-resizer\/v_RisCzHnmYyBmqQF6Vs9GhgE60=\/768x432\/filters:format(webp):quality(85)\/cloudfront-us-east-1.images.arcpublishing.com\/infobae\/DOSY5CGGYJDUBO2TVHDDN5TBB4.jpg 768w,https:\/\/www.infobae.com\/new-resizer\/v2GBypw3tTsbA34jJ16Tqqh5tUo=\/992x558\/filters:format(webp):quality(85)\/cloudfront-us-east-1.images.arcpublishing.com\/infobae\/DOSY5CGGYJDUBO2TVHDDN5TBB4.jpg 992w,https:\/\/www.infobae.com\/new-resizer\/zLKNnSrA1O5vTzDxWGzk8iGEAnQ=\/1200x675\/filters:format(webp):quality(85)\/cloudfront-us-east-1.images.arcpublishing.com\/infobae\/DOSY5CGGYJDUBO2TVHDDN5TBB4.jpg 1200w,https:\/\/www.infobae.com\/new-resizer\/4SB-xhVoOAP998mthEhWHsdwTwM=\/1440x810\/filters:format(webp):quality(85)\/cloudfront-us-east-1.images.arcpublishing.com\/infobae\/DOSY5CGGYJDUBO2TVHDDN5TBB4.jpg 1440w\" alt=\"En el peronismo creen que la modificaci\u00f3n en el impuesto a las ganancias traer\u00e1 un r\u00e9dito positivo en las elecciones (Maximiliano Luna)\" width=\"1920\" height=\"1080\" data-src=\"https:\/\/www.infobae.com\/new-resizer\/-6Y4-47ZfxTX8R7AUXZFLUjY6N8=\/arc-anglerfish-arc2-prod-infobae\/public\/DOSY5CGGYJDUBO2TVHDDN5TBB4.jpg\" \/>En el peronismo creen que la modificaci\u00f3n en el impuesto a las ganancias traer\u00e1 un r\u00e9dito positivo en las elecciones (Maximiliano Luna)<\/div>\n<p class=\"paragraph\" data-mrf-recirculation=\"Links inline\"><b>\u201cSergio meti\u00f3 un gol. Fue una medida importante y expuso la divisi\u00f3n que hay en Juntos por el Cambio\u201d<\/b>, grafic\u00f3 un funcionario nacional de la \u00f3rbita massista. Ese fraccionamiento que detalla tiene que ver con la decisi\u00f3n de un sector del radicalismo de dar qu\u00f3rum en la C\u00e1mara baja para que la ley sea tratada. No la apoyaron con los votos, pero validaron su tratamiento, lo que trajo ciertos resquemores en la coalici\u00f3n opositora.<\/p>\n<p class=\"paragraph\" data-mrf-recirculation=\"Links inline\">En el oficialismo hay entusiasmo sobre los d\u00edas que vienen. Lo ven a Massa marcando el ritmo de la campa\u00f1a, con respaldo pol\u00edtico de todos las terminales del organigrama peronista y con capacidad de lograr acuerdos con sectores de la oposici\u00f3n. Un candidato diferente al que se vio antes de las PASO, donde concentr\u00f3 la mayor parte del tiempo en la gesti\u00f3n econ\u00f3mica y recibi\u00f3 reclamos de algunos dirigentes que le ped\u00edan que ocupe m\u00e1s tiempo en convencer a los votantes.<\/p>\n<p class=\"paragraph\" data-mrf-recirculation=\"Links inline\">El buen \u00e1nimo de las \u00faltimas horas est\u00e1 ligado a los n\u00fameros de algunas encuestas y el tercer lugar que mantiene Patricia Bullrich, que creci\u00f3 despu\u00e9s de las elecciones primarias, pero que se estanc\u00f3 en 24 puntos, entre seis y siete puntos detr\u00e1s del candidato peronista. Massa sigue en el segundo lugar y Milei en el primero, aunque parece haber tocado su techo despu\u00e9s del pico de popularidad que alcanz\u00f3 con su inesperado triunfo.<\/p>\n<p class=\"paragraph\" data-mrf-recirculation=\"Links inline\">Uno de los consultores m\u00e1s importantes del pa\u00eds grafic\u00f3 ese movimiento en un pu\u00f1ado de palabras. \u201cMilei toc\u00f3 los 40 puntos despu\u00e9s de las PASO y ahora se acomod\u00f3 entre los 36 y 38 puntos.\u00a0<b>Toc\u00f3 el techo y se estanc\u00f3 con un piso alto.\u00a0<\/b>Lleg\u00f3 a estar a 10 puntos de distancia de Massa, pero ya no. El margen para que gane en primera vuelta es acotado, pero es una opci\u00f3n\u201d, explic\u00f3.<\/p>\n<div class=\"visual__image\"><img loading=\"lazy\" decoding=\"async\" class=\" lazyload\" src=\"https:\/\/www.infobae.com\/new-resizer\/50eMIK2X-SoWsAP4_uPtqKsuK4k=\/arc-anglerfish-arc2-prod-infobae\/public\/Z6NCUR3MLFGVPJNKYAWHBFHN7A.jpg\" sizes=\"auto, (min-width: 800px) 50vw, 90vw\" srcset=\"https:\/\/www.infobae.com\/new-resizer\/pMyxdYkGyvOUnCXEYTOlhnlTGYc=\/420x280\/filters:format(webp):quality(85)\/cloudfront-us-east-1.images.arcpublishing.com\/infobae\/Z6NCUR3MLFGVPJNKYAWHBFHN7A.jpg 420w,https:\/\/www.infobae.com\/new-resizer\/jnBuL90x6RMGHHN_7IHZ62Bo24g=\/768x512\/filters:format(webp):quality(85)\/cloudfront-us-east-1.images.arcpublishing.com\/infobae\/Z6NCUR3MLFGVPJNKYAWHBFHN7A.jpg 768w,https:\/\/www.infobae.com\/new-resizer\/xa8-cLByqpfpZ3AGU2Yjztyb0rA=\/992x661\/filters:format(webp):quality(85)\/cloudfront-us-east-1.images.arcpublishing.com\/infobae\/Z6NCUR3MLFGVPJNKYAWHBFHN7A.jpg 992w,https:\/\/www.infobae.com\/new-resizer\/twwnRyyV9NsqylMVhDsl9ryfs30=\/1200x800\/filters:format(webp):quality(85)\/cloudfront-us-east-1.images.arcpublishing.com\/infobae\/Z6NCUR3MLFGVPJNKYAWHBFHN7A.jpg 1200w,https:\/\/www.infobae.com\/new-resizer\/7jZVxmOND4YtilUQ9qXSFML3Hj0=\/1440x960\/filters:format(webp):quality(85)\/cloudfront-us-east-1.images.arcpublishing.com\/infobae\/Z6NCUR3MLFGVPJNKYAWHBFHN7A.jpg 1440w\" alt=\"Seg\u00fan las encuestas que manejan en el b\u00fanker de UP, Milei toc\u00f3 un techo y empez\u00f3 a descender (T\u00e9lam)\" width=\"2891\" height=\"1924\" data-src=\"https:\/\/www.infobae.com\/new-resizer\/50eMIK2X-SoWsAP4_uPtqKsuK4k=\/arc-anglerfish-arc2-prod-infobae\/public\/Z6NCUR3MLFGVPJNKYAWHBFHN7A.jpg\" \/>Seg\u00fan las encuestas que manejan en el b\u00fanker de UP, Milei toc\u00f3 un techo y empez\u00f3 a descender (T\u00e9lam)<\/div>\n<p class=\"paragraph\" data-mrf-recirculation=\"Links inline\">Esos n\u00fameros son similares a los que tienen en el b\u00fanker de calle Mitre, donde consideran que ya se cristaliz\u00f3 el techo de Milei y empez\u00f3 a disiparse el miedo de que gane en primera vuelta, con una diferencia del 10 % de los votos sobre el segundo. La hip\u00f3tesis de que alcance el 45% no tiene sustento ni entre los encuestadores ni en las filas peronistas.<\/p>\n<p class=\"paragraph\" data-mrf-recirculation=\"Links inline\">El escenario que proyectan en el peronismo sigue siendo el mismo que en los \u00faltimos d\u00edas. Creen que ingresar\u00e1n al balotaje junto a Milei y que tienen posibilidades de que Massa se convierta en presidente, porque en la divisi\u00f3n de votos varios sectores de la oposici\u00f3n, como el radicalismo, el peronismo cordob\u00e9s, los partidos provinciales y la izquierda, podr\u00edan acompa\u00f1arlo.<\/p>\n<p class=\"paragraph\" data-mrf-recirculation=\"Links inline\"><b>Sobrevive la teor\u00eda del mal menor bajo el t\u00edtulo: \u201cEs Massa o el abismo\u201d<\/b>. Aunque evitan descalificar a Milei para tratar de atraer a sus votantes, en la proyecci\u00f3n que hacen aseguran que el electorado argentino deber\u00e1 decidir entre la estabilidad y racionalidad del actual ministro, o el fen\u00f3meno revolucionario, sin estructura pol\u00edtica ni conocimiento de la gesti\u00f3n p\u00fablica que representa el l\u00edder libertario.<\/p>\n<p class=\"paragraph\" data-mrf-recirculation=\"Links inline\">Falta un mes para las elecciones, pero en el peronismo se sienten seguros de que podr\u00e1n solidificar el segundo lugar porque\u00a0<b>\u201cno pueden ganar dos derechas\u201d<\/b>. En definitiva, advierten que son el oficialismo y ese rol los acomoda de una mejor forma para contraponer ideas con La Libertad Avanza (LLA) y discutir un modelo de pa\u00eds mientras tratan de correr a Bullrich afuera de la l\u00ednea de cal.<\/p>\n<div class=\"visual__image\"><img loading=\"lazy\" decoding=\"async\" class=\" lazyload\" src=\"https:\/\/www.infobae.com\/new-resizer\/vhBcuUQeWwD_4EtkLxC07FtY0Co=\/arc-anglerfish-arc2-prod-infobae\/public\/WK3QRMHQPRFBZBTWNJLQPWCSM4.jpg\" sizes=\"auto, (min-width: 800px) 50vw, 90vw\" srcset=\"https:\/\/www.infobae.com\/new-resizer\/yaeeJ1ZbjX9edNnL79vIzew3rTk=\/420x280\/filters:format(webp):quality(85)\/cloudfront-us-east-1.images.arcpublishing.com\/infobae\/WK3QRMHQPRFBZBTWNJLQPWCSM4.jpg 420w,https:\/\/www.infobae.com\/new-resizer\/RBlfuG1UP_Ck73ommVNUFjBoYfQ=\/768x512\/filters:format(webp):quality(85)\/cloudfront-us-east-1.images.arcpublishing.com\/infobae\/WK3QRMHQPRFBZBTWNJLQPWCSM4.jpg 768w,https:\/\/www.infobae.com\/new-resizer\/1aM8APtYKPITPOTyhwR0B-Fxbr4=\/992x661\/filters:format(webp):quality(85)\/cloudfront-us-east-1.images.arcpublishing.com\/infobae\/WK3QRMHQPRFBZBTWNJLQPWCSM4.jpg 992w,https:\/\/www.infobae.com\/new-resizer\/2IJL60dxOuZEKHwvUcQ1Gz-836c=\/1200x800\/filters:format(webp):quality(85)\/cloudfront-us-east-1.images.arcpublishing.com\/infobae\/WK3QRMHQPRFBZBTWNJLQPWCSM4.jpg 1200w,https:\/\/www.infobae.com\/new-resizer\/sMjyR5VBk6AJqIQs0eA4KHArBQ8=\/1440x960\/filters:format(webp):quality(85)\/cloudfront-us-east-1.images.arcpublishing.com\/infobae\/WK3QRMHQPRFBZBTWNJLQPWCSM4.jpg 1440w\" alt=\"Cristina Kirchner reaparecer\u00e1 en la escena pol\u00edtica el pr\u00f3ximo s\u00e1bado\" width=\"1920\" height=\"1280\" data-src=\"https:\/\/www.infobae.com\/new-resizer\/vhBcuUQeWwD_4EtkLxC07FtY0Co=\/arc-anglerfish-arc2-prod-infobae\/public\/WK3QRMHQPRFBZBTWNJLQPWCSM4.jpg\" \/>Cristina Kirchner reaparecer\u00e1 en la escena pol\u00edtica el pr\u00f3ximo s\u00e1bado<\/div>\n<p class=\"paragraph\" data-mrf-recirculation=\"Links inline\">A la campa\u00f1a a\u00fan le queda mucho y la mayor\u00eda de los consultores sostienen que\u00a0<b>la percepci\u00f3n de la sociedad puede cambiar en los d\u00edas previos a los comicios.\u00a0<\/b>As\u00ed sucedi\u00f3 con el crecimiento de Milei en la antesala de las PASO. Su avance en las encuestas fue decidido y contundente en los cuatro d\u00edas previos al domingo que la gente vot\u00f3.<\/p>\n<p class=\"paragraph\" data-mrf-recirculation=\"Links inline\">As\u00ed como la media sanci\u00f3n del proyecto de Ganancias fue un moj\u00f3n en la segunda parte del proceso electoral,\u00a0<a href=\"https:\/\/www.infobae.com\/politica\/2023\/09\/19\/tenemos-con-que-y-con-quien-en-su-reaparicion-cristina-kirchner-hablara-del-futuro-en-clave-electoral\/\" target=\"_blank\" rel=\"noopener noreferrer\" data-mrf-link=\"https:\/\/www.infobae.com\/politica\/2023\/09\/19\/tenemos-con-que-y-con-quien-en-su-reaparicion-cristina-kirchner-hablara-del-futuro-en-clave-electoral\/\">la presentaci\u00f3n que encabezar\u00e1\u00a0<b>Cristina Kirchner\u00a0<\/b>el s\u00e1bado en la UMET<\/a>\u00a0es, de antemano, uno de los momentos importantes de este tramo de la campa\u00f1a.<\/p>\n<p class=\"paragraph\" data-mrf-recirculation=\"Links inline\"><b>Hace dos meses que la Vicepresidenta no habla en p\u00fablico.<\/b>\u00a0A\u00fan no se refiri\u00f3 a la derrota en las PASO y al desaf\u00edo que tiene UP en las cuatro semanas que quedan hasta las elecciones generales. Se espera que apunte contra Javier Milei, en sinton\u00eda con la estrategia de polarizaci\u00f3n del peronismo.<\/p>\n<p class=\"paragraph\" data-mrf-recirculation=\"Links inline\">En el massismo son cuidadosos al hablar de CFK.<b>\u00a0No quieren generar ning\u00fan ruido que rompa la armon\u00eda de la campa\u00f1a.<\/b>\u00a0Creen haber dejado sepultado el contrapunto entre Axel Kicillof y la c\u00fapula de La C\u00e1mpora por la \u201cnueva canci\u00f3n\u201d que propuso tocar el gobernador bonaerense y que desat\u00f3 la ira de los cristinistas duros.<\/p>\n<p class=\"paragraph\" data-mrf-recirculation=\"Links inline\"><b>\u201cCristina consolida el voto de Grabois y el que ella representa. No suma nada, pero contiene lo propio\u201d<\/b>, asegur\u00f3 un ministro nacional sobre el regreso de la Vicepresidenta. Una funcionaria K aport\u00f3 una mirada diferente:\u00a0<b>\u201cCristina siempre suma. Es la due\u00f1a de los votos y la l\u00edder del espacio. Y est\u00e1 respaldando a Sergio en todo\u201d<\/b>. Lecturas distintas dentro del mismo universo.<\/p>\n<div class=\"visual__image\"><img loading=\"lazy\" decoding=\"async\" class=\" lazyload\" src=\"https:\/\/www.infobae.com\/new-resizer\/RIQEe_dsHCQN_XGO5trhXx_SZ3g=\/arc-anglerfish-arc2-prod-infobae\/public\/UA5WRW4RVJD2TPYD4BMESEJYKM.jpg\" sizes=\"auto, (min-width: 800px) 50vw, 90vw\" srcset=\"https:\/\/www.infobae.com\/new-resizer\/XLcQgbVvt3ttJ_ocWMT93tipRDE=\/420x236\/filters:format(webp):quality(85)\/cloudfront-us-east-1.images.arcpublishing.com\/infobae\/UA5WRW4RVJD2TPYD4BMESEJYKM.jpg 420w,https:\/\/www.infobae.com\/new-resizer\/NPYslHWaKKzPsOzpeL7su1E1lzk=\/768x432\/filters:format(webp):quality(85)\/cloudfront-us-east-1.images.arcpublishing.com\/infobae\/UA5WRW4RVJD2TPYD4BMESEJYKM.jpg 768w,https:\/\/www.infobae.com\/new-resizer\/Jc65KgMHlorgSa-Im2_qeCZH3Z0=\/992x558\/filters:format(webp):quality(85)\/cloudfront-us-east-1.images.arcpublishing.com\/infobae\/UA5WRW4RVJD2TPYD4BMESEJYKM.jpg 992w,https:\/\/www.infobae.com\/new-resizer\/lOLwGDCscRCBDudrauz0IPpSE2M=\/1200x675\/filters:format(webp):quality(85)\/cloudfront-us-east-1.images.arcpublishing.com\/infobae\/UA5WRW4RVJD2TPYD4BMESEJYKM.jpg 1200w,https:\/\/www.infobae.com\/new-resizer\/OWWmSW46CdU06lNGzHK93qnns1I=\/1440x810\/filters:format(webp):quality(85)\/cloudfront-us-east-1.images.arcpublishing.com\/infobae\/UA5WRW4RVJD2TPYD4BMESEJYKM.jpg 1440w\" alt=\"Seg\u00fan las principales encuestas Sergio Massa ingresar\u00eda al balotaje en el segundo lugar \" width=\"1920\" height=\"1080\" data-src=\"https:\/\/www.infobae.com\/new-resizer\/RIQEe_dsHCQN_XGO5trhXx_SZ3g=\/arc-anglerfish-arc2-prod-infobae\/public\/UA5WRW4RVJD2TPYD4BMESEJYKM.jpg\" \/>Seg\u00fan las principales encuestas Sergio Massa ingresar\u00eda al balotaje en el segundo lugar<\/div>\n<p class=\"paragraph\" data-mrf-recirculation=\"Links inline\"><b>Massa viajar\u00e1 a Santiago del Estero el s\u00e1bado y no estar\u00e1<\/b>\u00a0en la presentaci\u00f3n de la reedici\u00f3n del libro \u201cDespu\u00e9s del derrumbe, Conversaciones de Torcuato Di Tella y N\u00e9stor Kirchner\u201d, donde CFK conversar\u00e1 con Pedro Rosemblat en un auditorio en el que donde se ubicar\u00e1n los nombres propios m\u00e1s importantes del kirchnerismo. Un cl\u00e1sico de los \u00faltimos tiempos.<\/p>\n<p class=\"paragraph\" data-mrf-recirculation=\"Links inline\">No habr\u00e1 foto con el candidato. Su discurso siempre es esperado en el oficialismo, porque suele marcar lo que est\u00e1 pensando y lo que est\u00e1 pasando en los pasillos del espacio pol\u00edtico. A\u00fan no se sabe si su aparici\u00f3n ser\u00e1 la primera de una hilera de presentaciones o solo una intervenci\u00f3n que rompa el largo silencio despu\u00e9s de que la C\u00e1mara de Casaci\u00f3n reabri\u00f3 la causa Hotesur-Los Sauces.<\/p>\n<p class=\"paragraph\" data-mrf-recirculation=\"Links inline\">A esta altura del proceso electoral nadie cree que la Vicepresidenta haga otra cosa distinta a apoyar la candidatura del ministro de Econom\u00eda. Lo har\u00e1 a su forma, con sus frases en doble sentido y sus mensajes entrel\u00edneas. Pero lo har\u00e1.<\/p>\n<p class=\"paragraph\" data-mrf-recirculation=\"Links inline\"><b>Cristina no ha esta presente en la mayor parte de la campa\u00f1a. El foco est\u00e1 puesto en Sergio Massa.<\/b>\u00a0En gran medida, esa es la estrategia electoral que se traz\u00f3 en el b\u00fanker de UP. Que el ministro de Econom\u00eda aparezca en acci\u00f3n despojado de la f\u00f3rmula presidencial. Alberto Fern\u00e1ndez casi no ha compartido tiempo ni anuncios con Massa. Un retrato de cu\u00e1nto le suman y cu\u00e1nto le restan CFK y Fern\u00e1ndez a la candidatura del ministro.<\/p>\n","protected":false},"excerpt":{"rendered":"<p>En el oficialismo se respira otro aire desde hace dos semanas, cuando\u00a0Sergio Massa\u00a0recibi\u00f3 el apoyo masivo de los gobernadores del PJ y logr\u00f3 que el peronismo se muestre activo y encolumnado. El s\u00e1bado 9 de septiembre, en Tucum\u00e1n, hubo un punto de inflexi\u00f3n en la campa\u00f1a. De ah\u00ed en adelante\u00a0el ministro de Econom\u00eda impuso la [&hellip;]<\/p>\n","protected":false},"author":2,"featured_media":19052,"comment_status":"closed","ping_status":"closed","sticky":false,"template":"","format":"standard","meta":{"footnotes":""},"categories":[79],"tags":[],"class_list":{"0":"post-19051","1":"post","2":"type-post","3":"status-publish","4":"format-standard","5":"has-post-thumbnail","7":"category-politica"},"_links":{"self":[{"href":"https:\/\/radiobitacora.com.ar\/web\/wp-json\/wp\/v2\/posts\/19051","targetHints":{"allow":["GET"]}}],"collection":[{"href":"https:\/\/radiobitacora.com.ar\/web\/wp-json\/wp\/v2\/posts"}],"about":[{"href":"https:\/\/radiobitacora.com.ar\/web\/wp-json\/wp\/v2\/types\/post"}],"author":[{"embeddable":true,"href":"https:\/\/radiobitacora.com.ar\/web\/wp-json\/wp\/v2\/users\/2"}],"replies":[{"embeddable":true,"href":"https:\/\/radiobitacora.com.ar\/web\/wp-json\/wp\/v2\/comments?post=19051"}],"version-history":[{"count":0,"href":"https:\/\/radiobitacora.com.ar\/web\/wp-json\/wp\/v2\/posts\/19051\/revisions"}],"wp:featuredmedia":[{"embeddable":true,"href":"https:\/\/radiobitacora.com.ar\/web\/wp-json\/wp\/v2\/media\/19052"}],"wp:attachment":[{"href":"https:\/\/radiobitacora.com.ar\/web\/wp-json\/wp\/v2\/media?parent=19051"}],"wp:term":[{"taxonomy":"category","embeddable":true,"href":"https:\/\/radiobitacora.com.ar\/web\/wp-json\/wp\/v2\/categories?post=19051"},{"taxonomy":"post_tag","embeddable":true,"href":"https:\/\/radiobitacora.com.ar\/web\/wp-json\/wp\/v2\/tags?post=19051"}],"curies":[{"name":"wp","href":"https:\/\/api.w.org\/{rel}","templated":true}]}}