{"id":19054,"date":"2023-09-21T08:11:22","date_gmt":"2023-09-21T11:11:22","guid":{"rendered":"https:\/\/radiobitacora.com.ar\/web\/?p=19054"},"modified":"2023-09-21T08:11:22","modified_gmt":"2023-09-21T11:11:22","slug":"milani-videla-montoneros-y-la-relacion-con-china-el-tenso-cara-a-cara-entre-victoria-villarruel-y-agustin-rossi","status":"publish","type":"post","link":"https:\/\/radiobitacora.com.ar\/web\/2023\/09\/21\/milani-videla-montoneros-y-la-relacion-con-china-el-tenso-cara-a-cara-entre-victoria-villarruel-y-agustin-rossi\/","title":{"rendered":"Milani, Videla, Montoneros y la relaci\u00f3n con China: el tenso cara a cara entre Victoria Villarruel y Agust\u00edn Rossi"},"content":{"rendered":"<p class=\"paragraph\" data-mrf-recirculation=\"Links inline\">La candidata a vicepresidente de La Libertad Avanza,\u00a0<b>Victoria Villarruel<\/b>, y su par de Uni\u00f3n por la Patria,\u00a0<b>Agust\u00edn Rossi<\/b>, protagonizaron uno de los cruces m\u00e1s fuertes en el debate que se llev\u00f3 a cabo con los compa\u00f1eros de f\u00f3rmula de los aspirantes presidenciales de cara a las elecciones generales que se llevar\u00e1n a cabo el pr\u00f3ximo 22 de octubre. Con duras acusaciones por la dictadura y la relaci\u00f3n con China, ambos polarizaron en el primer cara a cara a casi un mes de los comicios.<\/p>\n<p class=\"paragraph\" data-mrf-recirculation=\"Links inline\">La compa\u00f1era de\u00a0<b>Javier Milei<\/b>\u00a0fue quien eligi\u00f3 primero al actual jefe de gabinete e integrante de la f\u00f3rmula oficialista con\u00a0<b>Sergio Massa<\/b>\u00a0para llevar a cabo la primera secci\u00f3n de preguntas y repreguntas que se realiz\u00f3 en el debate. \u201cVos habl\u00e1s mucho de los derechos humanos, pero la realidad es que\u00a0<b>vos sos el que trajo a (C\u00e9sar) Milani al Ej\u00e9rcito y el que lo sostuvo cuando fue acusado de cr\u00edmenes de lesa humanidad<\/b>, as\u00ed que me gustar\u00eda que nos cuentes un poco ese tema, porque es una gran incongruencia\u201d, comenz\u00f3 la candidata libertaria en la pantalla de TN.<\/p>\n<p class=\"paragraph\" data-mrf-recirculation=\"Links inline\">\u201cMilani fue decidido como jefe de Estado Mayor del Ej\u00e9rcito por la presidenta Cristina Fern\u00e1ndez de Kircher, yo era ministro de Defensa. Cuando aparecieron las denuncias sobre su actuaci\u00f3n durante la dictadura militar. Lo dejamos en suspenso y como esas denuncias no se fundamentaron, lo ascendimos a teniente general. Reci\u00e9n fue acusado cuando nosotros nos fuimos del gobierno y sali\u00f3 absolutamente sobrese\u00eddo. Cuando estuvo con nosotros como jefe del Ej\u00e9rcito, nunca estuvo condenado\u201d, se\u00f1al\u00f3 el candidato a vicepresidente.<\/p>\n<p class=\"paragraph\" data-mrf-recirculation=\"Links inline\">En la repregunta, Villarruel se refiri\u00f3 al rol de\u00a0<b>China<\/b>\u00a0por la base satelital que est\u00e1 en la provincia de Neuqu\u00e9n y Rossi se\u00f1al\u00f3 que el gigante asi\u00e1tico es el \u201cprincipal socio comercial de la Argentina, en materia de sector agropecuario\u201d. En tanto, agreg\u00f3: \u201cHemos ingresado a los BRICS que es una de las advocaciones de comercio m\u00e1s importantes del mundo porque representa casi el 38% del PBI del mundo. Por lo tanto, Argentina tiene asociaciones comerciales con China\u201d.<\/p>\n<p class=\"paragraph\" data-mrf-recirculation=\"Links inline\">Y complet\u00f3: \u201cEsa base que vos dec\u00eds que es una base militar, fue enviado al Congreso y fue aprobado en el Senado de la Naci\u00f3n, por eso est\u00e1 esa base en Neuqu\u00e9n\u201d.<\/p>\n<div class=\"visual__image\"><img loading=\"lazy\" decoding=\"async\" class=\" lazyload\" src=\"https:\/\/www.infobae.com\/new-resizer\/ag2TZ6vjPmIW3artQUwNtPZM_Rs=\/arc-anglerfish-arc2-prod-infobae\/public\/JSCMK6RZ4REHBF7XRVTJY6R2WY.JPG\" sizes=\"auto, (min-width: 800px) 50vw, 90vw\" srcset=\"https:\/\/www.infobae.com\/new-resizer\/SzNxYp6lfgh5B1Opq-aKH5g-qpE=\/420x236\/filters:format(webp):quality(85)\/cloudfront-us-east-1.images.arcpublishing.com\/infobae\/JSCMK6RZ4REHBF7XRVTJY6R2WY.JPG 420w,https:\/\/www.infobae.com\/new-resizer\/StnUOvhXAvAYy4c-l9aCsfqexyw=\/768x432\/filters:format(webp):quality(85)\/cloudfront-us-east-1.images.arcpublishing.com\/infobae\/JSCMK6RZ4REHBF7XRVTJY6R2WY.JPG 768w,https:\/\/www.infobae.com\/new-resizer\/gu2pPcwc5mp4KtY_jMcvNymKTBg=\/992x558\/filters:format(webp):quality(85)\/cloudfront-us-east-1.images.arcpublishing.com\/infobae\/JSCMK6RZ4REHBF7XRVTJY6R2WY.JPG 992w,https:\/\/www.infobae.com\/new-resizer\/LBXbqPcQo0Nd8cALAdSJQxqBw0A=\/1200x675\/filters:format(webp):quality(85)\/cloudfront-us-east-1.images.arcpublishing.com\/infobae\/JSCMK6RZ4REHBF7XRVTJY6R2WY.JPG 1200w,https:\/\/www.infobae.com\/new-resizer\/IcSjuDEwbAIVQ104w7QmLcgIJ-I=\/1440x810\/filters:format(webp):quality(85)\/cloudfront-us-east-1.images.arcpublishing.com\/infobae\/JSCMK6RZ4REHBF7XRVTJY6R2WY.JPG 1440w\" alt=\"Rossi y Villarruel polarizaron el debate de los candidatos a vicepresidente (Gustavo Gavotti)\" width=\"1920\" height=\"1080\" data-src=\"https:\/\/www.infobae.com\/new-resizer\/ag2TZ6vjPmIW3artQUwNtPZM_Rs=\/arc-anglerfish-arc2-prod-infobae\/public\/JSCMK6RZ4REHBF7XRVTJY6R2WY.JPG\" \/>Rossi y Villarruel polarizaron el debate de los candidatos a vicepresidente (Gustavo Gavotti)<\/div>\n<p class=\"paragraph\" data-mrf-recirculation=\"Links inline\">Posteriormente, a Rossi le toc\u00f3 su turno para elegir a un candidato para las preguntas y repreguntas, donde se inclin\u00f3 por la compa\u00f1era de f\u00f3rmula de Milei. En el primer cuestionamiento, el ex ministro de Defensa apunt\u00f3 contra los v\u00ednculos de Villarruel con algunos de los nombres relacionados con la \u00faltima Dictadura Militar: \u201cVos dec\u00eds todo el tiempo que est\u00e1s parada defender a las v\u00edctimas, \u00bfqu\u00e9 haces reuni\u00e9ndote con los represores, con los que reprimieron, mataron, apropiaron beb\u00e9s?\u201d.<\/p>\n<p class=\"paragraph\" data-mrf-recirculation=\"Links inline\">\u201cCuando me reun\u00ed con algunas de las personas que han sido condenadas o imputadas por lesa humanidad, lo hice porque estaba investigando para un libro. Tambi\u00e9n me reun\u00ed con Montoneros, a los cuales, siendo terroristas que agredieron a las v\u00edctimas que represento desde hace a\u00f1os, les di la confidencialidad que deb\u00eda al momento de reunirme con ellos y que me contaran los cr\u00edmenes que hab\u00edan cometido en las organizaciones criminales que integraban\u201d, dijo.<\/p>\n<p class=\"paragraph\" data-mrf-recirculation=\"Links inline\">Y agreg\u00f3: \u201cSi aqu\u00ed realmente vos hablaras de derechos humanos, hablar\u00edas de reconocer la verdad, la justicia y la reparaci\u00f3n para estos inocentes que fueron despedazados por coches bombas, secuestrados en secuestros extorsivos, soldados conscriptos de 18 a\u00f1os, asesinados en nombre de una revoluci\u00f3n que nadie les pidi\u00f3 y que tu gobierno justifica. As\u00ed que, en definitiva,\u00a0<b>poco me importa lo que vos creas<\/b>, lo que a m\u00ed me deja muy tranquila es que durante 18 a\u00f1os estuve defendiendo los derechos humanos de los inocentes a los cuales los terroristas, a los que vos defend\u00e9s, agredieron salvajemente\u201d.<\/p>\n<p class=\"paragraph\" data-mrf-recirculation=\"Links inline\">En tanto, la actual diputada de La Libertad Avanza a\u00f1adi\u00f3: \u201cLo que hice es algo plenamente legal, es algo que no es un delito, es algo que te permite conocer la historia que, cuando no la viviste, como es mi caso, porque yo no fui contempor\u00e1nea de los hechos, tal vez no es tu caso, l\u00f3gicamente necesito escuchar de sus protagonistas, me caigan bien o no, lo que pas\u00f3\u201d.<\/p>\n<p class=\"paragraph\" data-mrf-recirculation=\"Links inline\">Rossi volvi\u00f3 a insistir con el cuestionamiento por los v\u00ednculos con los militares que est\u00e1n condenados por delitos de lesa humanidad y dispar\u00f3: \u201cCreo que vos en el fondo reivindicas la dictadura. Nunca te escuch\u00e9 una cr\u00edtica a la dictadura, a la tortura, al robo de bebes. \u00bfSabes a qui\u00e9n me haces acordar? A (Alfredo) At\u00eds, \u00bfviste que se infiltr\u00f3 en la organizaci\u00f3n de las Madres?\u00a0<b>Vos sos una infiltrada de la democracia, vos no crees en la democracia<\/b>\u201d.<\/p>\n<p class=\"paragraph\" data-mrf-recirculation=\"Links inline\">\u201cMe reun\u00ed tambi\u00e9n con terroristas, pero esa parte l\u00f3gicamente no te interesa, porque ustedes garantizan la impunidad de los terroristas. Lamento que te digas democr\u00e1tico cuando defend\u00e9s la impunidad de los terroristas\u201d, replic\u00f3 ante el cierre de los moderadores.<\/p>\n","protected":false},"excerpt":{"rendered":"<p>La candidata a vicepresidente de La Libertad Avanza,\u00a0Victoria Villarruel, y su par de Uni\u00f3n por la Patria,\u00a0Agust\u00edn Rossi, protagonizaron uno de los cruces m\u00e1s fuertes en el debate que se llev\u00f3 a cabo con los compa\u00f1eros de f\u00f3rmula de los aspirantes presidenciales de cara a las elecciones generales que se llevar\u00e1n a cabo el pr\u00f3ximo [&hellip;]<\/p>\n","protected":false},"author":2,"featured_media":19055,"comment_status":"closed","ping_status":"closed","sticky":false,"template":"","format":"standard","meta":{"footnotes":""},"categories":[79],"tags":[],"class_list":{"0":"post-19054","1":"post","2":"type-post","3":"status-publish","4":"format-standard","5":"has-post-thumbnail","7":"category-politica"},"_links":{"self":[{"href":"https:\/\/radiobitacora.com.ar\/web\/wp-json\/wp\/v2\/posts\/19054","targetHints":{"allow":["GET"]}}],"collection":[{"href":"https:\/\/radiobitacora.com.ar\/web\/wp-json\/wp\/v2\/posts"}],"about":[{"href":"https:\/\/radiobitacora.com.ar\/web\/wp-json\/wp\/v2\/types\/post"}],"author":[{"embeddable":true,"href":"https:\/\/radiobitacora.com.ar\/web\/wp-json\/wp\/v2\/users\/2"}],"replies":[{"embeddable":true,"href":"https:\/\/radiobitacora.com.ar\/web\/wp-json\/wp\/v2\/comments?post=19054"}],"version-history":[{"count":0,"href":"https:\/\/radiobitacora.com.ar\/web\/wp-json\/wp\/v2\/posts\/19054\/revisions"}],"wp:featuredmedia":[{"embeddable":true,"href":"https:\/\/radiobitacora.com.ar\/web\/wp-json\/wp\/v2\/media\/19055"}],"wp:attachment":[{"href":"https:\/\/radiobitacora.com.ar\/web\/wp-json\/wp\/v2\/media?parent=19054"}],"wp:term":[{"taxonomy":"category","embeddable":true,"href":"https:\/\/radiobitacora.com.ar\/web\/wp-json\/wp\/v2\/categories?post=19054"},{"taxonomy":"post_tag","embeddable":true,"href":"https:\/\/radiobitacora.com.ar\/web\/wp-json\/wp\/v2\/tags?post=19054"}],"curies":[{"name":"wp","href":"https:\/\/api.w.org\/{rel}","templated":true}]}}