{"id":19060,"date":"2023-09-21T08:28:02","date_gmt":"2023-09-21T11:28:02","guid":{"rendered":"https:\/\/radiobitacora.com.ar\/web\/?p=19060"},"modified":"2023-09-21T08:28:02","modified_gmt":"2023-09-21T11:28:02","slug":"dia-mundial-del-alzheimer-que-es-la-resiliencia-cognitiva-el-nuevo-paradigma-que-permitira-retrasar-la-enfermedad","status":"publish","type":"post","link":"https:\/\/radiobitacora.com.ar\/web\/2023\/09\/21\/dia-mundial-del-alzheimer-que-es-la-resiliencia-cognitiva-el-nuevo-paradigma-que-permitira-retrasar-la-enfermedad\/","title":{"rendered":"D\u00eda Mundial del Alzheimer: qu\u00e9 es la resiliencia cognitiva, el nuevo paradigma que permitir\u00e1 retrasar la enfermedad"},"content":{"rendered":"<p class=\"paragraph\" data-mrf-recirculation=\"Links inline\">Atravesamos una era que brinda la oportunidad de\u00a0<b>vivir de manera prolongada y con calidad<\/b>. Sin embargo, esta realidad presenta retos importantes y ciertas contradicciones para el \u00e1mbito cient\u00edfico y m\u00e9dico, que a veces parece no poder ofrecer respuestas r\u00e1pidas a enfermedades que se multiplican en comunidades con una poblaci\u00f3n cada vez m\u00e1s longeva.<\/p>\n<p class=\"paragraph\" data-mrf-recirculation=\"Links inline\">En el siglo XXI, la ciencia se halla ante un\u00a0<b>dilema:<\/b>\u00a0aunque la expectativa de vida humana ha alcanzado cifras r\u00e9cord y se proyecta que el promedio global ser\u00e1 de 77 a\u00f1os para 2050, este aumento en la longevidad se ve opacado por el surgimiento de\u00a0<b>enfermedades neurodegenerativas<\/b>\u00a0asociadas al proceso de envejecimiento.<\/p>\n<p class=\"paragraph\" data-mrf-recirculation=\"Links inline\">Ante esto, cualquier progreso en el tratamiento de las\u00a0<b>diversas demencias<\/b>, y particularmente en la\u00a0<b>Enfermedad de Alzheimer (EA)<\/b>\u00a0\u2014la forma m\u00e1s com\u00fan\u2014, es de vital importancia. Se estima que hoy m\u00e1s de 55 millones de individuos en el mundo padecen de este mal y otros relacionados. Pero, dado el incremento de la poblaci\u00f3n de edad avanzada, se prev\u00e9 que esta cifra\u00a0<b>podr\u00eda triplicarse para 2050<\/b>, cuando alcanzar\u00eda a m\u00e1s de 150 millones de personas, de acuerdo con una investigaci\u00f3n detallada en la\u00a0<a href=\"https:\/\/www.thelancet.com\/journals\/lanpub\/article\/PIIS2468-2667(21)00249-8\/fulltext\" target=\"_blank\" rel=\"noopener\" data-mrf-link=\"https:\/\/www.thelancet.com\/journals\/lanpub\/article\/PIIS2468-2667(21)00249-8\/fulltext\">revista The Lancet Public Health.<\/a><\/p>\n<p class=\"paragraph\" data-mrf-recirculation=\"Links inline\">En el\u00a0<b>D\u00eda Mundial del Alzheimer,<\/b>\u00a0que se celebra hoy, el siguiente es el detalle de uno de los trabajos m\u00e1s reveladores que se han difundido en los \u00faltimos tiempos y al que<a href=\"https:\/\/www.infobae.com\/america\/ciencia-america\/2023\/07\/20\/resiliencia-cognitiva-el-concepto-que-puede-modificar-el-pronostico-del-alzheimer-para-siempre-y-que-tiene-detras-a-un-cientifico-argentino\/\" target=\"_blank\" rel=\"noopener noreferrer\" data-mrf-link=\"https:\/\/www.infobae.com\/america\/ciencia-america\/2023\/07\/20\/resiliencia-cognitiva-el-concepto-que-puede-modificar-el-pronostico-del-alzheimer-para-siempre-y-que-tiene-detras-a-un-cientifico-argentino\/\"><b>\u00a0Infobae<\/b>\u00a0tuvo acceso en forma exclusiva<\/a>, que tiene detr\u00e1s a una cient\u00edfico argentino: el m\u00e9dico neur\u00f3logo, psiquiatra y fil\u00f3sofo, adem\u00e1s de decano de la Facultad de Medicina de la Universidad de Buenos Aires (UBA),\u00a0<b>Luis Ignacio Brusco.<\/b><\/p>\n<p class=\"paragraph\" data-mrf-recirculation=\"Links inline\">Se trata de una\u00a0<b>mirada<\/b>\u00a0sobre el Alzheimer que se afianza y est\u00e1 basada en la detecci\u00f3n de determinados\u00a0<b>biomarcadores gen\u00e9ticos (Apo-E)\u00a0<\/b>que una vez individualizados permiten establecer una especie de\u00a0<i><b>score\u00a0<\/b><\/i>sobre el grado de susceptibilidad de una persona de desarrollar o no la enfermedad neurodegenerativa.<\/p>\n<div class=\"visual__image\"><img loading=\"lazy\" decoding=\"async\" class=\" lazyload\" src=\"https:\/\/www.infobae.com\/new-resizer\/1EmwXQV8fZYLd5Y7Kc1ds3Kb2bI=\/arc-anglerfish-arc2-prod-infobae\/public\/X2464MAGQFCU5OXVAIEAJ46I54.jpg\" sizes=\"auto, (min-width: 800px) 50vw, 90vw\" srcset=\"https:\/\/www.infobae.com\/new-resizer\/y27nOXxl_vEGSGM-Tw-1Zkb1VDk=\/420x236\/filters:format(webp):quality(85)\/cloudfront-us-east-1.images.arcpublishing.com\/infobae\/X2464MAGQFCU5OXVAIEAJ46I54.jpg 420w,https:\/\/www.infobae.com\/new-resizer\/LkgMIw4S6ZaLGxSJCuLq78NDcQk=\/768x432\/filters:format(webp):quality(85)\/cloudfront-us-east-1.images.arcpublishing.com\/infobae\/X2464MAGQFCU5OXVAIEAJ46I54.jpg 768w,https:\/\/www.infobae.com\/new-resizer\/S03v39d9LoTdFgF9VezV0iw28GM=\/992x558\/filters:format(webp):quality(85)\/cloudfront-us-east-1.images.arcpublishing.com\/infobae\/X2464MAGQFCU5OXVAIEAJ46I54.jpg 992w,https:\/\/www.infobae.com\/new-resizer\/yHoxzCNgkKtSjUxKOTLLbcEWQic=\/1200x675\/filters:format(webp):quality(85)\/cloudfront-us-east-1.images.arcpublishing.com\/infobae\/X2464MAGQFCU5OXVAIEAJ46I54.jpg 1200w,https:\/\/www.infobae.com\/new-resizer\/gr6LjJ9J0zLZQ4yvJ2MRXLZ3nMw=\/1440x810\/filters:format(webp):quality(85)\/cloudfront-us-east-1.images.arcpublishing.com\/infobae\/X2464MAGQFCU5OXVAIEAJ46I54.jpg 1440w\" alt=\"El doctor Luis Brusco es m\u00e9dico neur\u00f3logo, psiquiatra y fil\u00f3sofo, adem\u00e1s de decano de la Facultad de Medicina de la Universidad de Buenos Aires (UBA)\" width=\"1920\" height=\"1080\" data-src=\"https:\/\/www.infobae.com\/new-resizer\/1EmwXQV8fZYLd5Y7Kc1ds3Kb2bI=\/arc-anglerfish-arc2-prod-infobae\/public\/X2464MAGQFCU5OXVAIEAJ46I54.jpg\" \/>El doctor Luis Brusco es m\u00e9dico neur\u00f3logo, psiquiatra y fil\u00f3sofo, adem\u00e1s de decano de la Facultad de Medicina de la Universidad de Buenos Aires (UBA)<\/div>\n<p class=\"paragraph\" data-mrf-recirculation=\"Links inline\">Una vez definido esa especie de umbral o \u201cscore\u201d gen\u00e9tico aparece un nuevo t\u00e9rmino que muestra un flamante\u00a0<b>paradigma en el tratamiento del Alzheimer<\/b>: cu\u00e1l ser\u00e1 la\u00a0<b>resiliencia cognitiva<\/b>\u00a0de esa persona, \u00bfse podr\u00e1 retrasar, posponer o inhibir la aparici\u00f3n de la EA y otras demencias asociadas?<\/p>\n<p class=\"paragraph\" data-mrf-recirculation=\"Links inline\">El doctor<b>\u00a0Brusco\u00a0<\/b>se especializ\u00f3 en los \u00faltimos a\u00f1os en estudiar e investigar la enfermedad de Alzheimer. Y ahora, tras los hallazgos reveladores de\u00a0<b>dos estudios en los que particip\u00f3 como investigador l\u00edder,<\/b>\u00a0revolucion\u00f3 el debate global y local.<\/p>\n<p class=\"paragraph\" data-mrf-recirculation=\"Links inline\">Brusco enfatiz\u00f3 en la necesidad de controlar los<b>\u00a0factores de riesgo<\/b>, especialmente cardiovasculares y\/o metab\u00f3licos, y la detecci\u00f3n temprana de\u00a0<b>biomarcadores (Apo-E)\u00a0<\/b>asociados a s\u00edndromes demenciales como la Enfermedad de Alzheimer (EA), la Demencia Vascular (DV) y la Esclerosis M\u00faltiple (EM) son fundamentales para prevenir y frenar la progresi\u00f3n de estas patolog\u00edas.<\/p>\n<p class=\"paragraph\" data-mrf-recirculation=\"Links inline\">Los resultados del estudio \u201c<a href=\"https:\/\/alz-journals.onlinelibrary.wiley.com\/doi\/10.1016\/j.jalz.2013.08.048\" target=\"_blank\" rel=\"noopener\" data-mrf-link=\"https:\/\/alz-journals.onlinelibrary.wiley.com\/doi\/10.1016\/j.jalz.2013.08.048\"><i>P4-267: Cognitive resilience: APOE-e4 and mixed dementia<\/i><\/a><i>\u201d\u00a0<\/i>publicado en\u00a0<b>The Journal of Alzheimer\u00b4s Association<\/b>\u00a0y que el doctor Brusco\u00a0<b>adelant\u00f3 en exclusiva a Infobae<\/b>, plantea dos aspectos cruciales:<\/p>\n<p class=\"paragraph\" data-mrf-recirculation=\"Links inline\">1-El papel de los\u00a0<b>biomarcadores gen\u00e9ticos<\/b>\u00a0en el riesgo de padecer Alzheimer<\/p>\n<p class=\"paragraph\" data-mrf-recirculation=\"Links inline\">2-C\u00f3mo esto se vincula a la\u00a0<b>resiliencia cognitiva,<\/b>\u00a0un concepto que cambia el panorama de la prevenci\u00f3n de una enfermedad para la que a\u00fan no existe un tratamiento eficaz ni cura.<\/p>\n<div class=\"visual__image\"><img loading=\"lazy\" decoding=\"async\" class=\" lazyload\" src=\"https:\/\/www.infobae.com\/new-resizer\/h3JkBZ7vHN8BLih_jXe9c3IWolc=\/arc-anglerfish-arc2-prod-infobae\/public\/45PSR7Z5BZDCHMM5637SHETF3Y.jpg\" sizes=\"auto, (min-width: 800px) 50vw, 90vw\" srcset=\"https:\/\/www.infobae.com\/new-resizer\/G9DC_Y3dZy91_OmH2eklMzMFBrA=\/420x236\/filters:format(webp):quality(85)\/cloudfront-us-east-1.images.arcpublishing.com\/infobae\/45PSR7Z5BZDCHMM5637SHETF3Y.jpg 420w,https:\/\/www.infobae.com\/new-resizer\/XAR6IYCcqLmRs1Ak9Db8xWxOGPk=\/768x432\/filters:format(webp):quality(85)\/cloudfront-us-east-1.images.arcpublishing.com\/infobae\/45PSR7Z5BZDCHMM5637SHETF3Y.jpg 768w,https:\/\/www.infobae.com\/new-resizer\/pZiv5FAuC1ZcfooQjlY1FUT8guc=\/992x558\/filters:format(webp):quality(85)\/cloudfront-us-east-1.images.arcpublishing.com\/infobae\/45PSR7Z5BZDCHMM5637SHETF3Y.jpg 992w,https:\/\/www.infobae.com\/new-resizer\/_vu17_BZBZYNSTkVi2ik2rPwaPk=\/1200x675\/filters:format(webp):quality(85)\/cloudfront-us-east-1.images.arcpublishing.com\/infobae\/45PSR7Z5BZDCHMM5637SHETF3Y.jpg 1200w,https:\/\/www.infobae.com\/new-resizer\/KKl-T_oEgI2CCj7qIL7jgz5UOng=\/1440x810\/filters:format(webp):quality(85)\/cloudfront-us-east-1.images.arcpublishing.com\/infobae\/45PSR7Z5BZDCHMM5637SHETF3Y.jpg 1440w\" alt=\"&quot;La investigaci\u00f3n permiti\u00f3 observar selectivamente qui\u00e9nes tienen m\u00e1s riesgo de padecer Alzheimer. Determinamos varios genes relacionados con esta patolog\u00eda en nuestra poblaci\u00f3n, en el Cono Sur y en Latinoam\u00e9rica&quot;, dijo Brusco a Infobae\" width=\"1920\" height=\"1080\" data-src=\"https:\/\/www.infobae.com\/new-resizer\/h3JkBZ7vHN8BLih_jXe9c3IWolc=\/arc-anglerfish-arc2-prod-infobae\/public\/45PSR7Z5BZDCHMM5637SHETF3Y.jpg\" \/>&#8220;La investigaci\u00f3n permiti\u00f3 observar selectivamente qui\u00e9nes tienen m\u00e1s riesgo de padecer Alzheimer. Determinamos varios genes relacionados con esta patolog\u00eda en nuestra poblaci\u00f3n, en el Cono Sur y en Latinoam\u00e9rica&#8221;, dijo Brusco a Infobae<\/div>\n<p class=\"paragraph\" data-mrf-recirculation=\"Links inline\">El experto argentino y un equipo internacional de investigadores postularon que la\u00a0<b>resiliencia cognitiva<\/b>, entendida como la\u00a0<b>susceptibilidad o riesgo gen\u00e9tico y ambiental\u00a0<\/b>de padecer Alzheimer, junto a la identificaci\u00f3n de m\u00e1s de\u00a0<b>15 factores de riesgo modificables,<\/b>\u00a0puede<b>\u00a0retrasar\u00a0<\/b>la aparici\u00f3n de la enfermedad neurodegenerativa o incluso lograr que<b>\u00a0no se desarrolle<\/b>\u00a0al tomar medidas preventivas.<\/p>\n<p class=\"paragraph\" data-mrf-recirculation=\"Links inline\">En el estudio mencionado, los investigadores se centraron en el\u00a0<b>control de factores de riesgo<\/b>\u00a0y la<b>\u00a0identificaci\u00f3n de biomarcadores gen\u00e9ticos asociados a s\u00edndromes demenciales<\/b>. El objetivo es encontrar la clave para prevenir y detener la progresi\u00f3n de estas enfermedades. Se han identificado 14 factores de riesgo modificables, como la presi\u00f3n arterial, el colesterol, traumatismos craneales, la obesidad y la calidad del sue\u00f1o. Abordarlos podr\u00eda prolongar la vida saludable y reducir el tiempo vivido con la enfermedad o incluso evitarla.<\/p>\n<p class=\"paragraph\" data-mrf-recirculation=\"Links inline\">\u201cSe sabe que los pacientes que tienen la enfermedad con gen\u00f3mica pueden acceder a medidas preventivas que retrasan su evoluci\u00f3n\u201d, afirm\u00f3 Brusco. Adem\u00e1s, destac\u00f3 la importancia de combatir la obesidad, la hipertensi\u00f3n, el estr\u00e9s y practicar ejercicio aer\u00f3bico. Tambi\u00e9n mencion\u00f3 la relevancia del\u00a0<b>\u201cjogging o training cerebral\u201d<\/b>, que promueve la actividad f\u00edsica y mental regular, fomentando la oxigenaci\u00f3n cerebrovascular y actuando como un escudo contra las demencias.<\/p>\n<h2 class=\"header headline-class-h2\">La resiliencia cognitiva<\/h2>\n<p class=\"paragraph\" data-mrf-recirculation=\"Links inline\">\u201cEl t\u00e9rmino resiliencia cognitiva se refiere a c\u00f3mo nuestro cerebro es capaz de<b>\u00a0soportar las agresiones ambientales<\/b>,\u00a0<b>sociales,<\/b>\u00a0y c\u00f3mo estamos\u00a0<b>preparados gen\u00f3micamente\u00a0<\/b>para soportarlas\u201d, dijo Brusco a\u00a0<b>Infobae<\/b>. Adem\u00e1s, esas \u201cagresiones que hemos tenido en la vida son muchas veces acumulativas, esto es lo que llamamos\u00a0<b>memoria ambiental\u201d.<\/b><\/p>\n<div class=\"visual__image\"><img loading=\"lazy\" decoding=\"async\" class=\" lazyload\" src=\"https:\/\/www.infobae.com\/new-resizer\/tZZCJW_MwzoFkdMWKYmsptgtdBE=\/arc-anglerfish-arc2-prod-infobae\/public\/5KESCTDT2JDKVIHC5SYZE3WK6I.jpg\" sizes=\"auto, (min-width: 800px) 50vw, 90vw\" srcset=\"https:\/\/www.infobae.com\/new-resizer\/pwCbSEzWmhH5hExqbi0s08wJ_GM=\/420x315\/filters:format(webp):quality(85)\/cloudfront-us-east-1.images.arcpublishing.com\/infobae\/5KESCTDT2JDKVIHC5SYZE3WK6I.jpg 420w,https:\/\/www.infobae.com\/new-resizer\/ovlG6VchwI4jgcKFcb4xpG_p_4o=\/768x576\/filters:format(webp):quality(85)\/cloudfront-us-east-1.images.arcpublishing.com\/infobae\/5KESCTDT2JDKVIHC5SYZE3WK6I.jpg 768w,https:\/\/www.infobae.com\/new-resizer\/5XM1M3hQozPRxN5ltIUrgsm3jro=\/992x744\/filters:format(webp):quality(85)\/cloudfront-us-east-1.images.arcpublishing.com\/infobae\/5KESCTDT2JDKVIHC5SYZE3WK6I.jpg 992w,https:\/\/www.infobae.com\/new-resizer\/2t0riHq1Lgo_aoRlrXILPtJxuwk=\/1200x900\/filters:format(webp):quality(85)\/cloudfront-us-east-1.images.arcpublishing.com\/infobae\/5KESCTDT2JDKVIHC5SYZE3WK6I.jpg 1200w,https:\/\/www.infobae.com\/new-resizer\/kuxM82ydyqaPQObftgN217PLdx4=\/1440x1080\/filters:format(webp):quality(85)\/cloudfront-us-east-1.images.arcpublishing.com\/infobae\/5KESCTDT2JDKVIHC5SYZE3WK6I.jpg 1440w\" alt=\"Brusco insisti\u00f3 en que \u201csi uno trata pacientes que tienen riesgo, es decir que tienen menor resiliencia cognitiva, y apuntamos a trabajar sobre los factores modificables podemos hacer que esa persona en un futuro tenga mucho menos posibilidad de tener la enfermedad o por lo menos se retrase el comienzo de la enfermedad\u201d (Freepik)\" width=\"1920\" height=\"1536\" data-src=\"https:\/\/www.infobae.com\/new-resizer\/tZZCJW_MwzoFkdMWKYmsptgtdBE=\/arc-anglerfish-arc2-prod-infobae\/public\/5KESCTDT2JDKVIHC5SYZE3WK6I.jpg\" \/>Brusco insisti\u00f3 en que \u201csi uno trata pacientes que tienen riesgo, es decir que tienen menor resiliencia cognitiva, y apuntamos a trabajar sobre los factores modificables podemos hacer que esa persona en un futuro tenga mucho menos posibilidad de tener la enfermedad o por lo menos se retrase el comienzo de la enfermedad\u201d (Freepik)<\/div>\n<p class=\"paragraph\" data-mrf-recirculation=\"Links inline\">De esta forma, Brusco introdujo al \u00e1mbito cient\u00edfico dos conceptos clave:<b>\u00a0\u201cmemoria ambiental\u201d e \u201cinjuria\u201d.<\/b>\u00a0Explic\u00f3 que, si bien la mayor\u00eda de las personas entienden la \u201cmemoria\u201d como la capacidad de recordar, existe otro tipo esencial, la memoria ambiental que se refiere a los eventos acumulados a lo largo de la vida, como un \u201ctraumatismo de cr\u00e1neo de hace 30 a\u00f1os\u201d, por ejemplo, que puede influir en la aparici\u00f3n temprana de enfermedades como el Alzheimer. Estos eventos pueden aumentar el riesgo gen\u00f3mico de enfermedades. Asimismo, el\u00a0<b>estr\u00e9s cr\u00f3nico<\/b>, el\u00a0<b>trauma\u00a0<\/b>y el\u00a0<b>uso inapropiado de medicamentos<\/b>\u00a0son factores que contribuyen a esta memoria. Estos eventos pueden<b>\u00a0\u201cdisparar\u201d genes\u00a0<\/b>no expresados, un fen\u00f3meno conocido como<b>\u00a0epigen\u00e9tica,<\/b>\u00a0que comienzan a manifestarse debido a esos eventos acumulados.<\/p>\n<p class=\"paragraph\" data-mrf-recirculation=\"Links inline\">Al profundizar en el origen y significado de la\u00a0<b>resiliencia cognitiva<\/b>, el experto indic\u00f3 que \u201cnaci\u00f3 como t\u00e9rmino referido a c\u00f3mo venimos al mundo gen\u00e9ticamente y, a partir de eso,\u00a0<b>vamos cre\u00e1ndonos<\/b>\u00a0como seres vivientes.\u201d En este contexto, resalt\u00f3 la influencia de m\u00faltiples factores en nuestra constituci\u00f3n intelectual y los riesgos asociados a la enfermedad de Alzheimer. La resiliencia cognitiva \u201c<b>es la capacidad de soportar una lesi\u00f3n cerebral\u00a0<\/b>(accidente cerebrovascular, hipertensi\u00f3n arterial, traumatismos, etc) y que no se despierte la enfermedad de Alzheimer\u201d.<\/p>\n<p class=\"paragraph\" data-mrf-recirculation=\"Links inline\">El doctor Brusco profundiz\u00f3 en la importancia de prevenir la aglomeraci\u00f3n de ciertas prote\u00ednas en el cerebro. \u201cLo que hay que evitar es que esas\u00a0<b>prote\u00ednas anormales se acumulen<\/b>\u201d y explic\u00f3 que \u201calgunas personas son menos resilientes y las acumulan por dem\u00e1s y hay personas que son m\u00e1s resilientes, por lo cual tambi\u00e9n\u00a0<b>se puede detectar qui\u00e9nes no tienen riesgo\u00a0<\/b>y pueden soportar<b>\u00a0lesiones (injurias) cerebrales<\/b>, y as\u00ed llegar a los 120 a\u00f1os con un cerebro perfecto\u201d.<\/p>\n<p class=\"paragraph\" data-mrf-recirculation=\"Links inline\">\u201cHoy se sabe que entre 30 o 40 a\u00f1os antes, la persona empieza a movilizar unas prote\u00ednas que se acumulan de manera gradual, pero que a largo plazo son muy problem\u00e1ticas y hacen que el cerebro envejezca\u201d, explic\u00f3. Entonces, a partir del nuevo concepto de resiliencia cognitiva\u00a0<b>\u201clo que queremos hacer es transformar a las personas de baja resiliencia y subirles, como si fuera con un cricket, su umbral de resiliencia cognitiva\u201d.<\/b><\/p>\n<p class=\"paragraph\" data-mrf-recirculation=\"Links inline\">\u201cLa resiliencia\u00a0<b>no es ciencia ficci\u00f3n,<\/b>\u00a0sino una cantidad muy importante de marcadores gen\u00e9ticos que nos permiten detectar, a trav\u00e9s de m\u00e9todos cient\u00edficos y de estudios, qu\u00e9 personas tienen bajo riesgo y qui\u00e9nes tienen alto riesgo\u201d destac\u00f3. Quienes tienen la predisposici\u00f3n gen\u00e9tica a padecer demencia \u201cpueden acceder a medidas preventivas que retrasan su evoluci\u00f3n\u201d, afirm\u00f3.<\/p>\n<h2 class=\"header headline-class-h2\">La ancestr\u00eda y el mapa gen\u00e9tico de la poblaci\u00f3n latina<\/h2>\n<div class=\"visual__image\"><img loading=\"lazy\" decoding=\"async\" class=\" lazyload\" src=\"https:\/\/www.infobae.com\/new-resizer\/lGkbD2TSU6mShNhAga78Oswdy68=\/arc-anglerfish-arc2-prod-infobae\/public\/NQCTQ7XL75BDPGEMJYHEPICKJE.png\" sizes=\"auto, (min-width: 800px) 50vw, 90vw\" srcset=\"https:\/\/www.infobae.com\/new-resizer\/viadZZY9D4LornNYrOktGxwW-aQ=\/420x236\/filters:format(webp):quality(85)\/cloudfront-us-east-1.images.arcpublishing.com\/infobae\/NQCTQ7XL75BDPGEMJYHEPICKJE.png 420w,https:\/\/www.infobae.com\/new-resizer\/3DWKa8ov24cDK2GNRvyuqkOubTo=\/768x432\/filters:format(webp):quality(85)\/cloudfront-us-east-1.images.arcpublishing.com\/infobae\/NQCTQ7XL75BDPGEMJYHEPICKJE.png 768w,https:\/\/www.infobae.com\/new-resizer\/JIduNcSczz19trj3ww4gEWA43A8=\/992x558\/filters:format(webp):quality(85)\/cloudfront-us-east-1.images.arcpublishing.com\/infobae\/NQCTQ7XL75BDPGEMJYHEPICKJE.png 992w,https:\/\/www.infobae.com\/new-resizer\/iSskug_K3Ux6Oh7s_dZb9wRJZnY=\/1200x675\/filters:format(webp):quality(85)\/cloudfront-us-east-1.images.arcpublishing.com\/infobae\/NQCTQ7XL75BDPGEMJYHEPICKJE.png 1200w,https:\/\/www.infobae.com\/new-resizer\/AQaXoMeIcEPUGJQjAiv3xw2Z0eE=\/1440x810\/filters:format(webp):quality(85)\/cloudfront-us-east-1.images.arcpublishing.com\/infobae\/NQCTQ7XL75BDPGEMJYHEPICKJE.png 1440w\" alt=\"&quot;Si hay alto riesgo gen\u00e9tico en el paciente, se puede pensar en retrasar el comienzo del Alzheimer desde 30 a\u00f1os antes de que se produzca la enfermedad&quot;, dijo el neur\u00f3logo Brusco a Infobae (Europa Press).\" width=\"1920\" height=\"1080\" data-src=\"https:\/\/www.infobae.com\/new-resizer\/lGkbD2TSU6mShNhAga78Oswdy68=\/arc-anglerfish-arc2-prod-infobae\/public\/NQCTQ7XL75BDPGEMJYHEPICKJE.png\" \/>&#8220;Si hay alto riesgo gen\u00e9tico en el paciente, se puede pensar en retrasar el comienzo del Alzheimer desde 30 a\u00f1os antes de que se produzca la enfermedad&#8221;, dijo el neur\u00f3logo Brusco a Infobae (Europa Press).<\/div>\n<p class=\"paragraph\" data-mrf-recirculation=\"Links inline\">Brusco, adem\u00e1s de liderar el estudio antes mencionado publicado en\u00a0<b>The Journal of Alzheimer\u00b4s Association<\/b>, es coautor de otro paper \u2014<a href=\"https:\/\/pubmed.ncbi.nlm.nih.gov\/37333771\/\" rel=\"noopener\" data-mrf-link=\"https:\/\/pubmed.ncbi.nlm.nih.gov\/37333771\/\">\u201cAdmixture mapping implicates 13q33.3 as ancestry-of-origin locus for Alzheimer disease in Hispanic and Latino populations<\/a>\u201d\u2014 publicado en la revista\u00a0<b>Human Genetics and Genomics Advances.<\/b><\/p>\n<p class=\"paragraph\" data-mrf-recirculation=\"Links inline\">Ambas investigaciones aportaron nueva evidencia que cambia la perspectiva para el abordaje del Alzheimer. En este \u00faltimo trabajo, los cient\u00edficos identificaron en el\u00a0<b>cromosoma humano 13 variantes gen\u00e9ticas protectoras asociadas a un riesgo reducido de desarrollar la enfermedad de Alzheimer<\/b>\u00a0y determinaron que esa asociaci\u00f3n est\u00e1 vinculada a la \u201c<b>ascendencia nativa americana<\/b>\u201d, lo que se conoce como<b>\u00a0ancestr\u00eda<\/b>, esto es: procedente de pobladores originales del continente americano.<\/p>\n<p class=\"paragraph\" data-mrf-recirculation=\"Links inline\">El m\u00e9dico neur\u00f3logo y psiquiatra precis\u00f3 a este medio que \u201cluego de investigar la\u00a0<b>secuenciaci\u00f3n\u00a0<\/b>del\u00a0<b>genoma\u00a0<\/b>humano \u2014se secuenci\u00f3 el genoma completo de mil personas en la Argentina, la mitad de ellos con Alzheimer\u2014 para evaluar cu\u00e1les son los marcadores de riesgo en m\u00faltiples enfermedades como el c\u00e1ncer, la diabetes y la enfermedad neurodegenerativa, logramos definir con mayor precisi\u00f3n el<b>\u00a0perfil gen\u00e9tico asociado al riesgo de padecer la enfermedad de Alzheimer<\/b>\u201d.<\/p>\n<p class=\"paragraph\" data-mrf-recirculation=\"Links inline\">\u201cLa investigaci\u00f3n permiti\u00f3 observar selectivamente qui\u00e9nes tienen m\u00e1s riesgo de padecer Alzheimer\u201d, dijo, adem\u00e1s, \u201cdeterminamos varios genes relacionados con esta patolog\u00eda en nuestra poblaci\u00f3n, en el Cono Sur y en Latinoam\u00e9rica\u201d. En ese sentido, detall\u00f3 que \u201cexisten\u00a0<b>tres variantes gen\u00e9ticas raras\u00a0<\/b>\u2014TREM2, PLCG2 y ABI3\u2014 que se vinculan a una<b>\u00a0mayor susceptibilidad de padecer Alzheimer<\/b>\u201d.<\/p>\n<div class=\"visual__image\"><img loading=\"lazy\" decoding=\"async\" class=\" lazyload\" src=\"https:\/\/www.infobae.com\/new-resizer\/FWZQqzm533QDu2a1rn4VzHaAw7k=\/arc-anglerfish-arc2-prod-infobae\/public\/NKDB4EGQ5JHWVMWELMPQHYONI4.jpg\" sizes=\"auto, (min-width: 800px) 50vw, 90vw\" srcset=\"https:\/\/www.infobae.com\/new-resizer\/ByOwXuqVpMFhQp9zxGVigV7xfo0=\/420x315\/filters:format(webp):quality(85)\/cloudfront-us-east-1.images.arcpublishing.com\/infobae\/NKDB4EGQ5JHWVMWELMPQHYONI4.jpg 420w,https:\/\/www.infobae.com\/new-resizer\/PQuz3Dlt90uPn1hEDQqhtTOKj5A=\/768x576\/filters:format(webp):quality(85)\/cloudfront-us-east-1.images.arcpublishing.com\/infobae\/NKDB4EGQ5JHWVMWELMPQHYONI4.jpg 768w,https:\/\/www.infobae.com\/new-resizer\/3bLFxaY8iBZZsL5YXUoD5rtBNPw=\/992x744\/filters:format(webp):quality(85)\/cloudfront-us-east-1.images.arcpublishing.com\/infobae\/NKDB4EGQ5JHWVMWELMPQHYONI4.jpg 992w,https:\/\/www.infobae.com\/new-resizer\/SItG2PKja0VfujED_Mm686aR82k=\/1200x900\/filters:format(webp):quality(85)\/cloudfront-us-east-1.images.arcpublishing.com\/infobae\/NKDB4EGQ5JHWVMWELMPQHYONI4.jpg 1200w,https:\/\/www.infobae.com\/new-resizer\/bPjIB2wqhQ1NiEGLk0XiHcrnd1s=\/1440x1080\/filters:format(webp):quality(85)\/cloudfront-us-east-1.images.arcpublishing.com\/infobae\/NKDB4EGQ5JHWVMWELMPQHYONI4.jpg 1440w\" alt=\"Por el crecimiento y envejecimiento de la poblaci\u00f3n, los pacientes con EA podr\u00edan triplicarse para 2050, y llegar a m\u00e1s 150 millones, seg\u00fan un amplio estudio publicado en la revista The Lancet Public Health (Getty)\" width=\"1920\" height=\"1495\" data-src=\"https:\/\/www.infobae.com\/new-resizer\/FWZQqzm533QDu2a1rn4VzHaAw7k=\/arc-anglerfish-arc2-prod-infobae\/public\/NKDB4EGQ5JHWVMWELMPQHYONI4.jpg\" \/>Por el crecimiento y envejecimiento de la poblaci\u00f3n, los pacientes con EA podr\u00edan triplicarse para 2050, y llegar a m\u00e1s 150 millones, seg\u00fan un amplio estudio publicado en la revista The Lancet Public Health (Getty)<\/div>\n<p class=\"paragraph\" data-mrf-recirculation=\"Links inline\">Sobre el estudio del mapeo en poblaciones hispanas y latinas, el experto resalt\u00f3 que es \u201cel primer an\u00e1lisis del genoma completo en la poblaci\u00f3n argentina y el primero en su tipo en Am\u00e9rica Latina\u201d. Este estudio, en el que participaron investigadores de varios pa\u00edses, logr\u00f3\u00a0<b>\u201cdefinir el perfil gen\u00e9tico de la EA,<\/b>\u00a0detectar\u00a0<b>factores de riesgo gen\u00e9tico<\/b>\u00a0para esa enfermedad en la poblaci\u00f3n argentina, y determinar la firma molecular del Alzheimer en diferentes regiones del pa\u00eds\u201d.<\/p>\n<p class=\"paragraph\" data-mrf-recirculation=\"Links inline\">reflexionar sobre la importancia de la ancestr\u00eda en la investigaci\u00f3n, Brusco afirm\u00f3 que la investigaci\u00f3n de la que form\u00f3 parte \u201cmostr\u00f3 que, por la variabilidad \u00e9tnica de los condicionantes gen\u00e9ticos, los factores de riesgo espec\u00edficos de EA pueden traducirse en<b>\u00a0mejoras significativas para la prevenci\u00f3n<\/b>, el diagn\u00f3stico precoz y el tratamiento espec\u00edficos de cada paciente\u201d. Adem\u00e1s, subray\u00f3 que \u201cexisten grupos \u00e9tnicos con una ancestr\u00eda de diferente riesgo, es decir con m\u00e1s o menos posibilidades de padecer Alzheimer\u201d.<\/p>\n<p class=\"paragraph\" data-mrf-recirculation=\"Links inline\">En relaci\u00f3n a la posibilidad de que existan distintos tipos de Alzheimer seg\u00fan la localizaci\u00f3n geogr\u00e1fica de los pacientes, Brusco se\u00f1al\u00f3: \u201cEn nuestro vasto pa\u00eds tenemos diferenciaciones gen\u00f3micas, es muy distinto un nativo y la ancestr\u00eda de un salte\u00f1o que de un patag\u00f3nico. En el Cono Sur tenemos ciertas caracter\u00edsticas gen\u00f3micas,\u00a0<b>no tenemos genes de riesgo y tambi\u00e9n tenemos genes de protecci\u00f3n<\/b>\u201d.<\/p>\n<p class=\"paragraph\" data-mrf-recirculation=\"Links inline\">Finalmente, aludi\u00f3 a las \u201czonas azules\u201d, \u00e1reas del mundo donde las personas viven m\u00e1s a\u00f1os y presentan menos enfermedades neurodegenerativas, y expres\u00f3 la necesidad de identificar estas zonas en Argentina. \u201cSeguro que las hay\u201d, dijo.<\/p>\n","protected":false},"excerpt":{"rendered":"<p>Atravesamos una era que brinda la oportunidad de\u00a0vivir de manera prolongada y con calidad. Sin embargo, esta realidad presenta retos importantes y ciertas contradicciones para el \u00e1mbito cient\u00edfico y m\u00e9dico, que a veces parece no poder ofrecer respuestas r\u00e1pidas a enfermedades que se multiplican en comunidades con una poblaci\u00f3n cada vez m\u00e1s longeva. En el [&hellip;]<\/p>\n","protected":false},"author":2,"featured_media":19061,"comment_status":"closed","ping_status":"closed","sticky":false,"template":"","format":"standard","meta":{"footnotes":""},"categories":[69],"tags":[],"class_list":{"0":"post-19060","1":"post","2":"type-post","3":"status-publish","4":"format-standard","5":"has-post-thumbnail","7":"category-salud"},"_links":{"self":[{"href":"https:\/\/radiobitacora.com.ar\/web\/wp-json\/wp\/v2\/posts\/19060","targetHints":{"allow":["GET"]}}],"collection":[{"href":"https:\/\/radiobitacora.com.ar\/web\/wp-json\/wp\/v2\/posts"}],"about":[{"href":"https:\/\/radiobitacora.com.ar\/web\/wp-json\/wp\/v2\/types\/post"}],"author":[{"embeddable":true,"href":"https:\/\/radiobitacora.com.ar\/web\/wp-json\/wp\/v2\/users\/2"}],"replies":[{"embeddable":true,"href":"https:\/\/radiobitacora.com.ar\/web\/wp-json\/wp\/v2\/comments?post=19060"}],"version-history":[{"count":0,"href":"https:\/\/radiobitacora.com.ar\/web\/wp-json\/wp\/v2\/posts\/19060\/revisions"}],"wp:featuredmedia":[{"embeddable":true,"href":"https:\/\/radiobitacora.com.ar\/web\/wp-json\/wp\/v2\/media\/19061"}],"wp:attachment":[{"href":"https:\/\/radiobitacora.com.ar\/web\/wp-json\/wp\/v2\/media?parent=19060"}],"wp:term":[{"taxonomy":"category","embeddable":true,"href":"https:\/\/radiobitacora.com.ar\/web\/wp-json\/wp\/v2\/categories?post=19060"},{"taxonomy":"post_tag","embeddable":true,"href":"https:\/\/radiobitacora.com.ar\/web\/wp-json\/wp\/v2\/tags?post=19060"}],"curies":[{"name":"wp","href":"https:\/\/api.w.org\/{rel}","templated":true}]}}