{"id":19066,"date":"2023-09-21T08:39:45","date_gmt":"2023-09-21T11:39:45","guid":{"rendered":"https:\/\/radiobitacora.com.ar\/web\/?p=19066"},"modified":"2023-09-21T08:39:45","modified_gmt":"2023-09-21T11:39:45","slug":"se-filtraron-las-fotos-de-leonor-de-espana-en-su-primer-entrenamiento-de-supervivencia-en-el-desierto","status":"publish","type":"post","link":"https:\/\/radiobitacora.com.ar\/web\/2023\/09\/21\/se-filtraron-las-fotos-de-leonor-de-espana-en-su-primer-entrenamiento-de-supervivencia-en-el-desierto\/","title":{"rendered":"Se filtraron las fotos de Leonor de Espa\u00f1a en su primer entrenamiento de supervivencia en el desierto"},"content":{"rendered":"<p>A mediados del mes de agosto,<a href=\"https:\/\/www.revistagente.com\/galerias\/las-primeras-fotos-de-leonor-de-espana-en-su-entrenamiento-militar\/\">\u00a0la<strong>\u00a0princesa Leonor\u00a0<\/strong>(17)<strong>\u00a0<\/strong>comenz\u00f3 su formaci\u00f3n militar<\/a>\u00a0y desde entonces se encuentra en la\u00a0<strong>Academia Militar de Zaragoza\u00a0<\/strong>para afrontar\u00a0sus dos a\u00f1os educativos m\u00e1s duros. En ese sentido, la hija mayor del rey\u00a0<strong>Felipe VI\u00a0<\/strong>y<strong>\u00a0Letizia Ortiz<\/strong>\u00a0ya comenz\u00f3 a dar sus primeros pasos en las\u00a0<strong>estrategias de combate\u00a0y la\u00a0<a href=\"https:\/\/www.revistagente.com\/lifestyle\/leonor-de-espana-reprobo-en-su-primer-entrenamiento-con-armas-y-tuvo-su-primer-accidente\/\">manipulaci\u00f3n de armas<\/a><\/strong>.<strong>\u00a0<\/strong><\/p>\n<p>De la misma manera que lo hicieron su padre y su abuelo, ahora le corresponde a la heredera al trono espa\u00f1ol instruirse militarmente. Cabe recordar que su plan de estudios est\u00e1 controlado por la ministra de Defensa de Espa\u00f1a y se amold\u00f3 para que pudiera cumplirlos en dos a\u00f1os y no en el reglamentario, que son tres.<\/p>\n<p>Bajo ese marco, se filtraron las primeras fotos de la\u00a0<em>royal<\/em>\u00a0en\u00a0<strong>su primer entrenamiento militar de supervivencia en el desierto vivo de Zaragoza<\/strong>, un lugar \u00fanico en Espa\u00f1a situado en la comunidad aut\u00f3noma de Arag\u00f3n. All\u00ed se la vio en plena faena, ducha en el cuerpo a tierra y, por supuesto, enfundada en su uniforme camuflado.<\/p>\n<h2 class=\"wp-block-heading\">Las fotos de Leonor de Espa\u00f1a en su entrenamiento de supervivencia en el desierto<\/h2>\n<figure class=\"wp-block-image size-large\"><img decoding=\"async\" class=\"wp-image-457858\" src=\"https:\/\/www.revistagente.com\/wp-content\/uploads\/2023\/09\/Ftn_092023_Leonor_Training_Military_Academy0011-720x960.jpg.webp\" alt=\"\" data-tapa-url=\"https:\/\/www.revistagente.com\/wp-content\/uploads\/2023\/09\/Ftn_092023_Leonor_Training_Military_Academy0011-720x960.jpg.webp\" data-loaded=\"true\" data-cargado=\"true\" \/><figcaption class=\"wp-element-caption\">Las pr\u00e1cticas de supervivencia de la princesa Leonor se llevan a cabo en un vasto\u00a0territorio semides\u00e9rtico de casi 2.800 km\u00b2\u00a0que alberga una gran\u00a0variedad de flora y fauna.<\/figcaption><\/figure>\n<figure class=\"wp-block-image size-large\"><img decoding=\"async\" class=\"wp-image-457863\" src=\"https:\/\/www.revistagente.com\/wp-content\/uploads\/2023\/09\/Ftn_092023_Leonor_Training_Military_Academy0015-720x960.jpg.webp\" alt=\"\" data-tapa-url=\"https:\/\/www.revistagente.com\/wp-content\/uploads\/2023\/09\/Ftn_092023_Leonor_Training_Military_Academy0015-720x960.jpg.webp\" data-loaded=\"true\" data-cargado=\"true\" \/><figcaption class=\"wp-element-caption\">En esta \u00e9poca del a\u00f1o, la ciudad aragonesa presenta un clima caluroso: las m\u00e1ximas suelen superar a menudo los 30\u00b0C, incluso pasan los 35\u00b0C algunos d\u00edas y ocasionalmente se ha llegado a superar ligeramente la barrera de los 40 grados.<\/figcaption><\/figure>\n<figure class=\"wp-block-image size-large\"><img decoding=\"async\" class=\"wp-image-457860\" src=\"https:\/\/www.revistagente.com\/wp-content\/uploads\/2023\/09\/Ftn_092023_Leonor_Training_Military_Academy0013-720x960.jpg.webp\" alt=\"\" data-tapa-url=\"https:\/\/www.revistagente.com\/wp-content\/uploads\/2023\/09\/Ftn_092023_Leonor_Training_Military_Academy0013-720x960.jpg.webp\" data-loaded=\"true\" data-cargado=\"true\" \/><figcaption class=\"wp-element-caption\">Cabe se\u00f1alar, que a pesar de su clasificaci\u00f3n, no se puede decir que es\u00a0un desierto, en el sentido estricto\u00a0de la palabra. Ya que la zona recibe una\u00a0cantidad moderada de lluvia\u00a0cada a\u00f1o y cuenta con una\u00a0variedad de vida vegetal y animal. En la foto, Leonor cumpliendo un ejercicio bajo el agua.<\/figcaption><\/figure>\n<figure class=\"wp-block-image size-large\"><img decoding=\"async\" class=\"wp-image-457857\" src=\"https:\/\/www.revistagente.com\/wp-content\/uploads\/2023\/09\/Ftn_092023_Leonor_Training_Military_Academy0009-720x540.jpg.webp\" alt=\"\" data-tapa-url=\"https:\/\/www.revistagente.com\/wp-content\/uploads\/2023\/09\/Ftn_092023_Leonor_Training_Military_Academy0009-720x540.jpg.webp\" data-loaded=\"true\" data-cargado=\"true\" \/><figcaption class=\"wp-element-caption\">El Desierto de los Monegros\u00a0est\u00e1 ubicado entre las provincias de\u00a0Zaragoza y Huesca. Su clima extremadamente seco y \u00e1rido le da una apariencia similar a la de un desierto, lo que la hace atractiva para entrenamiento militar. \u00a1La vida de Leonor no es nada f\u00e1cil!<\/figcaption><\/figure>\n<figure class=\"wp-block-image size-large\"><img decoding=\"async\" class=\"wp-image-457859\" src=\"https:\/\/www.revistagente.com\/wp-content\/uploads\/2023\/09\/Ftn_092023_Leonor_Training_Military_Academy0012-720x960.jpg.webp\" alt=\"\" data-tapa-url=\"https:\/\/www.revistagente.com\/wp-content\/uploads\/2023\/09\/Ftn_092023_Leonor_Training_Military_Academy0012-720x960.jpg.webp\" data-loaded=\"true\" data-cargado=\"true\" \/><figcaption class=\"wp-element-caption\">Seg\u00fan trascendi\u00f3, la princesa no tiene un trato especial y es una m\u00e1s del batall\u00f3n a la hora de realizar su estricta formaci\u00f3n como cadete.<\/figcaption><\/figure>\n<figure class=\"wp-block-image size-large\"><img decoding=\"async\" class=\"wp-image-457850\" src=\"https:\/\/www.revistagente.com\/wp-content\/uploads\/2023\/09\/Ftn_092023_Leonor_Training_Military_Academy0001-720x540.jpg.webp\" alt=\"\" data-tapa-url=\"https:\/\/www.revistagente.com\/wp-content\/uploads\/2023\/09\/Ftn_092023_Leonor_Training_Military_Academy0001-720x540.jpg.webp\" data-loaded=\"true\" data-cargado=\"true\" \/><figcaption class=\"wp-element-caption\">Leonor de Espa\u00f1a fue captada compartiendo distintos desaf\u00edos con sus compa\u00f1eros de batall\u00f3n.<\/figcaption><\/figure>\n<figure class=\"wp-block-image size-large\"><img decoding=\"async\" class=\"wp-image-457855\" src=\"https:\/\/www.revistagente.com\/wp-content\/uploads\/2023\/09\/Ftn_092023_Leonor_Training_Military_Academy0008-720x540.jpg.webp\" alt=\"\" data-tapa-url=\"https:\/\/www.revistagente.com\/wp-content\/uploads\/2023\/09\/Ftn_092023_Leonor_Training_Military_Academy0008-720x540.jpg.webp\" data-loaded=\"true\" data-cargado=\"true\" \/><figcaption class=\"wp-element-caption\">De pie, primera a la izquierda, la\u00a0<em>royal<\/em>\u00a0posa con su escuadr\u00f3n en una de sus pr\u00e1cticas de supervivencia.<\/figcaption><\/figure>\n<figure class=\"wp-block-image size-large\"><img decoding=\"async\" class=\"wp-image-457853\" src=\"https:\/\/www.revistagente.com\/wp-content\/uploads\/2023\/09\/Ftn_092023_Leonor_Training_Military_Academy0004-720x970.jpg.webp\" alt=\"\" data-tapa-url=\"https:\/\/www.revistagente.com\/wp-content\/uploads\/2023\/09\/Ftn_092023_Leonor_Training_Military_Academy0004-720x970.jpg.webp\" data-loaded=\"true\" data-cargado=\"true\" \/><figcaption class=\"wp-element-caption\">Desde agosto la\u00a0<em>royal<\/em>, al igual que el resto de los cadetes, no tiene contacto con familiares y amigos fuera de las instalaciones.<\/figcaption><\/figure>\n<figure class=\"wp-block-image size-large is-resized\"><img loading=\"lazy\" decoding=\"async\" class=\"wp-image-457854\" src=\"https:\/\/www.revistagente.com\/wp-content\/uploads\/2023\/09\/Ftn_092023_Leonor_Training_Military_Academy0007-720x1055.jpg.webp\" alt=\"\" width=\"724\" height=\"1061\" data-tapa-url=\"https:\/\/www.revistagente.com\/wp-content\/uploads\/2023\/09\/Ftn_092023_Leonor_Training_Military_Academy0007-720x1055.jpg.webp\" data-loaded=\"true\" data-cargado=\"true\" \/><figcaption class=\"wp-element-caption\">Seg\u00fan trascendi\u00f3, la princesa de Asturias no aprob\u00f3 una pr\u00e1ctica de supervivencia en medio de una batalla, por lo que, deber\u00e1 mejorar en las siguientes pruebas de armas y liderazgo.<\/figcaption><\/figure>\n<figure class=\"wp-block-image size-large\"><img decoding=\"async\" class=\"wp-image-457852\" src=\"https:\/\/www.revistagente.com\/wp-content\/uploads\/2023\/09\/Ftn_092023_Leonor_Training_Military_Academy0003-720x540.jpg.webp\" alt=\"\" data-tapa-url=\"https:\/\/www.revistagente.com\/wp-content\/uploads\/2023\/09\/Ftn_092023_Leonor_Training_Military_Academy0003-720x540.jpg.webp\" data-loaded=\"true\" data-cargado=\"true\" \/><figcaption class=\"wp-element-caption\">Las primeras im\u00e1genes de Leonor bajo instrucci\u00f3n militar.<\/figcaption><\/figure>\n","protected":false},"excerpt":{"rendered":"<p>A mediados del mes de agosto,\u00a0la\u00a0princesa Leonor\u00a0(17)\u00a0comenz\u00f3 su formaci\u00f3n militar\u00a0y desde entonces se encuentra en la\u00a0Academia Militar de Zaragoza\u00a0para afrontar\u00a0sus dos a\u00f1os educativos m\u00e1s duros. En ese sentido, la hija mayor del rey\u00a0Felipe VI\u00a0y\u00a0Letizia Ortiz\u00a0ya comenz\u00f3 a dar sus primeros pasos en las\u00a0estrategias de combate\u00a0y la\u00a0manipulaci\u00f3n de armas.\u00a0 De la misma manera que lo hicieron [&hellip;]<\/p>\n","protected":false},"author":2,"featured_media":19067,"comment_status":"closed","ping_status":"closed","sticky":false,"template":"","format":"standard","meta":{"footnotes":""},"categories":[86],"tags":[],"class_list":{"0":"post-19066","1":"post","2":"type-post","3":"status-publish","4":"format-standard","5":"has-post-thumbnail","7":"category-sociedad"},"_links":{"self":[{"href":"https:\/\/radiobitacora.com.ar\/web\/wp-json\/wp\/v2\/posts\/19066","targetHints":{"allow":["GET"]}}],"collection":[{"href":"https:\/\/radiobitacora.com.ar\/web\/wp-json\/wp\/v2\/posts"}],"about":[{"href":"https:\/\/radiobitacora.com.ar\/web\/wp-json\/wp\/v2\/types\/post"}],"author":[{"embeddable":true,"href":"https:\/\/radiobitacora.com.ar\/web\/wp-json\/wp\/v2\/users\/2"}],"replies":[{"embeddable":true,"href":"https:\/\/radiobitacora.com.ar\/web\/wp-json\/wp\/v2\/comments?post=19066"}],"version-history":[{"count":0,"href":"https:\/\/radiobitacora.com.ar\/web\/wp-json\/wp\/v2\/posts\/19066\/revisions"}],"wp:featuredmedia":[{"embeddable":true,"href":"https:\/\/radiobitacora.com.ar\/web\/wp-json\/wp\/v2\/media\/19067"}],"wp:attachment":[{"href":"https:\/\/radiobitacora.com.ar\/web\/wp-json\/wp\/v2\/media?parent=19066"}],"wp:term":[{"taxonomy":"category","embeddable":true,"href":"https:\/\/radiobitacora.com.ar\/web\/wp-json\/wp\/v2\/categories?post=19066"},{"taxonomy":"post_tag","embeddable":true,"href":"https:\/\/radiobitacora.com.ar\/web\/wp-json\/wp\/v2\/tags?post=19066"}],"curies":[{"name":"wp","href":"https:\/\/api.w.org\/{rel}","templated":true}]}}