{"id":19078,"date":"2023-09-22T07:30:07","date_gmt":"2023-09-22T10:30:07","guid":{"rendered":"https:\/\/radiobitacora.com.ar\/web\/?p=19078"},"modified":"2023-09-22T07:30:07","modified_gmt":"2023-09-22T10:30:07","slug":"inicio-la-estudiantina-goyana","status":"publish","type":"post","link":"https:\/\/radiobitacora.com.ar\/web\/2023\/09\/22\/inicio-la-estudiantina-goyana\/","title":{"rendered":"Inici\u00f3 la Estudiantina Goyana"},"content":{"rendered":"<div class=\"panel-pane pane-token pane-node-body\">\n<div class=\"pane-content\">\n<p class=\"rtejustify\">Organizada por los Centros de Estudiantes de los colegios de la ciudad y con el apoyo de la Municipalidad de Goya a trav\u00e9s de distintas \u00e1reas como por ejemplo Direcci\u00f3n de Juventud, Direcci\u00f3n de Deportes, APS, Direcci\u00f3n de Tr\u00e1nsito, Direcci\u00f3n de Servicios, entre otras, dio inicio este d\u00eda del estudiante la Estudiantina 2023.<\/p>\n<p class=\"rtejustify\">Comenz\u00f3 con el traslado de la antorcha ol\u00edmpica desde plaza Mitre hasta el Ex predio de Massalin Particulares, donde luego del acto inaugural tuvo lugar el Certamen Cultural.<\/p>\n<p class=\"rtejustify\">Con un final ajustado, el colegio Santa Teresa gan\u00f3 el certamen, secundado por el Colegio Nacional \u201cJuan E. Torrent\u201d y el colegio secundario \u201cJos\u00e9 de San Mart\u00edn\u201d, qui\u00e9n para acceder al 3er puesto debi\u00f3 primero desempatar con La Rotonda. Estos fueron los cuatro colegios finalistas entre una veintena de participantes.<\/p>\n<p class=\"rtejustify\">\u00a0Prosigui\u00f3 la jornada con las actividades deportivas que proseguir\u00e1 este viernes desde tempranas horas de la ma\u00f1ana.<\/p>\n<p class=\"rtejustify\">\n<p class=\"rtejustify\">En la calurosa jornada, el municipio brind\u00f3 a los participantes asistencia con varios puntos de hidrataci\u00f3n.<\/p>\n<\/div>\n<\/div>\n<div class=\"panel-separator\"><\/div>\n<div class=\"panel-pane pane-separador-linea\">\n<div class=\"pane-content\"><\/div>\n<\/div>\n","protected":false},"excerpt":{"rendered":"<p>Organizada por los Centros de Estudiantes de los colegios de la ciudad y con el apoyo de la Municipalidad de Goya a trav\u00e9s de distintas \u00e1reas como por ejemplo Direcci\u00f3n de Juventud, Direcci\u00f3n de Deportes, APS, Direcci\u00f3n de Tr\u00e1nsito, Direcci\u00f3n de Servicios, entre otras, dio inicio este d\u00eda del estudiante la Estudiantina 2023. Comenz\u00f3 con [&hellip;]<\/p>\n","protected":false},"author":2,"featured_media":19079,"comment_status":"closed","ping_status":"closed","sticky":false,"template":"","format":"standard","meta":{"footnotes":""},"categories":[56],"tags":[],"class_list":{"0":"post-19078","1":"post","2":"type-post","3":"status-publish","4":"format-standard","5":"has-post-thumbnail","7":"category-locales"},"_links":{"self":[{"href":"https:\/\/radiobitacora.com.ar\/web\/wp-json\/wp\/v2\/posts\/19078","targetHints":{"allow":["GET"]}}],"collection":[{"href":"https:\/\/radiobitacora.com.ar\/web\/wp-json\/wp\/v2\/posts"}],"about":[{"href":"https:\/\/radiobitacora.com.ar\/web\/wp-json\/wp\/v2\/types\/post"}],"author":[{"embeddable":true,"href":"https:\/\/radiobitacora.com.ar\/web\/wp-json\/wp\/v2\/users\/2"}],"replies":[{"embeddable":true,"href":"https:\/\/radiobitacora.com.ar\/web\/wp-json\/wp\/v2\/comments?post=19078"}],"version-history":[{"count":0,"href":"https:\/\/radiobitacora.com.ar\/web\/wp-json\/wp\/v2\/posts\/19078\/revisions"}],"wp:featuredmedia":[{"embeddable":true,"href":"https:\/\/radiobitacora.com.ar\/web\/wp-json\/wp\/v2\/media\/19079"}],"wp:attachment":[{"href":"https:\/\/radiobitacora.com.ar\/web\/wp-json\/wp\/v2\/media?parent=19078"}],"wp:term":[{"taxonomy":"category","embeddable":true,"href":"https:\/\/radiobitacora.com.ar\/web\/wp-json\/wp\/v2\/categories?post=19078"},{"taxonomy":"post_tag","embeddable":true,"href":"https:\/\/radiobitacora.com.ar\/web\/wp-json\/wp\/v2\/tags?post=19078"}],"curies":[{"name":"wp","href":"https:\/\/api.w.org\/{rel}","templated":true}]}}