{"id":19105,"date":"2023-09-25T07:26:37","date_gmt":"2023-09-25T10:26:37","guid":{"rendered":"https:\/\/radiobitacora.com.ar\/web\/?p=19105"},"modified":"2023-09-25T07:26:37","modified_gmt":"2023-09-25T10:26:37","slug":"memorable-gala-de-los-40-anos-del-coro-polifonico-municipal","status":"publish","type":"post","link":"https:\/\/radiobitacora.com.ar\/web\/2023\/09\/25\/memorable-gala-de-los-40-anos-del-coro-polifonico-municipal\/","title":{"rendered":"MEMORABLE GALA DE LOS 40 A\u00d1OS DEL CORO POLIFONICO MUNICIPAL"},"content":{"rendered":"<h3><strong>El Intendente Municipal Mariano Hormaechea participo de la velada en el Teatro Municipal.\u00a0Con una sala colmada en la noche del viernes el Teatro Municipal oficio de \u00e1mbito para tributar al Coro Polif\u00f3nico Municipal y a su creadora Elid\u00eda Andino, al cumplir 40 a\u00f1os de actividad cultural.<\/strong><\/h3>\n<p>La Gala ha sido declarada de Inter\u00e9s Municipal por resoluci\u00f3n de la presidencia del HCD.<\/p>\n<p><img loading=\"lazy\" decoding=\"async\" class=\"size-medium wp-image-46856 alignright entered lazyloaded\" src=\"https:\/\/883radiociudad.gob.ar\/wp-content\/uploads\/2023\/09\/velada-gala-40-anos-coro-1-300x200.jfif.webp\" sizes=\"auto, (max-width: 300px) 100vw, 300px\" srcset=\"https:\/\/883radiociudad.gob.ar\/wp-content\/uploads\/2023\/09\/velada-gala-40-anos-coro-1-300x200.jfif.webp 300w, https:\/\/883radiociudad.gob.ar\/wp-content\/uploads\/2023\/09\/velada-gala-40-anos-coro-1-1024x682.jfif.webp 1024w, https:\/\/883radiociudad.gob.ar\/wp-content\/uploads\/2023\/09\/velada-gala-40-anos-coro-1-768x512.jfif.webp 768w, https:\/\/883radiociudad.gob.ar\/wp-content\/uploads\/2023\/09\/velada-gala-40-anos-coro-1-1536x1023.jfif.webp 1536w, https:\/\/883radiociudad.gob.ar\/wp-content\/uploads\/2023\/09\/velada-gala-40-anos-coro-1.jfif.webp 1600w\" alt=\"\" width=\"300\" height=\"200\" data-lazy-srcset=\"https:\/\/883radiociudad.gob.ar\/wp-content\/uploads\/2023\/09\/velada-gala-40-anos-coro-1-300x200.jfif.webp 300w, https:\/\/883radiociudad.gob.ar\/wp-content\/uploads\/2023\/09\/velada-gala-40-anos-coro-1-1024x682.jfif.webp 1024w, https:\/\/883radiociudad.gob.ar\/wp-content\/uploads\/2023\/09\/velada-gala-40-anos-coro-1-768x512.jfif.webp 768w, https:\/\/883radiociudad.gob.ar\/wp-content\/uploads\/2023\/09\/velada-gala-40-anos-coro-1-1536x1023.jfif.webp 1536w, https:\/\/883radiociudad.gob.ar\/wp-content\/uploads\/2023\/09\/velada-gala-40-anos-coro-1.jfif.webp 1600w\" data-lazy-sizes=\"(max-width: 300px) 100vw, 300px\" data-lazy-src=\"https:\/\/883radiociudad.gob.ar\/wp-content\/uploads\/2023\/09\/velada-gala-40-anos-coro-1-300x200.jfif.webp\" data-lazy-src-webp=\"https:\/\/883radiociudad.gob.ar\/wp-content\/uploads\/2023\/09\/velada-gala-40-anos-coro-1-300x200.jfif.webp\" data-lazy-srcset-webp=\"https:\/\/883radiociudad.gob.ar\/wp-content\/uploads\/2023\/09\/velada-gala-40-anos-coro-1-300x200.jfif.webp 300w, https:\/\/883radiociudad.gob.ar\/wp-content\/uploads\/2023\/09\/velada-gala-40-anos-coro-1-1024x682.jfif.webp 1024w, https:\/\/883radiociudad.gob.ar\/wp-content\/uploads\/2023\/09\/velada-gala-40-anos-coro-1-768x512.jfif.webp 768w, https:\/\/883radiociudad.gob.ar\/wp-content\/uploads\/2023\/09\/velada-gala-40-anos-coro-1-1536x1023.jfif.webp 1536w, https:\/\/883radiociudad.gob.ar\/wp-content\/uploads\/2023\/09\/velada-gala-40-anos-coro-1.jfif.webp 1600w\" data-ll-status=\"loaded\" \/><\/p>\n<p>De la velada en el Teatro Municipal participaron el Presidente de la C\u00e1mara de Diputados de la Provincia Pedro Gerardo Cassani; la Secretaria de Educaci\u00f3n Sonia Espina, el Director de Cultura Manuel Zampar, la Delegada en Goya del Ministerio de Desarrollo Social M\u00f3nica Celes, la Concejal M\u00f3nica Cortinovis, ex directores de cultura y ex coreutas invitados para la ocasi\u00f3n.<\/p>\n<p>La gala tuvo la particularidad de contar en momentos determinados con la direcci\u00f3n de los que han tenido esa responsabilidad de la direcci\u00f3n del Coro, Gerardo Barrientos y Cesar Canev\u00e1.<\/p>\n<p>Como as\u00ed tambi\u00e9n de la participaci\u00f3n de m\u00fasicos invitados como Rudy Dominfguez; Orlando y Tuky Ortiz, Perkins Blanco entre otros.<\/p>\n<p><strong>MARIANO HORMNAECHEA<\/strong><\/p>\n<p><img loading=\"lazy\" decoding=\"async\" class=\"size-medium wp-image-46855 alignleft entered lazyloaded\" src=\"https:\/\/883radiociudad.gob.ar\/wp-content\/uploads\/2023\/09\/velada-gala-40-anos-coro-2-300x200.jfif.webp\" sizes=\"auto, (max-width: 300px) 100vw, 300px\" srcset=\"https:\/\/883radiociudad.gob.ar\/wp-content\/uploads\/2023\/09\/velada-gala-40-anos-coro-2-300x200.jfif.webp 300w, https:\/\/883radiociudad.gob.ar\/wp-content\/uploads\/2023\/09\/velada-gala-40-anos-coro-2-1024x682.jfif.webp 1024w, https:\/\/883radiociudad.gob.ar\/wp-content\/uploads\/2023\/09\/velada-gala-40-anos-coro-2-768x512.jfif.webp 768w, https:\/\/883radiociudad.gob.ar\/wp-content\/uploads\/2023\/09\/velada-gala-40-anos-coro-2-1536x1023.jfif.webp 1536w, https:\/\/883radiociudad.gob.ar\/wp-content\/uploads\/2023\/09\/velada-gala-40-anos-coro-2.jfif.webp 1600w\" alt=\"\" width=\"300\" height=\"200\" data-lazy-srcset=\"https:\/\/883radiociudad.gob.ar\/wp-content\/uploads\/2023\/09\/velada-gala-40-anos-coro-2-300x200.jfif.webp 300w, https:\/\/883radiociudad.gob.ar\/wp-content\/uploads\/2023\/09\/velada-gala-40-anos-coro-2-1024x682.jfif.webp 1024w, https:\/\/883radiociudad.gob.ar\/wp-content\/uploads\/2023\/09\/velada-gala-40-anos-coro-2-768x512.jfif.webp 768w, https:\/\/883radiociudad.gob.ar\/wp-content\/uploads\/2023\/09\/velada-gala-40-anos-coro-2-1536x1023.jfif.webp 1536w, https:\/\/883radiociudad.gob.ar\/wp-content\/uploads\/2023\/09\/velada-gala-40-anos-coro-2.jfif.webp 1600w\" data-lazy-sizes=\"(max-width: 300px) 100vw, 300px\" data-lazy-src=\"https:\/\/883radiociudad.gob.ar\/wp-content\/uploads\/2023\/09\/velada-gala-40-anos-coro-2-300x200.jfif.webp\" data-lazy-src-webp=\"https:\/\/883radiociudad.gob.ar\/wp-content\/uploads\/2023\/09\/velada-gala-40-anos-coro-2-300x200.jfif.webp\" data-lazy-srcset-webp=\"https:\/\/883radiociudad.gob.ar\/wp-content\/uploads\/2023\/09\/velada-gala-40-anos-coro-2-300x200.jfif.webp 300w, https:\/\/883radiociudad.gob.ar\/wp-content\/uploads\/2023\/09\/velada-gala-40-anos-coro-2-1024x682.jfif.webp 1024w, https:\/\/883radiociudad.gob.ar\/wp-content\/uploads\/2023\/09\/velada-gala-40-anos-coro-2-768x512.jfif.webp 768w, https:\/\/883radiociudad.gob.ar\/wp-content\/uploads\/2023\/09\/velada-gala-40-anos-coro-2-1536x1023.jfif.webp 1536w, https:\/\/883radiociudad.gob.ar\/wp-content\/uploads\/2023\/09\/velada-gala-40-anos-coro-2.jfif.webp 1600w\" data-ll-status=\"loaded\" \/><\/p>\n<p>El Intendente Mariano Hormaechea, antes de la funci\u00f3n agradeci\u00f3 la presencia de funcionarios provinciales, municipales, concejales, a los ex directores de cultura, al p\u00fablico para se\u00f1alar: \u201cMe siento honrado de estar participando de este momento especial y particular de los goyanos, estamos celebrando 40 a\u00f1os de la democracia, tan vinculado a los mismos a\u00f1os de creaci\u00f3n de nuestro Coro, que tiene un recorrido musical y de kil\u00f3metros representando a nuestra ciudad, Goya tiene mucho para mostrar desde la cultura, debemos continuar con este camino para fortalecer la vida democr\u00e1tica, riqueza cultural de nuestra ciudad, gracias por la labor del coro, y una vez m\u00e1s reitero la alegr\u00eda de estar acompa\u00f1ando este grato acontecimiento.\u201d<img loading=\"lazy\" decoding=\"async\" class=\"size-medium wp-image-46857 alignright entered lazyloaded\" src=\"https:\/\/883radiociudad.gob.ar\/wp-content\/uploads\/2023\/09\/velada-gala-40-anos-coro-6-300x200.jfif.webp\" sizes=\"auto, (max-width: 300px) 100vw, 300px\" srcset=\"https:\/\/883radiociudad.gob.ar\/wp-content\/uploads\/2023\/09\/velada-gala-40-anos-coro-6-300x200.jfif.webp 300w, https:\/\/883radiociudad.gob.ar\/wp-content\/uploads\/2023\/09\/velada-gala-40-anos-coro-6-1024x682.jfif.webp 1024w, https:\/\/883radiociudad.gob.ar\/wp-content\/uploads\/2023\/09\/velada-gala-40-anos-coro-6-768x512.jfif.webp 768w, https:\/\/883radiociudad.gob.ar\/wp-content\/uploads\/2023\/09\/velada-gala-40-anos-coro-6-1536x1023.jfif.webp 1536w, https:\/\/883radiociudad.gob.ar\/wp-content\/uploads\/2023\/09\/velada-gala-40-anos-coro-6.jfif.webp 1600w\" alt=\"\" width=\"300\" height=\"200\" data-lazy-srcset=\"https:\/\/883radiociudad.gob.ar\/wp-content\/uploads\/2023\/09\/velada-gala-40-anos-coro-6-300x200.jfif.webp 300w, https:\/\/883radiociudad.gob.ar\/wp-content\/uploads\/2023\/09\/velada-gala-40-anos-coro-6-1024x682.jfif.webp 1024w, https:\/\/883radiociudad.gob.ar\/wp-content\/uploads\/2023\/09\/velada-gala-40-anos-coro-6-768x512.jfif.webp 768w, https:\/\/883radiociudad.gob.ar\/wp-content\/uploads\/2023\/09\/velada-gala-40-anos-coro-6-1536x1023.jfif.webp 1536w, https:\/\/883radiociudad.gob.ar\/wp-content\/uploads\/2023\/09\/velada-gala-40-anos-coro-6.jfif.webp 1600w\" data-lazy-sizes=\"(max-width: 300px) 100vw, 300px\" data-lazy-src=\"https:\/\/883radiociudad.gob.ar\/wp-content\/uploads\/2023\/09\/velada-gala-40-anos-coro-6-300x200.jfif.webp\" data-lazy-src-webp=\"https:\/\/883radiociudad.gob.ar\/wp-content\/uploads\/2023\/09\/velada-gala-40-anos-coro-6-300x200.jfif.webp\" data-lazy-srcset-webp=\"https:\/\/883radiociudad.gob.ar\/wp-content\/uploads\/2023\/09\/velada-gala-40-anos-coro-6-300x200.jfif.webp 300w, https:\/\/883radiociudad.gob.ar\/wp-content\/uploads\/2023\/09\/velada-gala-40-anos-coro-6-1024x682.jfif.webp 1024w, https:\/\/883radiociudad.gob.ar\/wp-content\/uploads\/2023\/09\/velada-gala-40-anos-coro-6-768x512.jfif.webp 768w, https:\/\/883radiociudad.gob.ar\/wp-content\/uploads\/2023\/09\/velada-gala-40-anos-coro-6-1536x1023.jfif.webp 1536w, https:\/\/883radiociudad.gob.ar\/wp-content\/uploads\/2023\/09\/velada-gala-40-anos-coro-6.jfif.webp 1600w\" data-ll-status=\"loaded\" \/><\/p>\n<p><strong>GALA<\/strong><\/p>\n<p>Tras lo cual El Coro Polif\u00f3nico Municipal Elid\u00eda Andino, bajo la direcci\u00f3n de la creadora ofreci\u00f3 un repertorio popular, generando aclamaci\u00f3n del p\u00fablico, quien ha disfrutado de cada una de las canciones interpretadas por los coreutas.<\/p>\n<p>Una memorable noche donde la emoci\u00f3n a flor de piel se pudo sentir, percibir d\u00e1ndose esa reciprocidad entre los artistas y el p\u00fablico, celebrando esta ocasi\u00f3n de los 40 a\u00f1os del coro para disfrutar de cada interpretaci\u00f3n.<\/p>\n<p>Al finalizar la velada fueron merecedores de la ovaci\u00f3n, los aplausos y obsequios florales para dejar testimoniado cari\u00f1o, admiraci\u00f3n y respeto por la fecunda labor art\u00edstica y cultural.<\/p>\n","protected":false},"excerpt":{"rendered":"<p>El Intendente Municipal Mariano Hormaechea participo de la velada en el Teatro Municipal.\u00a0Con una sala colmada en la noche del viernes el Teatro Municipal oficio de \u00e1mbito para tributar al Coro Polif\u00f3nico Municipal y a su creadora Elid\u00eda Andino, al cumplir 40 a\u00f1os de actividad cultural. La Gala ha sido declarada de Inter\u00e9s Municipal por [&hellip;]<\/p>\n","protected":false},"author":2,"featured_media":19106,"comment_status":"closed","ping_status":"closed","sticky":false,"template":"","format":"standard","meta":{"footnotes":""},"categories":[56],"tags":[],"class_list":{"0":"post-19105","1":"post","2":"type-post","3":"status-publish","4":"format-standard","5":"has-post-thumbnail","7":"category-locales"},"_links":{"self":[{"href":"https:\/\/radiobitacora.com.ar\/web\/wp-json\/wp\/v2\/posts\/19105","targetHints":{"allow":["GET"]}}],"collection":[{"href":"https:\/\/radiobitacora.com.ar\/web\/wp-json\/wp\/v2\/posts"}],"about":[{"href":"https:\/\/radiobitacora.com.ar\/web\/wp-json\/wp\/v2\/types\/post"}],"author":[{"embeddable":true,"href":"https:\/\/radiobitacora.com.ar\/web\/wp-json\/wp\/v2\/users\/2"}],"replies":[{"embeddable":true,"href":"https:\/\/radiobitacora.com.ar\/web\/wp-json\/wp\/v2\/comments?post=19105"}],"version-history":[{"count":0,"href":"https:\/\/radiobitacora.com.ar\/web\/wp-json\/wp\/v2\/posts\/19105\/revisions"}],"wp:featuredmedia":[{"embeddable":true,"href":"https:\/\/radiobitacora.com.ar\/web\/wp-json\/wp\/v2\/media\/19106"}],"wp:attachment":[{"href":"https:\/\/radiobitacora.com.ar\/web\/wp-json\/wp\/v2\/media?parent=19105"}],"wp:term":[{"taxonomy":"category","embeddable":true,"href":"https:\/\/radiobitacora.com.ar\/web\/wp-json\/wp\/v2\/categories?post=19105"},{"taxonomy":"post_tag","embeddable":true,"href":"https:\/\/radiobitacora.com.ar\/web\/wp-json\/wp\/v2\/tags?post=19105"}],"curies":[{"name":"wp","href":"https:\/\/api.w.org\/{rel}","templated":true}]}}