{"id":19141,"date":"2023-09-26T07:52:52","date_gmt":"2023-09-26T10:52:52","guid":{"rendered":"https:\/\/radiobitacora.com.ar\/web\/?p=19141"},"modified":"2023-09-26T07:52:52","modified_gmt":"2023-09-26T10:52:52","slug":"valdes-recibe-hoy-al-ministro-de-educacion-jaime-perczyk-e-inaugurara-obras-educativas","status":"publish","type":"post","link":"https:\/\/radiobitacora.com.ar\/web\/2023\/09\/26\/valdes-recibe-hoy-al-ministro-de-educacion-jaime-perczyk-e-inaugurara-obras-educativas\/","title":{"rendered":"Vald\u00e9s recibe hoy al ministro de Educaci\u00f3n, Jaime Perczyk e inaugurar\u00e1 obras educativas"},"content":{"rendered":"<p>El gobernador Gustavo Vald\u00e9s hoy recibir\u00e1 al ministro de Educaci\u00f3n de la Naci\u00f3n, Jaime Perczyk, con quien encabezar\u00e1 dos inauguraciones en la ciudad de Corrientes en horas de la tarde. Mientras que por la ma\u00f1ana, presidir\u00e1 la entrega de notebook como parte del programa provincial \u201cIncluir Futuro\u201d en Capital.<\/p>\n<p>De acuerdo a la agenda prevista, Vald\u00e9s iniciar\u00e1 su jornada con la entrega de notebooks del Programa Provincial &#8220;Incluir Futuro&#8221;, el cual se realizar\u00e1 desde las 10 en el Centro de Educaci\u00f3n F\u00edsica (CEF) N\u00ba 1, ubicado en avenida Patagonia 1801 de la ciudad de Corrientes.<\/p>\n<p>Por la tarde Vald\u00e9s recibir\u00e1 al Ministro de Educaci\u00f3n de la Naci\u00f3n Perczyk y desde las 16 habilitar\u00e1n el Jard\u00edn de Infantes Nucleados (JIN) N\u00ba 17 \u00a0&#8220;San Cayetano&#8221; en la Escuela N\u00ba 605, ubicada en Ca\u00f1ada Quiroz.<\/p>\n<p>Seguidamente a las 17.30 inaugurar\u00e1n el Centro de Simulaci\u00f3n de Enfermer\u00eda en el Instituto Superior de Servicio Social &#8220;Remedios de Escalada de San Mart\u00edn&#8221;, ubicado en Yrigoyen 2145 de la Capital.<\/p>\n<div class=\"container_publi\" data-tipo=\"tipo_desktop \" data-pos=\"AMP_P1_cuerpo\"><\/div>\n<p>Esta es la segunda vez en el a\u00f1o que Perczyk llega a Corrientes. En marzo lleg\u00f3 a la provincia acompa\u00f1ado por el Ministro de Obras P\u00fablicas Gabriel Katopodis. En esa oportunidad agradeci\u00f3 la c\u00e1lida bienvenida del gobernador, a quien llam\u00f3 por su nombre de pila. Adem\u00e1s, destac\u00f3 el trabajo en conjunto de Naci\u00f3n-Provincia para promover el uso de la educaci\u00f3n digital. Firm\u00f3 convenios por obras y junto a Vald\u00e9s inaugur\u00f3 el Jard\u00edn de Infantes N\u00b0 46 en el barrio Laguna Seca; la primera etapa de obras correspondientes a la Escuela T\u00e9cnica de Construcciones Portuarias y V\u00edas Navegables y recorrieron las obras de remodelaci\u00f3n que se estaban ejecutando en la Costanera General San Mart\u00edn.<\/p>\n<p>A la llegada de Perczyk, vale recordar que la semana pasada, durante la inauguraci\u00f3n de la Escuela Especial N\u00b016 en Virasoro, Vald\u00e9s destac\u00f3 \u201cque la puesta en marcha de esta nueva Escuela fue posible gracias a la gesti\u00f3n de un \u201cgran ministro de Educaci\u00f3n que tiene la Argentina, como lo es Jaime Perczyk, que me confiri\u00f3 en su nombre el honor de inaugurarla\u201d.<\/p>\n<p>En ese marco, el mandatario provincial ratific\u00f3 una vez m\u00e1s la fuerte \u201capuesta hacia la educaci\u00f3n p\u00fablica de calidad\u201d y en ese sentido mencion\u00f3 que la Provincia ya lleva inaugurados 150 nuevos establecimientos educativos a lo largo y a lo ancho de Corrientes.<\/p>\n<p>\u201cVamos a seguir por este camino sin bajar los brazos, ya que tenemos la fuerza y la firme convicci\u00f3n que es lo mejor para salir adelante\u201d, remarc\u00f3 en esa oportunidad.<\/p>\n<div class=\"container_publi\" data-tipo=\"tipo_desktop \" data-pos=\"AMP_P2_cuerpo\"><\/div>\n<p>Y apostando tambi\u00e9n, a la revoluci\u00f3n del conocimiento, se debe recordar que el gobernador la semana pasada mediante el Programa Provincial \u201cincluir Futuro\u201d entreg\u00f3 730 notebook en Capital entreg\u00f3 730 a alumnos secundarios de los colegios \u201cLuis Federico Leloir\u201d y \u201cManuel Vicente Figuerero\u201d, la escuela t\u00e9cnica Uocra \u201cIslas Malvinas\u201d y el Instituto Superior de M\u00fasica \u201cProf. Carmelo H. De Biasi\u201d.<\/p>\n<p>\u201cInvertir en educaci\u00f3n es la mejor manera de pensar hacia adelante, por eso entregamos 624 notebooks Incluir Futuro a alumnos de la Escuela Normal y la T\u00e9cnica de #SanRoque, como tambi\u00e9n a estudiantes secundarios de #Pando y Colonia La Elisa. Garantizamos acceso al conocimiento\u201d, comparti\u00f3 en las redes sociales tras el acto.<\/p>\n<p>Tambi\u00e9n en la localidad de San Roque entreg\u00f3 624 netbook destinados a los alumnos de la localidad, de Pando y de Colonia La Elisa y como corolario de la semana, en Virasoro presidi\u00f3 la entrega de 659 notebooks a siete establecimientos educativos e inaugur\u00f3 \u00a0la Escuela Especial N\u00b016 \u00a0que incluy\u00f3 una inversi\u00f3n de $300 millones y que albergar\u00e1 a 125 alumnos.<\/p>\n<p>\u201cIncluir Futuro sigue generando oportunidades entre nuestros estudiantes: hoy, en un acto celebrado en la Escuela Normal, 659 de #Virasoro y Colonia Uni\u00f3n fueron beneficiados con su notebook dual.<\/p>\n<div class=\"container_publi\" data-tipo=\"tipo_desktop \" data-pos=\"AMP_P3_cuerpo\"><\/div>\n<p>Una educaci\u00f3n moderna y mejor, en #Corrientes, \u00a1es realidad!\u201d, tuite\u00f3 en esa oportunidad.<\/p>\n","protected":false},"excerpt":{"rendered":"<p>El gobernador Gustavo Vald\u00e9s hoy recibir\u00e1 al ministro de Educaci\u00f3n de la Naci\u00f3n, Jaime Perczyk, con quien encabezar\u00e1 dos inauguraciones en la ciudad de Corrientes en horas de la tarde. Mientras que por la ma\u00f1ana, presidir\u00e1 la entrega de notebook como parte del programa provincial \u201cIncluir Futuro\u201d en Capital. De acuerdo a la agenda prevista, [&hellip;]<\/p>\n","protected":false},"author":2,"featured_media":19142,"comment_status":"closed","ping_status":"closed","sticky":false,"template":"","format":"standard","meta":{"footnotes":""},"categories":[79],"tags":[],"class_list":{"0":"post-19141","1":"post","2":"type-post","3":"status-publish","4":"format-standard","5":"has-post-thumbnail","7":"category-politica"},"_links":{"self":[{"href":"https:\/\/radiobitacora.com.ar\/web\/wp-json\/wp\/v2\/posts\/19141","targetHints":{"allow":["GET"]}}],"collection":[{"href":"https:\/\/radiobitacora.com.ar\/web\/wp-json\/wp\/v2\/posts"}],"about":[{"href":"https:\/\/radiobitacora.com.ar\/web\/wp-json\/wp\/v2\/types\/post"}],"author":[{"embeddable":true,"href":"https:\/\/radiobitacora.com.ar\/web\/wp-json\/wp\/v2\/users\/2"}],"replies":[{"embeddable":true,"href":"https:\/\/radiobitacora.com.ar\/web\/wp-json\/wp\/v2\/comments?post=19141"}],"version-history":[{"count":0,"href":"https:\/\/radiobitacora.com.ar\/web\/wp-json\/wp\/v2\/posts\/19141\/revisions"}],"wp:featuredmedia":[{"embeddable":true,"href":"https:\/\/radiobitacora.com.ar\/web\/wp-json\/wp\/v2\/media\/19142"}],"wp:attachment":[{"href":"https:\/\/radiobitacora.com.ar\/web\/wp-json\/wp\/v2\/media?parent=19141"}],"wp:term":[{"taxonomy":"category","embeddable":true,"href":"https:\/\/radiobitacora.com.ar\/web\/wp-json\/wp\/v2\/categories?post=19141"},{"taxonomy":"post_tag","embeddable":true,"href":"https:\/\/radiobitacora.com.ar\/web\/wp-json\/wp\/v2\/tags?post=19141"}],"curies":[{"name":"wp","href":"https:\/\/api.w.org\/{rel}","templated":true}]}}