{"id":19180,"date":"2023-09-27T09:21:15","date_gmt":"2023-09-27T12:21:15","guid":{"rendered":"https:\/\/radiobitacora.com.ar\/web\/?p=19180"},"modified":"2023-09-27T09:21:15","modified_gmt":"2023-09-27T12:21:15","slug":"el-candidato-a-vicepresidente-agustin-rossi-visitara-corrientes-por-segunda-vez","status":"publish","type":"post","link":"https:\/\/radiobitacora.com.ar\/web\/2023\/09\/27\/el-candidato-a-vicepresidente-agustin-rossi-visitara-corrientes-por-segunda-vez\/","title":{"rendered":"El candidato a vicepresidente Agust\u00edn Rossi visitar\u00e1 Corrientes por segunda vez"},"content":{"rendered":"<p>Este jueves 28 de septiembre el candidato a Vicepresidente de la alianza Uni\u00f3n por la Patria, Agust\u00edn Rossi, visitar\u00e1 la ciudad correntina de Mercedes, informaron fuentes oficiales.<\/p>\n<p>El compa\u00f1ero de f\u00f3rmula de Sergio Massa tiene previsto estar en zona del Paiubre pasada las 9:30 h.\u00a0\u00a0de la ma\u00f1ana para desarrollar una intensa agenda de actividades institucionales y acciones de campa\u00f1a acompa\u00f1ado por candidatos y candidatas de UP Corrientes, intendentes, legisladores nacionales y provinciales, concejales, organizaciones y la militancia del campo nacional.<\/p>\n<p>En esta segunda vista a Corrientes como candidato a vicepresidente de la Naci\u00f3n de UP (la primera fue el 18 de julio pasado previo a las PASO) mantendr\u00e1 en Mercedes encuentros de trabajo con representantes de sociedades rurales, de c\u00e1maras empresariales y comerciales, con sectores del trabajo, con instituciones civiles y profesionales de Mercedes.<\/p>\n<p>Tambi\u00e9n realizar\u00e1 una conferencia de prensa para medios locales, regionales y nacionales que estar\u00e1n presentes. Visitar\u00e1 obras que ejecuta el Estado nacional, como la construcci\u00f3n del radar de defensa, obras viales y de urbanizaci\u00f3n, visitar\u00e1 Parques Nacionales. El actual Jefe de Gabinete de Ministros tambi\u00e9n realizar\u00e1 importantes anuncios sobre gestiones que realizaron los Municipios de Corrientes.<\/p>\n<div class=\"container_publi\" data-tipo=\"tipo_desktop \" data-pos=\"AMP_P1_cuerpo\"><\/div>\n<p>Para finalizar, a las 15 h.\u00a0\u00a0Agust\u00edn Rossi junto a los candidatos y candidatas de UP Corrientes a diputados\/as nacionales, parlamentario\/a del Mercosur, intendentes, legisladores, concejales, organizaciones sociales y la militancia mantendr\u00e1n un encuentro donde compartir\u00e1n el mensaje que enviar\u00e1 para Corrientes el candidato a presidente Sergio Massa y las propuestas de obras para la integraci\u00f3n, generaci\u00f3n de empleo, producci\u00f3n con valor agregado, crecimiento, redistribuci\u00f3n y generaci\u00f3n de nuevos derechos para Corrientes.<\/p>\n","protected":false},"excerpt":{"rendered":"<p>Este jueves 28 de septiembre el candidato a Vicepresidente de la alianza Uni\u00f3n por la Patria, Agust\u00edn Rossi, visitar\u00e1 la ciudad correntina de Mercedes, informaron fuentes oficiales. El compa\u00f1ero de f\u00f3rmula de Sergio Massa tiene previsto estar en zona del Paiubre pasada las 9:30 h.\u00a0\u00a0de la ma\u00f1ana para desarrollar una intensa agenda de actividades institucionales [&hellip;]<\/p>\n","protected":false},"author":2,"featured_media":19181,"comment_status":"closed","ping_status":"closed","sticky":false,"template":"","format":"standard","meta":{"footnotes":""},"categories":[79],"tags":[],"class_list":{"0":"post-19180","1":"post","2":"type-post","3":"status-publish","4":"format-standard","5":"has-post-thumbnail","7":"category-politica"},"_links":{"self":[{"href":"https:\/\/radiobitacora.com.ar\/web\/wp-json\/wp\/v2\/posts\/19180","targetHints":{"allow":["GET"]}}],"collection":[{"href":"https:\/\/radiobitacora.com.ar\/web\/wp-json\/wp\/v2\/posts"}],"about":[{"href":"https:\/\/radiobitacora.com.ar\/web\/wp-json\/wp\/v2\/types\/post"}],"author":[{"embeddable":true,"href":"https:\/\/radiobitacora.com.ar\/web\/wp-json\/wp\/v2\/users\/2"}],"replies":[{"embeddable":true,"href":"https:\/\/radiobitacora.com.ar\/web\/wp-json\/wp\/v2\/comments?post=19180"}],"version-history":[{"count":0,"href":"https:\/\/radiobitacora.com.ar\/web\/wp-json\/wp\/v2\/posts\/19180\/revisions"}],"wp:featuredmedia":[{"embeddable":true,"href":"https:\/\/radiobitacora.com.ar\/web\/wp-json\/wp\/v2\/media\/19181"}],"wp:attachment":[{"href":"https:\/\/radiobitacora.com.ar\/web\/wp-json\/wp\/v2\/media?parent=19180"}],"wp:term":[{"taxonomy":"category","embeddable":true,"href":"https:\/\/radiobitacora.com.ar\/web\/wp-json\/wp\/v2\/categories?post=19180"},{"taxonomy":"post_tag","embeddable":true,"href":"https:\/\/radiobitacora.com.ar\/web\/wp-json\/wp\/v2\/tags?post=19180"}],"curies":[{"name":"wp","href":"https:\/\/api.w.org\/{rel}","templated":true}]}}