{"id":19192,"date":"2023-09-28T07:48:36","date_gmt":"2023-09-28T10:48:36","guid":{"rendered":"https:\/\/radiobitacora.com.ar\/web\/?p=19192"},"modified":"2023-09-28T07:48:36","modified_gmt":"2023-09-28T10:48:36","slug":"valdes-sobre-el-acto-con-massa-no-fuimos-a-ver-adonde-iba-el-fullero","status":"publish","type":"post","link":"https:\/\/radiobitacora.com.ar\/web\/2023\/09\/28\/valdes-sobre-el-acto-con-massa-no-fuimos-a-ver-adonde-iba-el-fullero\/","title":{"rendered":"Vald\u00e9s, sobre el acto con Massa: &#8220;No fuimos a ver ad\u00f3nde iba el fullero&#8221;"},"content":{"rendered":"<p>El gobernador Gustavo Vald\u00e9s encabez\u00f3 anoche un acto pol\u00edtico de presentaci\u00f3n de candidatos de ECO+Vamos Corrientes &#8211; Juntos por el Cambio en la localidad de Gobernador Virasoro, en la campa\u00f1a de cara al 22 de octubre en que se votar\u00e1 a Presidente &#8211; Vice, legisladores nacionales y en el caso de la comuna anfitriona (y otras siete m\u00e1s) tambi\u00e9n definir\u00e1 bancas de concejales.<\/p>\n<p>&nbsp;<\/p>\n<p>En el acto, que comenz\u00f3 15 minutos antes de las 21, Vald\u00e9s fue el principal orador y cerr\u00f3 la noche con un en\u00e9rgico mensaje en que critic\u00f3 al Gobierno Nacional y a su candidato Sergio Massa, como tambi\u00e9n (sin nombrarlo) al libertario Javier Milei. Obviamente, ratific\u00f3 su apoyo a Patricia Bullrich, candidata de la alianza que integra (Juntos por el Cambio), a la vez que pidi\u00f3 a los correntinos el acompa\u00f1amiento a ella en las urnas del 22-O y en la segunda vuelta en caso de que se llegara a esa instancia.<\/p>\n<p>&nbsp;<\/p>\n<p>Pero un momento central de su extenso y enf\u00e1tico discurso se registr\u00f3 cuando el Mandatario se refiri\u00f3 -en modo de aclaraci\u00f3n p\u00fablica- a la reuni\u00f3n con Massa que mantuvo el domingo \u00faltimo en Salta junto con sus pares del Norte Grande. La presencia de Vald\u00e9s y del juje\u00f1o Gerardo Morales (como los radicales que compartieron acto con el candidato de Uni\u00f3n por la Patria) despert\u00f3 algunas especulaciones sobre una hipot\u00e9tica estrategia electoral propia.<\/p>\n<p>&nbsp;<\/p>\n<p>&#8220;Me fui a un acto institucional junto con el gobernador Gerardo Morales, representando a los correntinos y \u00e9l a los juje\u00f1os. Estuvimos para firmar pactos que tienen que ver con Naci\u00f3n y diez provincias (del Norte Grande), pero salieron a decir que hab\u00edamos ido para ver qu\u00e9 hac\u00edamos (en medio de la campa\u00f1a) y ver hacia d\u00f3nde iba fullero (en referencia a Massa). Lo voy a decir por primera vez, p\u00fablicamente, sobre este caso: yo voy a acompa\u00f1ar a Patricia Bullrich, candidata a Presidente de la Naci\u00f3n porque es la \u00fanica que puede transformar a la Argentina&#8221;, acentu\u00f3 con la garganta al l\u00edmite.<\/p>\n<p>&nbsp;<\/p>\n<p>Al inicio de su discurso, Vald\u00e9s record\u00f3 sucesos destacados en los \u00faltimos 40 a\u00f1os de democracia ininterrumpida y en este macro resalt\u00f3 la figura y el protagonismo de Ra\u00fal Ricardo Alfons\u00edn, su m\u00e1ximo referente pol\u00edtico.<\/p>\n<p>&nbsp;<\/p>\n<p>Tras repasar las crisis en los 80, 90 y la de 2001, el Gobernador las encaden\u00f3 a las propuestas de Milei y dispar\u00f3: &#8220;Les digo a aquellos que quieren vender la ficci\u00f3n de la dolarizaci\u00f3n, que eso ya fracas\u00f3 en Argentina. No crean en espejitos de colores, tenemos que tener nuestra propia moneda: debemos tener soberan\u00eda monetaria&#8221;, subray\u00f3.<\/p>\n<p>&nbsp;<\/p>\n<p>Al respecto, tambi\u00e9n critic\u00f3 al actual Gobierno Nacional: &#8220;Hoy es errada la pol\u00edtica monetaria. Tenemos un loco que todos los d\u00edas imprime billetes. Nosotros les dec\u00edamos en su momento: si votan a Alberto Fern\u00e1ndez nos van a convertir en Venezuela. Hoy somos Venezuela, con billetes a patadas, inflaci\u00f3n galopante y con el 50% de pobreza. Pero no nos resignamos a ser Venezuela: queremos ser una patria distinta y eso lo vamos a hacer con Patricia Bullrich&#8221;, asever\u00f3.<\/p>\n<p>&nbsp;<\/p>\n<p>&#8220;No nos olvidemos de lo que pas\u00f3 en Argentina en estos \u00faltimos; hablen con sus hijos sobre lo que pas\u00f3 en estos 40 a\u00f1os de democracia&#8221;, recomend\u00f3.<\/p>\n<p>&nbsp;<\/p>\n<p>&nbsp;<\/p>\n<h2>Bandera yanqui<\/h2>\n<p>&nbsp;<\/p>\n<p>En otro segmento de su mensaje, Vald\u00e9s se refiri\u00f3 de nuevo a Milei, sin mencionarlo. &#8220;Hay algunos que quieren arriar la bandera nacional y levantar la bandera yanqui. Yo soy argentino y quiero morir siendo argentino. Quiero mejorar las cosas, no quiero vende patria. No quiero ver j\u00f3venes resignados por un discurso pesimista&#8221;.<\/p>\n<p>&nbsp;<\/p>\n<p>Tambi\u00e9n cuestion\u00f3 al candidato de Uni\u00f3n por la Patria y plante\u00f3: &#8220;\u00bfC\u00f3mo le vamos a votar a Sergio Massa si le pedimos plata para educaci\u00f3n y nos niega traer para los alumnos computadoras que valen tres veces menos que las locales?&#8221;.<\/p>\n<p>&nbsp;<\/p>\n<p>En este sentido recomend\u00f3: &#8220;No tenemos que votar a los que nos dieron la espalda, a los que se cag&#8230; en la provincia de Corrientes, a los que nos ningunearon&#8230;&#8221;.<\/p>\n<p>&nbsp;<\/p>\n<p>&#8220;Cristina Fern\u00e1ndez y Alberto Fern\u00e1ndez dec\u00edan que iban a poner de pie a la Argentina, pero hoy ellos no est\u00e1n\u2026 y nos dejaron en manos de un fullero. As\u00ed lo nombr\u00f3 la propia Cristina&#8221;, record\u00f3 Vald\u00e9s.<\/p>\n<p>&nbsp;<\/p>\n<p>Finalmente plante\u00f3: &#8220;Tenemos que ver cu\u00e1l es el cambio que queremos. \u00bfQueremos dar un salto al vac\u00edo? No. El \u00fanico cambio en serio y el que nos conviene a los correntinos es Patricia Bullrich. Es la \u00fanica esperanza que tenemos para sacar adelante a la Rep\u00fablica Argentina. La \u00fanica esperanza es Juntos por el Cambio, es Patricia Bullrich, presidente de la Naci\u00f3n. Juntos vamos a construir el futuro de todos&#8221;, concluy\u00f3.<\/p>\n<p>&nbsp;<\/p>\n<h2>Aniversario de San Carlos con acto masivo, inauguraciones y anuncios<\/h2>\n<div class=\"center medium m_image\">\n<figure><picture><source srcset=\"https:\/\/www.diarioepoca.com\/content\/bucket\/0\/1322200w380h217c.jpg.webp\" type=\"image\/webp\" media=\"(min-width: 640px)\" \/><source srcset=\"https:\/\/www.diarioepoca.com\/content\/bucket\/0\/1322200w440h252c.jpg.webp\" type=\"image\/webp\" media=\"(min-width: 300px)\" \/><source srcset=\"https:\/\/www.diarioepoca.com\/content\/bucket\/0\/1322200w380h217c.jpg\" media=\"(min-width: 300px)\" \/><img loading=\"lazy\" decoding=\"async\" class=\"pic\" src=\"https:\/\/www.diarioepoca.com\/content\/bucket\/0\/1322200w380h217c.jpg.webp\" alt=\"\" width=\"380\" height=\"217\" \/><\/picture><\/figure>\n<\/div>\n<p>&nbsp;<\/p>\n<p>Ubicada en el nordeste provincial, sobre el l\u00edmite con Misiones, la localidad de San Carlos conmemor\u00f3 este mi\u00e9rcoles el 146\u00b0 aniversario de su refundaci\u00f3n, en un acto encabezado por el gobernador Gustavo Vald\u00e9s.<\/p>\n<p>&nbsp;<\/p>\n<p>Durante la jornada de celebraci\u00f3n, el Mandatario provincial inaugur\u00f3 el enripiado de la Ruta Provincial N\u00b034 y la refacci\u00f3n de la plaza San Mart\u00edn. Adem\u00e1s, anunci\u00f3 varias inversiones para la localidad, como construcci\u00f3n de viviendas, una escuela t\u00e9cnica y obras en el parque industrial local. Antes, se realiz\u00f3 el tradicional acto conmemorativo con desfile.<\/p>\n<p>&nbsp;<\/p>\n<p>Las obras fueron ejecutadas por parte del Fondo de Desarrollo Rural (FDR) a trav\u00e9s del Ministerio de Producci\u00f3n y consisti\u00f3 en la concreci\u00f3n de cuatro tramos para concluir con la ejecuci\u00f3n de los 40 kil\u00f3metros con un valor de 600 millones de pesos con el objetivo de mejorar la transitabilidad.<\/p>\n<p>&nbsp;<\/p>\n<p>Al hacer uso de la palabra, el Mandatario anunci\u00f3: &#8220;Terminamos este largo anhelo de enripiar la ruta y tenemos que seguir alrededor de diez kil\u00f3metros m\u00e1s&#8221;.<\/p>\n<p>&nbsp;<\/p>\n<p>Adem\u00e1s, Vald\u00e9s remarc\u00f3 que las obras fueron realizadas con fondos propios de la Provincia y sostuvo: &#8220;Para tener este suelo y camino debemos invertir y dar un mejor servicio para la accesibilidad a los vecinos de los distintos lugares&#8221;.<\/p>\n<p>&nbsp;<\/p>\n<p>Posteriormente, se llev\u00f3 a cabo la habilitaci\u00f3n de las obras realizadas en la plaza San Mart\u00edn donde se descubri\u00f3 una placa en el monumento al Libertador de Am\u00e9rica y se colocaron las ofrendas florales.<\/p>\n<p>&nbsp;<\/p>\n<p>En la jornada, se realiz\u00f3 el acto en conmemoraci\u00f3n del aniversario de San Carlos. El desfile c\u00edvico militar cont\u00f3 con participaci\u00f3n de fuerzas de seguridad, escolares y diversas instituciones de la comunidad.<\/p>\n","protected":false},"excerpt":{"rendered":"<p>El gobernador Gustavo Vald\u00e9s encabez\u00f3 anoche un acto pol\u00edtico de presentaci\u00f3n de candidatos de ECO+Vamos Corrientes &#8211; Juntos por el Cambio en la localidad de Gobernador Virasoro, en la campa\u00f1a de cara al 22 de octubre en que se votar\u00e1 a Presidente &#8211; Vice, legisladores nacionales y en el caso de la comuna anfitriona (y [&hellip;]<\/p>\n","protected":false},"author":2,"featured_media":19193,"comment_status":"closed","ping_status":"closed","sticky":false,"template":"","format":"standard","meta":{"footnotes":""},"categories":[79],"tags":[],"class_list":{"0":"post-19192","1":"post","2":"type-post","3":"status-publish","4":"format-standard","5":"has-post-thumbnail","7":"category-politica"},"_links":{"self":[{"href":"https:\/\/radiobitacora.com.ar\/web\/wp-json\/wp\/v2\/posts\/19192","targetHints":{"allow":["GET"]}}],"collection":[{"href":"https:\/\/radiobitacora.com.ar\/web\/wp-json\/wp\/v2\/posts"}],"about":[{"href":"https:\/\/radiobitacora.com.ar\/web\/wp-json\/wp\/v2\/types\/post"}],"author":[{"embeddable":true,"href":"https:\/\/radiobitacora.com.ar\/web\/wp-json\/wp\/v2\/users\/2"}],"replies":[{"embeddable":true,"href":"https:\/\/radiobitacora.com.ar\/web\/wp-json\/wp\/v2\/comments?post=19192"}],"version-history":[{"count":0,"href":"https:\/\/radiobitacora.com.ar\/web\/wp-json\/wp\/v2\/posts\/19192\/revisions"}],"wp:featuredmedia":[{"embeddable":true,"href":"https:\/\/radiobitacora.com.ar\/web\/wp-json\/wp\/v2\/media\/19193"}],"wp:attachment":[{"href":"https:\/\/radiobitacora.com.ar\/web\/wp-json\/wp\/v2\/media?parent=19192"}],"wp:term":[{"taxonomy":"category","embeddable":true,"href":"https:\/\/radiobitacora.com.ar\/web\/wp-json\/wp\/v2\/categories?post=19192"},{"taxonomy":"post_tag","embeddable":true,"href":"https:\/\/radiobitacora.com.ar\/web\/wp-json\/wp\/v2\/tags?post=19192"}],"curies":[{"name":"wp","href":"https:\/\/api.w.org\/{rel}","templated":true}]}}