{"id":19204,"date":"2023-09-28T08:07:43","date_gmt":"2023-09-28T11:07:43","guid":{"rendered":"https:\/\/radiobitacora.com.ar\/web\/?p=19204"},"modified":"2023-09-28T08:07:43","modified_gmt":"2023-09-28T11:07:43","slug":"un-grupo-comando-libero-a-un-preso-en-campana-en-medio-de-un-traslado-perfil-y-prontuario-del-delincuente","status":"publish","type":"post","link":"https:\/\/radiobitacora.com.ar\/web\/2023\/09\/28\/un-grupo-comando-libero-a-un-preso-en-campana-en-medio-de-un-traslado-perfil-y-prontuario-del-delincuente\/","title":{"rendered":"Un grupo comando liber\u00f3 a un preso en Campana en medio de un traslado: perfil y prontuario del delincuente"},"content":{"rendered":"<p class=\"paragraph\"><b>Juan Manuel Montauti, de 46 a\u00f1os, oriundo de San Miguel<\/b>, registrado en el rubro de venta minorista de frutas y verduras de la AFIP, preso por el delito de robo en poblado y en banda, fue liberado en la zona de Campana en medio de un traslado del Servicio Penitenciario Bonaerense por\u00a0<b>un comando de hampones armado con fusiles.<\/b><\/p>\n<p class=\"paragraph\">El hecho\u00a0<b>ocurri\u00f3 a las 9.30 de la ma\u00f1ana de hoy en el cruce de Belgrano y Liniers en Campana<\/b>, mientras el hombre era trasladado a un hospital zonal para un chequeo. La banda, integrada por al menos cuatro sospechosos,<b>\u00a0amenaz\u00f3 al personal del SPF y escap\u00f3 en una Ford Ranger\u00a0<\/b>por la ruta 6, en direcci\u00f3n hacia Exaltaci\u00f3n de la Cruz.<\/p>\n<p class=\"paragraph\">Adem\u00e1s de rescatar a Montauti, los delincuentes le robaron sus armas reglamentarias a los penitenciarios, seg\u00fan public\u00f3\u00a0<i>T\u00e9lam.<\/i><\/p>\n<p class=\"paragraph\">Montauti tiene una larga historia en el delito. Ya hab\u00eda estado preso a\u00f1os atr\u00e1s en un penal federal.\u00a0<b>Entr\u00f3 a la Unidad N\u00b021 de Campana acusado de robo en marzo de este a\u00f1o<\/b>, con una causa del Juzgado de Garant\u00edas N\u00b02 de Moreno. En 2017, recibi\u00f3 prisi\u00f3n domiciliaria en una causa por\u00a0<b>encubrimiento agravado<\/b>, de acuerdo a registros a los que accedi\u00f3\u00a0<b>Infobae.<\/b><\/p>\n<p class=\"paragraph\">Por lo pronto, hay una pista:<b>\u00a0una comunicaci\u00f3n policial de alerta indic\u00f3 parte de la patente de la Ford Ranger negra.<\/b><\/p>\n<p class=\"paragraph\">El\u00a0<b>jueves 21<\/b>\u00a0de este mes,\u00a0<b>Alan Cabrera C\u00f3rdoba<\/b>, un detenido preso en la Unidad N\u00b012 de Gorina, una c\u00e1rcel de r\u00e9gimen abierto, se retir\u00f3 del establecimiento a pie, seg\u00fan el portal\u00a0<i>Nexonorte<\/i>. De acuerdo a fuentes policiales, Cabrera C\u00f3rdoba estaba pr\u00f3xima cumplir los \u00faltimos meses de su condena.<\/p>\n<p class=\"paragraph\"><b>Cristian Sosa Mazurik<\/b>, condenado por robo agravado, y\u00a0<b>Mat\u00edas Joaqu\u00edn S\u00e1nchez Honores<\/b>, sentenciado por homicidio, estaban a s\u00f3lo d\u00edas de recibir la libertad condicional. Sin embargo, decidieron fugarse de la Unidad N\u00b027 de Sierra Chica -que tiene un r\u00e9gimen semiabierto- a fines de mayo \u00faltimo. S\u00e1nchez Honores se entreg\u00f3 semanas despu\u00e9s.<\/p>\n<p class=\"paragraph\">La doble fuga se descubri\u00f3 cuando un sargento de la subcomisar\u00eda de Sierra Chica dio avis\u00f3 a las autoridades de la c\u00e1rcel de esa misma localidad de que dos internos hab\u00edan salido de la Unidad N\u00b027 para subir a una camioneta\u00a0<b>Toyota Hilux bord\u00f3<\/b>\u00a0y luego huir. De inmediato, los jefes de la c\u00e1rcel ordenaron que se haga un recuento y descubrieron que los internos faltaban.<\/p>\n","protected":false},"excerpt":{"rendered":"<p>Juan Manuel Montauti, de 46 a\u00f1os, oriundo de San Miguel, registrado en el rubro de venta minorista de frutas y verduras de la AFIP, preso por el delito de robo en poblado y en banda, fue liberado en la zona de Campana en medio de un traslado del Servicio Penitenciario Bonaerense por\u00a0un comando de hampones [&hellip;]<\/p>\n","protected":false},"author":2,"featured_media":19205,"comment_status":"closed","ping_status":"closed","sticky":false,"template":"","format":"standard","meta":{"footnotes":""},"categories":[72],"tags":[],"class_list":{"0":"post-19204","1":"post","2":"type-post","3":"status-publish","4":"format-standard","5":"has-post-thumbnail","7":"category-provinciales"},"_links":{"self":[{"href":"https:\/\/radiobitacora.com.ar\/web\/wp-json\/wp\/v2\/posts\/19204","targetHints":{"allow":["GET"]}}],"collection":[{"href":"https:\/\/radiobitacora.com.ar\/web\/wp-json\/wp\/v2\/posts"}],"about":[{"href":"https:\/\/radiobitacora.com.ar\/web\/wp-json\/wp\/v2\/types\/post"}],"author":[{"embeddable":true,"href":"https:\/\/radiobitacora.com.ar\/web\/wp-json\/wp\/v2\/users\/2"}],"replies":[{"embeddable":true,"href":"https:\/\/radiobitacora.com.ar\/web\/wp-json\/wp\/v2\/comments?post=19204"}],"version-history":[{"count":0,"href":"https:\/\/radiobitacora.com.ar\/web\/wp-json\/wp\/v2\/posts\/19204\/revisions"}],"wp:featuredmedia":[{"embeddable":true,"href":"https:\/\/radiobitacora.com.ar\/web\/wp-json\/wp\/v2\/media\/19205"}],"wp:attachment":[{"href":"https:\/\/radiobitacora.com.ar\/web\/wp-json\/wp\/v2\/media?parent=19204"}],"wp:term":[{"taxonomy":"category","embeddable":true,"href":"https:\/\/radiobitacora.com.ar\/web\/wp-json\/wp\/v2\/categories?post=19204"},{"taxonomy":"post_tag","embeddable":true,"href":"https:\/\/radiobitacora.com.ar\/web\/wp-json\/wp\/v2\/tags?post=19204"}],"curies":[{"name":"wp","href":"https:\/\/api.w.org\/{rel}","templated":true}]}}