{"id":19252,"date":"2023-09-29T07:14:06","date_gmt":"2023-09-29T10:14:06","guid":{"rendered":"https:\/\/radiobitacora.com.ar\/web\/?p=19252"},"modified":"2023-09-29T07:14:06","modified_gmt":"2023-09-29T10:14:06","slug":"intendentes-de-la-region-humedal-en-reunion-de-analisis-con-flinta","status":"publish","type":"post","link":"https:\/\/radiobitacora.com.ar\/web\/2023\/09\/29\/intendentes-de-la-region-humedal-en-reunion-de-analisis-con-flinta\/","title":{"rendered":"Intendentes de la regi\u00f3n &#8220;Humedal&#8221; en reuni\u00f3n de an\u00e1lisis con Flinta"},"content":{"rendered":"<p>&#8220;La reuni\u00f3n se centr\u00f3 en abordar temas cruciales que afectan a nuestra comunidad en tres niveles: nacional, provincial y municipal zonal&#8221;, explic\u00f3 al respecto Maidana.<\/p>\n<p>&nbsp;<\/p>\n<p>La regi\u00f3n comprende El Sombrero, San Lorenzo, Empedrado, Saladas, Tabay, Tatacu\u00e1, Santa Rosa, San Miguel, Concepci\u00f3n, Mburucuy\u00e1, Loreto y El Caim\u00e1n.<\/p>\n<p>&nbsp;<\/p>\n<p>&#8220;A nivel nacional y provincial analizamos los resultados de las PASO y del fen\u00f3meno Milei que dej\u00f3 sin sentido todas las encuestas que se manejaban previamente&#8221;, indic\u00f3 Maidana. &#8220;Cada dirigente y cada uno desde su lugar va a hacer la lectura sobre lo que pas\u00f3. Yo creo que la gente tiene enojo y lo entiendo, pero por ah\u00ed esa mala rebeld\u00eda es bastante complicada&#8221;, advirti\u00f3 en una entrevista que le realizaron ayer en Radio Dos, en el programa &#8220;La Tarde&#8221;.<\/p>\n<p>&nbsp;<\/p>\n<p>Asimismo, Maidana indic\u00f3 que &#8220;Flinta tambi\u00e9n es secretario general de la UCR Nacional y expuso su visi\u00f3n a nivel pa\u00eds, como tambi\u00e9n de Corrientes&#8221;.<\/p>\n<p>&nbsp;<\/p>\n<p>Por otra parte, el intendente de Santa Rosa inform\u00f3 que tambi\u00e9n se habl\u00f3 de las cuestiones financieras de los municipios a partir de la preocupaci\u00f3n que generaron los cambios en el Impuesto a las Ganancias activado por Naci\u00f3n. &#8220;S\u00ed, se habl\u00f3 y hay una reuni\u00f3n pendiente con el Ministro de Hacienda. Estamos preocupados por el tema coparticipaci\u00f3n&#8221;, insisti\u00f3.<\/p>\n<div class=\"center medium m_image\">\n<figure><picture><source srcset=\"https:\/\/www.diarioepoca.com\/content\/bucket\/7\/1322317w380h178c.jpg.webp\" type=\"image\/webp\" media=\"(min-width: 640px)\" \/><source srcset=\"https:\/\/www.diarioepoca.com\/content\/bucket\/7\/1322317w440h207c.jpg.webp\" type=\"image\/webp\" media=\"(min-width: 300px)\" \/><source srcset=\"https:\/\/www.diarioepoca.com\/content\/bucket\/7\/1322317w380h178c.jpg\" media=\"(min-width: 300px)\" \/><img loading=\"lazy\" decoding=\"async\" class=\"pic\" src=\"https:\/\/www.diarioepoca.com\/content\/bucket\/7\/1322317w380h178c.jpg.webp\" alt=\"\" width=\"380\" height=\"178\" \/><\/picture><\/figure>\n<\/div>\n<p>&nbsp;<\/p>\n<p>Al respecto tambi\u00e9n reclam\u00f3 una actualizaci\u00f3n de los registros (del censo del INDEC) sobre habitantes por distritos, base para definir nuevos montos. &#8220;Por comunas, no sabemos exactamente cu\u00e1ntos habitantes tenemos para actualizar el reparto. En Santa Rosa hubo una eclosi\u00f3n de habitantes por su producci\u00f3n. El reparto nos hace por departamento y no por comuna&#8221;.<\/p>\n","protected":false},"excerpt":{"rendered":"<p>&#8220;La reuni\u00f3n se centr\u00f3 en abordar temas cruciales que afectan a nuestra comunidad en tres niveles: nacional, provincial y municipal zonal&#8221;, explic\u00f3 al respecto Maidana. &nbsp; La regi\u00f3n comprende El Sombrero, San Lorenzo, Empedrado, Saladas, Tabay, Tatacu\u00e1, Santa Rosa, San Miguel, Concepci\u00f3n, Mburucuy\u00e1, Loreto y El Caim\u00e1n. &nbsp; &#8220;A nivel nacional y provincial analizamos los [&hellip;]<\/p>\n","protected":false},"author":2,"featured_media":19253,"comment_status":"closed","ping_status":"closed","sticky":false,"template":"","format":"standard","meta":{"footnotes":""},"categories":[79],"tags":[],"class_list":{"0":"post-19252","1":"post","2":"type-post","3":"status-publish","4":"format-standard","5":"has-post-thumbnail","7":"category-politica"},"_links":{"self":[{"href":"https:\/\/radiobitacora.com.ar\/web\/wp-json\/wp\/v2\/posts\/19252","targetHints":{"allow":["GET"]}}],"collection":[{"href":"https:\/\/radiobitacora.com.ar\/web\/wp-json\/wp\/v2\/posts"}],"about":[{"href":"https:\/\/radiobitacora.com.ar\/web\/wp-json\/wp\/v2\/types\/post"}],"author":[{"embeddable":true,"href":"https:\/\/radiobitacora.com.ar\/web\/wp-json\/wp\/v2\/users\/2"}],"replies":[{"embeddable":true,"href":"https:\/\/radiobitacora.com.ar\/web\/wp-json\/wp\/v2\/comments?post=19252"}],"version-history":[{"count":0,"href":"https:\/\/radiobitacora.com.ar\/web\/wp-json\/wp\/v2\/posts\/19252\/revisions"}],"wp:featuredmedia":[{"embeddable":true,"href":"https:\/\/radiobitacora.com.ar\/web\/wp-json\/wp\/v2\/media\/19253"}],"wp:attachment":[{"href":"https:\/\/radiobitacora.com.ar\/web\/wp-json\/wp\/v2\/media?parent=19252"}],"wp:term":[{"taxonomy":"category","embeddable":true,"href":"https:\/\/radiobitacora.com.ar\/web\/wp-json\/wp\/v2\/categories?post=19252"},{"taxonomy":"post_tag","embeddable":true,"href":"https:\/\/radiobitacora.com.ar\/web\/wp-json\/wp\/v2\/tags?post=19252"}],"curies":[{"name":"wp","href":"https:\/\/api.w.org\/{rel}","templated":true}]}}