{"id":19258,"date":"2023-10-03T07:44:02","date_gmt":"2023-10-03T10:44:02","guid":{"rendered":"https:\/\/radiobitacora.com.ar\/web\/?p=19258"},"modified":"2023-10-03T07:44:02","modified_gmt":"2023-10-03T10:44:02","slug":"massa-se-mostro-como-lider-afirmo-german-braillard","status":"publish","type":"post","link":"https:\/\/radiobitacora.com.ar\/web\/2023\/10\/03\/massa-se-mostro-como-lider-afirmo-german-braillard\/","title":{"rendered":"&#8220;Massa se mostr\u00f3 como l\u00edder&#8221;, afirm\u00f3 Germ\u00e1n Braillard"},"content":{"rendered":"<p>&#8220;Sergio Massa mostr\u00f3 como un l\u00edder que acept\u00f3 hacerse cargo del Ministerio de Econom\u00eda en un Gobierno que no comand\u00f3 y que tuvo sus bemoles, pero demostr\u00f3 que tiene la decisi\u00f3n de encabezar la alianza para generar las pol\u00edticas activas de industrializaci\u00f3n, sustituci\u00f3n importaciones y sumar valor agregado a la producci\u00f3n de las PYME&#8221;, expres\u00f3 el diputado Germ\u00e1n Braillard Poccard al comentar el debate televisivo de los candidatos a Presidente.<\/p>\n<p>&nbsp;<\/p>\n<p>Agreg\u00f3 que en el debate exhibi\u00f3 que &#8220;tiene la fuerza de negociar duro como con las navieras paraguayas y al mismo tiempo ser contemplativo con los que menos tienen&#8221;.<\/p>\n<p>&nbsp;<\/p>\n<p>Asimismo consider\u00f3 que con la candidatura de Massa &#8220;se empez\u00f3 a forjar un nuevo liderazgo en Uni\u00f3n por la Patria&#8221; y manifest\u00f3 su confianza en que el oficialismo participar\u00e1 de la segunda vuelta electoral.<\/p>\n<p>&nbsp;<\/p>\n<p>&#8220;La gente descubre en \u00e9l que muchas de las cosas que pasaron en este Gobierno no las comparte, pero que acept\u00f3 el desaf\u00edo de encarar las reformas que hacen falta&#8221;, indic\u00f3.<\/p>\n<p>&nbsp;<\/p>\n<p>Despu\u00e9s cuestion\u00f3 a la administraci\u00f3n de Mauricio Macri al destacar que &#8220;la gente sabe que al FMI no lo trajo Massa, la inflaci\u00f3n es por la falta de d\u00f3lares que se dio por la llegada del Fondo Monetario Internacional y la sequ\u00eda&#8221;.<\/p>\n<p>&nbsp;<\/p>\n<p>Destac\u00f3 el hecho de que en la pr\u00f3xima gesti\u00f3n que, confi\u00f3, ser\u00e1 dirigida por Massa, &#8220;no se bajar\u00e1 el d\u00e9ficit reduciendo la inversi\u00f3n en las cuestiones sociales, la educaci\u00f3n o la salud, sino en sacarle los privilegios que tienen las grandes empresas&#8221;.<\/p>\n<p>&nbsp;<\/p>\n<p>En cuanto a la pol\u00e9mica por la cuesti\u00f3n inflacionaria, dijo: &#8220;Tenemos una alta emisi\u00f3n que fue producto de la pandemia se emiti\u00f3 para pagar la IFE, para pagar el ATP y los sueldos de los trabajadores de las PYME y no nos arrepentimos, no dejamos a la gente que se muera de hambre y que las empresas se fundan&#8221;.<\/p>\n<p>&nbsp;<\/p>\n<p>Al ser consultado por c\u00f3mo espera que se desarrolle una hipot\u00e9tica gesti\u00f3n de Massa en su relaci\u00f3n con la provincia de Corrientes indic\u00f3: &#8220;Vamos a seguir invirtiendo en obra p\u00fablica. La obra m\u00e1s grande que tiene el pa\u00eds est\u00e1 en Corrientes en A\u00f1\u00e1 Cu\u00e1 que estamos construyendo para aumentar la potencia de Yacyret\u00e1&#8221;.<\/p>\n<p>&nbsp;<\/p>\n<p>En ese punto rechaz\u00f3 las acusaciones de discriminaci\u00f3n del Gobierno Nacional a la provincia y afirm\u00f3: &#8220;La victimizaci\u00f3n de Vald\u00e9s es producto de su falta de capacidad y falta de equipo. Cuando Macri estaba de presidente creo que se sent\u00eda inc\u00f3modo de formar parte de ese Gobierno&#8221;, indic\u00f3.<\/p>\n","protected":false},"excerpt":{"rendered":"<p>&#8220;Sergio Massa mostr\u00f3 como un l\u00edder que acept\u00f3 hacerse cargo del Ministerio de Econom\u00eda en un Gobierno que no comand\u00f3 y que tuvo sus bemoles, pero demostr\u00f3 que tiene la decisi\u00f3n de encabezar la alianza para generar las pol\u00edticas activas de industrializaci\u00f3n, sustituci\u00f3n importaciones y sumar valor agregado a la producci\u00f3n de las PYME&#8221;, expres\u00f3 [&hellip;]<\/p>\n","protected":false},"author":2,"featured_media":19259,"comment_status":"closed","ping_status":"closed","sticky":false,"template":"","format":"standard","meta":{"footnotes":""},"categories":[79],"tags":[],"class_list":{"0":"post-19258","1":"post","2":"type-post","3":"status-publish","4":"format-standard","5":"has-post-thumbnail","7":"category-politica"},"_links":{"self":[{"href":"https:\/\/radiobitacora.com.ar\/web\/wp-json\/wp\/v2\/posts\/19258","targetHints":{"allow":["GET"]}}],"collection":[{"href":"https:\/\/radiobitacora.com.ar\/web\/wp-json\/wp\/v2\/posts"}],"about":[{"href":"https:\/\/radiobitacora.com.ar\/web\/wp-json\/wp\/v2\/types\/post"}],"author":[{"embeddable":true,"href":"https:\/\/radiobitacora.com.ar\/web\/wp-json\/wp\/v2\/users\/2"}],"replies":[{"embeddable":true,"href":"https:\/\/radiobitacora.com.ar\/web\/wp-json\/wp\/v2\/comments?post=19258"}],"version-history":[{"count":0,"href":"https:\/\/radiobitacora.com.ar\/web\/wp-json\/wp\/v2\/posts\/19258\/revisions"}],"wp:featuredmedia":[{"embeddable":true,"href":"https:\/\/radiobitacora.com.ar\/web\/wp-json\/wp\/v2\/media\/19259"}],"wp:attachment":[{"href":"https:\/\/radiobitacora.com.ar\/web\/wp-json\/wp\/v2\/media?parent=19258"}],"wp:term":[{"taxonomy":"category","embeddable":true,"href":"https:\/\/radiobitacora.com.ar\/web\/wp-json\/wp\/v2\/categories?post=19258"},{"taxonomy":"post_tag","embeddable":true,"href":"https:\/\/radiobitacora.com.ar\/web\/wp-json\/wp\/v2\/tags?post=19258"}],"curies":[{"name":"wp","href":"https:\/\/api.w.org\/{rel}","templated":true}]}}