{"id":19264,"date":"2023-10-04T07:42:26","date_gmt":"2023-10-04T10:42:26","guid":{"rendered":"https:\/\/radiobitacora.com.ar\/web\/?p=19264"},"modified":"2023-10-04T07:42:26","modified_gmt":"2023-10-04T10:42:26","slug":"celebracion-del-5o-aniversario-del-juzgado-federal-de-goya-compromiso-y-colaboracion-en-el-servicio-de-justicia","status":"publish","type":"post","link":"https:\/\/radiobitacora.com.ar\/web\/2023\/10\/04\/celebracion-del-5o-aniversario-del-juzgado-federal-de-goya-compromiso-y-colaboracion-en-el-servicio-de-justicia\/","title":{"rendered":"CELEBRACI\u00d3N DEL 5\u00ba ANIVERSARIO DEL JUZGADO FEDERAL DE GOYA: COMPROMISO Y COLABORACI\u00d3N EN EL SERVICIO DE JUSTICIA"},"content":{"rendered":"<h3><strong>En un acto celebrado este martes 3 de octubre, el Juzgado Federal de Goya conmemor\u00f3 su quinto aniversario, destacando su papel fundamental en la jurisdicci\u00f3n y el servicio de justicia. El evento, presidido por el intendente municipal Mariano Hormaechea, junto a la jueza federal, doctora Cristina Elizabeth Pozzer Penzo; \u00a0reuni\u00f3 a una distinguida lista de invitados, Teniente Coronel Nicol\u00e1s Gerardo Pietrobelli del Batall\u00f3n de Ingenieros de Montes XII; \u00a0Prefecto Walter Rodr\u00edguez jefe de la Prefectura Goya, jefe de la DUOF Goya Subcomisario Hern\u00e1n Barrios de la Polic\u00eda Federal Argentina; \u00a0el Segundo Comandante de Gendarmer\u00eda Goya Jos\u00e9 Lavia, Jefe de Unidad Investigaciones Delitos Complejos y Procedimientos judiciales; jefe de la comisar\u00eda 1ra, comisario inspector Diego Alberto Duarte; p\u00e1rroco de la iglesia Catedral Juan Carlos L\u00f3pez; jueces, abogados, y otros miembros de la comunidad.<\/strong><\/h3>\n<p>La ceremonia comenz\u00f3 con las palabras del Juez Pozzer Penzo, quien dio la bienvenida a los presentes y subray\u00f3 la importancia del juzgado en la transformaci\u00f3n de la jurisdicci\u00f3n y el servicio de justicia federal. La jueza destac\u00f3 que el juzgado es de \u201cmultifuero\u201d, abordando cuestiones de seis fueros diferentes, y agradeci\u00f3 al personal por su compromiso con la calidad del servicio, que ha llevado a la obtenci\u00f3n de la certificaci\u00f3n ISO 9001, reconocida a nivel nacional e internacional.<\/p>\n<p>\u201cEste equipo de trabajo, hace posible prestar un servicio de calidad. Agradecemos la presencia de todos los invitados, ya que su apoyo es fundamental para nuestro trabajo constante, que va m\u00e1s all\u00e1 de las horas de trabajo diarias\u201d, enfatiz\u00f3 la jueza.<\/p>\n<p><img loading=\"lazy\" decoding=\"async\" class=\"alignnone wp-image-47487 entered lazyloaded\" src=\"https:\/\/883radiociudad.gob.ar\/wp-content\/uploads\/2023\/10\/ANIVERSARIO-JUZGADO-FEDERAL-DE-GOYA-3-300x200.jpeg.webp\" sizes=\"auto, (max-width: 204px) 100vw, 204px\" srcset=\"https:\/\/883radiociudad.gob.ar\/wp-content\/uploads\/2023\/10\/ANIVERSARIO-JUZGADO-FEDERAL-DE-GOYA-3-300x200.jpeg.webp 300w, https:\/\/883radiociudad.gob.ar\/wp-content\/uploads\/2023\/10\/ANIVERSARIO-JUZGADO-FEDERAL-DE-GOYA-3-1024x682.jpeg.webp 1024w, https:\/\/883radiociudad.gob.ar\/wp-content\/uploads\/2023\/10\/ANIVERSARIO-JUZGADO-FEDERAL-DE-GOYA-3-768x512.jpeg.webp 768w, https:\/\/883radiociudad.gob.ar\/wp-content\/uploads\/2023\/10\/ANIVERSARIO-JUZGADO-FEDERAL-DE-GOYA-3-1536x1023.jpeg.webp 1536w, https:\/\/883radiociudad.gob.ar\/wp-content\/uploads\/2023\/10\/ANIVERSARIO-JUZGADO-FEDERAL-DE-GOYA-3-1280x845.jpeg.webp 1280w, https:\/\/883radiociudad.gob.ar\/wp-content\/uploads\/2023\/10\/ANIVERSARIO-JUZGADO-FEDERAL-DE-GOYA-3-720x475.jpeg.webp 720w, https:\/\/883radiociudad.gob.ar\/wp-content\/uploads\/2023\/10\/ANIVERSARIO-JUZGADO-FEDERAL-DE-GOYA-3.jpeg.webp 1600w\" alt=\"\" width=\"204\" height=\"136\" data-lazy-srcset=\"https:\/\/883radiociudad.gob.ar\/wp-content\/uploads\/2023\/10\/ANIVERSARIO-JUZGADO-FEDERAL-DE-GOYA-3-300x200.jpeg.webp 300w, https:\/\/883radiociudad.gob.ar\/wp-content\/uploads\/2023\/10\/ANIVERSARIO-JUZGADO-FEDERAL-DE-GOYA-3-1024x682.jpeg.webp 1024w, https:\/\/883radiociudad.gob.ar\/wp-content\/uploads\/2023\/10\/ANIVERSARIO-JUZGADO-FEDERAL-DE-GOYA-3-768x512.jpeg.webp 768w, https:\/\/883radiociudad.gob.ar\/wp-content\/uploads\/2023\/10\/ANIVERSARIO-JUZGADO-FEDERAL-DE-GOYA-3-1536x1023.jpeg.webp 1536w, https:\/\/883radiociudad.gob.ar\/wp-content\/uploads\/2023\/10\/ANIVERSARIO-JUZGADO-FEDERAL-DE-GOYA-3-1280x845.jpeg.webp 1280w, https:\/\/883radiociudad.gob.ar\/wp-content\/uploads\/2023\/10\/ANIVERSARIO-JUZGADO-FEDERAL-DE-GOYA-3-720x475.jpeg.webp 720w, https:\/\/883radiociudad.gob.ar\/wp-content\/uploads\/2023\/10\/ANIVERSARIO-JUZGADO-FEDERAL-DE-GOYA-3.jpeg.webp 1600w\" data-lazy-sizes=\"(max-width: 204px) 100vw, 204px\" data-lazy-src=\"https:\/\/883radiociudad.gob.ar\/wp-content\/uploads\/2023\/10\/ANIVERSARIO-JUZGADO-FEDERAL-DE-GOYA-3-300x200.jpeg.webp\" data-lazy-src-webp=\"https:\/\/883radiociudad.gob.ar\/wp-content\/uploads\/2023\/10\/ANIVERSARIO-JUZGADO-FEDERAL-DE-GOYA-3-300x200.jpeg.webp\" data-lazy-srcset-webp=\"https:\/\/883radiociudad.gob.ar\/wp-content\/uploads\/2023\/10\/ANIVERSARIO-JUZGADO-FEDERAL-DE-GOYA-3-300x200.jpeg.webp 300w, https:\/\/883radiociudad.gob.ar\/wp-content\/uploads\/2023\/10\/ANIVERSARIO-JUZGADO-FEDERAL-DE-GOYA-3-1024x682.jpeg.webp 1024w, https:\/\/883radiociudad.gob.ar\/wp-content\/uploads\/2023\/10\/ANIVERSARIO-JUZGADO-FEDERAL-DE-GOYA-3-768x512.jpeg.webp 768w, https:\/\/883radiociudad.gob.ar\/wp-content\/uploads\/2023\/10\/ANIVERSARIO-JUZGADO-FEDERAL-DE-GOYA-3-1536x1023.jpeg.webp 1536w, https:\/\/883radiociudad.gob.ar\/wp-content\/uploads\/2023\/10\/ANIVERSARIO-JUZGADO-FEDERAL-DE-GOYA-3-1280x845.jpeg.webp 1280w, https:\/\/883radiociudad.gob.ar\/wp-content\/uploads\/2023\/10\/ANIVERSARIO-JUZGADO-FEDERAL-DE-GOYA-3-720x475.jpeg.webp 720w, https:\/\/883radiociudad.gob.ar\/wp-content\/uploads\/2023\/10\/ANIVERSARIO-JUZGADO-FEDERAL-DE-GOYA-3.jpeg.webp 1600w\" data-ll-status=\"loaded\" \/>\u00a0<img loading=\"lazy\" decoding=\"async\" class=\"alignnone wp-image-47486 entered lazyloaded\" src=\"https:\/\/883radiociudad.gob.ar\/wp-content\/uploads\/2023\/10\/ANIVERSARIO-JUZGADO-FEDERAL-DE-GOYA-2-300x159.jpeg.webp\" sizes=\"auto, (max-width: 260px) 100vw, 260px\" srcset=\"https:\/\/883radiociudad.gob.ar\/wp-content\/uploads\/2023\/10\/ANIVERSARIO-JUZGADO-FEDERAL-DE-GOYA-2-300x159.jpeg.webp 300w, https:\/\/883radiociudad.gob.ar\/wp-content\/uploads\/2023\/10\/ANIVERSARIO-JUZGADO-FEDERAL-DE-GOYA-2-1024x542.jpeg.webp 1024w, https:\/\/883radiociudad.gob.ar\/wp-content\/uploads\/2023\/10\/ANIVERSARIO-JUZGADO-FEDERAL-DE-GOYA-2-768x407.jpeg.webp 768w, https:\/\/883radiociudad.gob.ar\/wp-content\/uploads\/2023\/10\/ANIVERSARIO-JUZGADO-FEDERAL-DE-GOYA-2-1536x813.jpeg.webp 1536w, https:\/\/883radiociudad.gob.ar\/wp-content\/uploads\/2023\/10\/ANIVERSARIO-JUZGADO-FEDERAL-DE-GOYA-2.jpeg.webp 1600w\" alt=\"\" width=\"260\" height=\"138\" data-lazy-srcset=\"https:\/\/883radiociudad.gob.ar\/wp-content\/uploads\/2023\/10\/ANIVERSARIO-JUZGADO-FEDERAL-DE-GOYA-2-300x159.jpeg.webp 300w, https:\/\/883radiociudad.gob.ar\/wp-content\/uploads\/2023\/10\/ANIVERSARIO-JUZGADO-FEDERAL-DE-GOYA-2-1024x542.jpeg.webp 1024w, https:\/\/883radiociudad.gob.ar\/wp-content\/uploads\/2023\/10\/ANIVERSARIO-JUZGADO-FEDERAL-DE-GOYA-2-768x407.jpeg.webp 768w, https:\/\/883radiociudad.gob.ar\/wp-content\/uploads\/2023\/10\/ANIVERSARIO-JUZGADO-FEDERAL-DE-GOYA-2-1536x813.jpeg.webp 1536w, https:\/\/883radiociudad.gob.ar\/wp-content\/uploads\/2023\/10\/ANIVERSARIO-JUZGADO-FEDERAL-DE-GOYA-2.jpeg.webp 1600w\" data-lazy-sizes=\"(max-width: 260px) 100vw, 260px\" data-lazy-src=\"https:\/\/883radiociudad.gob.ar\/wp-content\/uploads\/2023\/10\/ANIVERSARIO-JUZGADO-FEDERAL-DE-GOYA-2-300x159.jpeg.webp\" data-lazy-src-webp=\"https:\/\/883radiociudad.gob.ar\/wp-content\/uploads\/2023\/10\/ANIVERSARIO-JUZGADO-FEDERAL-DE-GOYA-2-300x159.jpeg.webp\" data-lazy-srcset-webp=\"https:\/\/883radiociudad.gob.ar\/wp-content\/uploads\/2023\/10\/ANIVERSARIO-JUZGADO-FEDERAL-DE-GOYA-2-300x159.jpeg.webp 300w, https:\/\/883radiociudad.gob.ar\/wp-content\/uploads\/2023\/10\/ANIVERSARIO-JUZGADO-FEDERAL-DE-GOYA-2-1024x542.jpeg.webp 1024w, https:\/\/883radiociudad.gob.ar\/wp-content\/uploads\/2023\/10\/ANIVERSARIO-JUZGADO-FEDERAL-DE-GOYA-2-768x407.jpeg.webp 768w, https:\/\/883radiociudad.gob.ar\/wp-content\/uploads\/2023\/10\/ANIVERSARIO-JUZGADO-FEDERAL-DE-GOYA-2-1536x813.jpeg.webp 1536w, https:\/\/883radiociudad.gob.ar\/wp-content\/uploads\/2023\/10\/ANIVERSARIO-JUZGADO-FEDERAL-DE-GOYA-2.jpeg.webp 1600w\" data-ll-status=\"loaded\" \/>\u00a0<img loading=\"lazy\" decoding=\"async\" class=\"alignnone wp-image-47485 entered lazyloaded\" src=\"https:\/\/883radiociudad.gob.ar\/wp-content\/uploads\/2023\/10\/ANIVERSARIO-JUZGADO-FEDERAL-DE-GOYA-4-300x200.jpeg.webp\" sizes=\"auto, (max-width: 210px) 100vw, 210px\" srcset=\"https:\/\/883radiociudad.gob.ar\/wp-content\/uploads\/2023\/10\/ANIVERSARIO-JUZGADO-FEDERAL-DE-GOYA-4-300x200.jpeg.webp 300w, https:\/\/883radiociudad.gob.ar\/wp-content\/uploads\/2023\/10\/ANIVERSARIO-JUZGADO-FEDERAL-DE-GOYA-4-1024x682.jpeg.webp 1024w, https:\/\/883radiociudad.gob.ar\/wp-content\/uploads\/2023\/10\/ANIVERSARIO-JUZGADO-FEDERAL-DE-GOYA-4-768x512.jpeg.webp 768w, https:\/\/883radiociudad.gob.ar\/wp-content\/uploads\/2023\/10\/ANIVERSARIO-JUZGADO-FEDERAL-DE-GOYA-4-1536x1023.jpeg.webp 1536w, https:\/\/883radiociudad.gob.ar\/wp-content\/uploads\/2023\/10\/ANIVERSARIO-JUZGADO-FEDERAL-DE-GOYA-4-1280x845.jpeg.webp 1280w, https:\/\/883radiociudad.gob.ar\/wp-content\/uploads\/2023\/10\/ANIVERSARIO-JUZGADO-FEDERAL-DE-GOYA-4-720x475.jpeg.webp 720w, https:\/\/883radiociudad.gob.ar\/wp-content\/uploads\/2023\/10\/ANIVERSARIO-JUZGADO-FEDERAL-DE-GOYA-4.jpeg.webp 1600w\" alt=\"\" width=\"210\" height=\"140\" data-lazy-srcset=\"https:\/\/883radiociudad.gob.ar\/wp-content\/uploads\/2023\/10\/ANIVERSARIO-JUZGADO-FEDERAL-DE-GOYA-4-300x200.jpeg.webp 300w, https:\/\/883radiociudad.gob.ar\/wp-content\/uploads\/2023\/10\/ANIVERSARIO-JUZGADO-FEDERAL-DE-GOYA-4-1024x682.jpeg.webp 1024w, https:\/\/883radiociudad.gob.ar\/wp-content\/uploads\/2023\/10\/ANIVERSARIO-JUZGADO-FEDERAL-DE-GOYA-4-768x512.jpeg.webp 768w, https:\/\/883radiociudad.gob.ar\/wp-content\/uploads\/2023\/10\/ANIVERSARIO-JUZGADO-FEDERAL-DE-GOYA-4-1536x1023.jpeg.webp 1536w, https:\/\/883radiociudad.gob.ar\/wp-content\/uploads\/2023\/10\/ANIVERSARIO-JUZGADO-FEDERAL-DE-GOYA-4-1280x845.jpeg.webp 1280w, https:\/\/883radiociudad.gob.ar\/wp-content\/uploads\/2023\/10\/ANIVERSARIO-JUZGADO-FEDERAL-DE-GOYA-4-720x475.jpeg.webp 720w, https:\/\/883radiociudad.gob.ar\/wp-content\/uploads\/2023\/10\/ANIVERSARIO-JUZGADO-FEDERAL-DE-GOYA-4.jpeg.webp 1600w\" data-lazy-sizes=\"(max-width: 210px) 100vw, 210px\" data-lazy-src=\"https:\/\/883radiociudad.gob.ar\/wp-content\/uploads\/2023\/10\/ANIVERSARIO-JUZGADO-FEDERAL-DE-GOYA-4-300x200.jpeg.webp\" data-lazy-src-webp=\"https:\/\/883radiociudad.gob.ar\/wp-content\/uploads\/2023\/10\/ANIVERSARIO-JUZGADO-FEDERAL-DE-GOYA-4-300x200.jpeg.webp\" data-lazy-srcset-webp=\"https:\/\/883radiociudad.gob.ar\/wp-content\/uploads\/2023\/10\/ANIVERSARIO-JUZGADO-FEDERAL-DE-GOYA-4-300x200.jpeg.webp 300w, https:\/\/883radiociudad.gob.ar\/wp-content\/uploads\/2023\/10\/ANIVERSARIO-JUZGADO-FEDERAL-DE-GOYA-4-1024x682.jpeg.webp 1024w, https:\/\/883radiociudad.gob.ar\/wp-content\/uploads\/2023\/10\/ANIVERSARIO-JUZGADO-FEDERAL-DE-GOYA-4-768x512.jpeg.webp 768w, https:\/\/883radiociudad.gob.ar\/wp-content\/uploads\/2023\/10\/ANIVERSARIO-JUZGADO-FEDERAL-DE-GOYA-4-1536x1023.jpeg.webp 1536w, https:\/\/883radiociudad.gob.ar\/wp-content\/uploads\/2023\/10\/ANIVERSARIO-JUZGADO-FEDERAL-DE-GOYA-4-1280x845.jpeg.webp 1280w, https:\/\/883radiociudad.gob.ar\/wp-content\/uploads\/2023\/10\/ANIVERSARIO-JUZGADO-FEDERAL-DE-GOYA-4-720x475.jpeg.webp 720w, https:\/\/883radiociudad.gob.ar\/wp-content\/uploads\/2023\/10\/ANIVERSARIO-JUZGADO-FEDERAL-DE-GOYA-4.jpeg.webp 1600w\" data-ll-status=\"loaded\" \/><\/p>\n<p>Luego, la Banda \u201cPuerto Argentino\u201d del Batall\u00f3n de Ingenieros de Monte 12 ofreci\u00f3 una emotiva interpretaci\u00f3n de tradicionales chamam\u00e9 en conmemoraci\u00f3n de los 5 a\u00f1os del Juzgado Federal, acompa\u00f1ada por bailarines que a\u00f1adieron un toque festivo al evento.<\/p>\n<p><strong>INTENDENTE HORMAECHEA<\/strong><\/p>\n<p>Por su parte, el Intendente Municipal Mariano Hormaechea tambi\u00e9n expres\u00f3 su agradecimiento por la invitaci\u00f3n y record\u00f3 su presencia en la apertura del juzgado hace cinco a\u00f1os. Destac\u00f3 la importancia de esta instituci\u00f3n para la comunidad y se comprometi\u00f3 a continuar trabajando juntos. \u201cFelices 5 a\u00f1os, feliz aniversario\u201d, concluy\u00f3.<img loading=\"lazy\" decoding=\"async\" class=\"size-medium wp-image-47488 alignright entered lazyloaded\" src=\"https:\/\/883radiociudad.gob.ar\/wp-content\/uploads\/2023\/10\/ANIVERSARIO-JUZGADO-FEDERAL-DE-GOYA-5-300x200.jpeg.webp\" sizes=\"auto, (max-width: 300px) 100vw, 300px\" srcset=\"https:\/\/883radiociudad.gob.ar\/wp-content\/uploads\/2023\/10\/ANIVERSARIO-JUZGADO-FEDERAL-DE-GOYA-5-300x200.jpeg.webp 300w, https:\/\/883radiociudad.gob.ar\/wp-content\/uploads\/2023\/10\/ANIVERSARIO-JUZGADO-FEDERAL-DE-GOYA-5-1024x682.jpeg.webp 1024w, https:\/\/883radiociudad.gob.ar\/wp-content\/uploads\/2023\/10\/ANIVERSARIO-JUZGADO-FEDERAL-DE-GOYA-5-768x512.jpeg.webp 768w, https:\/\/883radiociudad.gob.ar\/wp-content\/uploads\/2023\/10\/ANIVERSARIO-JUZGADO-FEDERAL-DE-GOYA-5-1536x1023.jpeg.webp 1536w, https:\/\/883radiociudad.gob.ar\/wp-content\/uploads\/2023\/10\/ANIVERSARIO-JUZGADO-FEDERAL-DE-GOYA-5.jpeg.webp 1600w\" alt=\"\" width=\"300\" height=\"200\" data-lazy-srcset=\"https:\/\/883radiociudad.gob.ar\/wp-content\/uploads\/2023\/10\/ANIVERSARIO-JUZGADO-FEDERAL-DE-GOYA-5-300x200.jpeg.webp 300w, https:\/\/883radiociudad.gob.ar\/wp-content\/uploads\/2023\/10\/ANIVERSARIO-JUZGADO-FEDERAL-DE-GOYA-5-1024x682.jpeg.webp 1024w, https:\/\/883radiociudad.gob.ar\/wp-content\/uploads\/2023\/10\/ANIVERSARIO-JUZGADO-FEDERAL-DE-GOYA-5-768x512.jpeg.webp 768w, https:\/\/883radiociudad.gob.ar\/wp-content\/uploads\/2023\/10\/ANIVERSARIO-JUZGADO-FEDERAL-DE-GOYA-5-1536x1023.jpeg.webp 1536w, https:\/\/883radiociudad.gob.ar\/wp-content\/uploads\/2023\/10\/ANIVERSARIO-JUZGADO-FEDERAL-DE-GOYA-5.jpeg.webp 1600w\" data-lazy-sizes=\"(max-width: 300px) 100vw, 300px\" data-lazy-src=\"https:\/\/883radiociudad.gob.ar\/wp-content\/uploads\/2023\/10\/ANIVERSARIO-JUZGADO-FEDERAL-DE-GOYA-5-300x200.jpeg.webp\" data-lazy-src-webp=\"https:\/\/883radiociudad.gob.ar\/wp-content\/uploads\/2023\/10\/ANIVERSARIO-JUZGADO-FEDERAL-DE-GOYA-5-300x200.jpeg.webp\" data-lazy-srcset-webp=\"https:\/\/883radiociudad.gob.ar\/wp-content\/uploads\/2023\/10\/ANIVERSARIO-JUZGADO-FEDERAL-DE-GOYA-5-300x200.jpeg.webp 300w, https:\/\/883radiociudad.gob.ar\/wp-content\/uploads\/2023\/10\/ANIVERSARIO-JUZGADO-FEDERAL-DE-GOYA-5-1024x682.jpeg.webp 1024w, https:\/\/883radiociudad.gob.ar\/wp-content\/uploads\/2023\/10\/ANIVERSARIO-JUZGADO-FEDERAL-DE-GOYA-5-768x512.jpeg.webp 768w, https:\/\/883radiociudad.gob.ar\/wp-content\/uploads\/2023\/10\/ANIVERSARIO-JUZGADO-FEDERAL-DE-GOYA-5-1536x1023.jpeg.webp 1536w, https:\/\/883radiociudad.gob.ar\/wp-content\/uploads\/2023\/10\/ANIVERSARIO-JUZGADO-FEDERAL-DE-GOYA-5.jpeg.webp 1600w\" data-ll-status=\"loaded\" \/><\/p>\n<p>Despu\u00e9s de las palabras del intendente, se llev\u00f3 a cabo una lectura de saludos en honor al aniversario, subrayando la colaboraci\u00f3n y el apoyo continuo que ha recibido el juzgado a lo largo de los a\u00f1os.<\/p>\n<p><strong>JEFE DE D.U.O.F.<\/strong><\/p>\n<p>El evento culmin\u00f3 con el discurso del Subcomisario Hern\u00e1n Barrios de la Polic\u00eda Federal Argentina, quien agradeci\u00f3 la oportunidad de colaborar con el juzgado y elogi\u00f3 el compromiso y la pasi\u00f3n del equipo de trabajo. Destac\u00f3 la evoluci\u00f3n positiva que ha experimentado la instituci\u00f3n en estos cinco a\u00f1os y expres\u00f3 su gratitud en nombre de la Polic\u00eda Federal Argentina.<\/p>\n<p><img loading=\"lazy\" decoding=\"async\" class=\"alignnone wp-image-47484 entered lazyloaded\" src=\"https:\/\/883radiociudad.gob.ar\/wp-content\/uploads\/2023\/10\/ANIVERSARIO-JUZGADO-FEDERAL-DE-GOYA-1-300x200.jpeg.webp\" sizes=\"auto, (max-width: 224px) 100vw, 224px\" srcset=\"https:\/\/883radiociudad.gob.ar\/wp-content\/uploads\/2023\/10\/ANIVERSARIO-JUZGADO-FEDERAL-DE-GOYA-1-300x200.jpeg.webp 300w, https:\/\/883radiociudad.gob.ar\/wp-content\/uploads\/2023\/10\/ANIVERSARIO-JUZGADO-FEDERAL-DE-GOYA-1-1024x682.jpeg.webp 1024w, https:\/\/883radiociudad.gob.ar\/wp-content\/uploads\/2023\/10\/ANIVERSARIO-JUZGADO-FEDERAL-DE-GOYA-1-768x512.jpeg.webp 768w, https:\/\/883radiociudad.gob.ar\/wp-content\/uploads\/2023\/10\/ANIVERSARIO-JUZGADO-FEDERAL-DE-GOYA-1-1536x1023.jpeg.webp 1536w, https:\/\/883radiociudad.gob.ar\/wp-content\/uploads\/2023\/10\/ANIVERSARIO-JUZGADO-FEDERAL-DE-GOYA-1-1280x845.jpeg.webp 1280w, https:\/\/883radiociudad.gob.ar\/wp-content\/uploads\/2023\/10\/ANIVERSARIO-JUZGADO-FEDERAL-DE-GOYA-1-720x475.jpeg.webp 720w, https:\/\/883radiociudad.gob.ar\/wp-content\/uploads\/2023\/10\/ANIVERSARIO-JUZGADO-FEDERAL-DE-GOYA-1.jpeg.webp 1600w\" alt=\"\" width=\"224\" height=\"149\" data-lazy-srcset=\"https:\/\/883radiociudad.gob.ar\/wp-content\/uploads\/2023\/10\/ANIVERSARIO-JUZGADO-FEDERAL-DE-GOYA-1-300x200.jpeg.webp 300w, https:\/\/883radiociudad.gob.ar\/wp-content\/uploads\/2023\/10\/ANIVERSARIO-JUZGADO-FEDERAL-DE-GOYA-1-1024x682.jpeg.webp 1024w, https:\/\/883radiociudad.gob.ar\/wp-content\/uploads\/2023\/10\/ANIVERSARIO-JUZGADO-FEDERAL-DE-GOYA-1-768x512.jpeg.webp 768w, https:\/\/883radiociudad.gob.ar\/wp-content\/uploads\/2023\/10\/ANIVERSARIO-JUZGADO-FEDERAL-DE-GOYA-1-1536x1023.jpeg.webp 1536w, https:\/\/883radiociudad.gob.ar\/wp-content\/uploads\/2023\/10\/ANIVERSARIO-JUZGADO-FEDERAL-DE-GOYA-1-1280x845.jpeg.webp 1280w, https:\/\/883radiociudad.gob.ar\/wp-content\/uploads\/2023\/10\/ANIVERSARIO-JUZGADO-FEDERAL-DE-GOYA-1-720x475.jpeg.webp 720w, https:\/\/883radiociudad.gob.ar\/wp-content\/uploads\/2023\/10\/ANIVERSARIO-JUZGADO-FEDERAL-DE-GOYA-1.jpeg.webp 1600w\" data-lazy-sizes=\"(max-width: 224px) 100vw, 224px\" data-lazy-src=\"https:\/\/883radiociudad.gob.ar\/wp-content\/uploads\/2023\/10\/ANIVERSARIO-JUZGADO-FEDERAL-DE-GOYA-1-300x200.jpeg.webp\" data-lazy-src-webp=\"https:\/\/883radiociudad.gob.ar\/wp-content\/uploads\/2023\/10\/ANIVERSARIO-JUZGADO-FEDERAL-DE-GOYA-1-300x200.jpeg.webp\" data-lazy-srcset-webp=\"https:\/\/883radiociudad.gob.ar\/wp-content\/uploads\/2023\/10\/ANIVERSARIO-JUZGADO-FEDERAL-DE-GOYA-1-300x200.jpeg.webp 300w, https:\/\/883radiociudad.gob.ar\/wp-content\/uploads\/2023\/10\/ANIVERSARIO-JUZGADO-FEDERAL-DE-GOYA-1-1024x682.jpeg.webp 1024w, https:\/\/883radiociudad.gob.ar\/wp-content\/uploads\/2023\/10\/ANIVERSARIO-JUZGADO-FEDERAL-DE-GOYA-1-768x512.jpeg.webp 768w, https:\/\/883radiociudad.gob.ar\/wp-content\/uploads\/2023\/10\/ANIVERSARIO-JUZGADO-FEDERAL-DE-GOYA-1-1536x1023.jpeg.webp 1536w, https:\/\/883radiociudad.gob.ar\/wp-content\/uploads\/2023\/10\/ANIVERSARIO-JUZGADO-FEDERAL-DE-GOYA-1-1280x845.jpeg.webp 1280w, https:\/\/883radiociudad.gob.ar\/wp-content\/uploads\/2023\/10\/ANIVERSARIO-JUZGADO-FEDERAL-DE-GOYA-1-720x475.jpeg.webp 720w, https:\/\/883radiociudad.gob.ar\/wp-content\/uploads\/2023\/10\/ANIVERSARIO-JUZGADO-FEDERAL-DE-GOYA-1.jpeg.webp 1600w\" data-ll-status=\"loaded\" \/>\u00a0<img loading=\"lazy\" decoding=\"async\" class=\"alignnone wp-image-47483 entered lazyloaded\" src=\"https:\/\/883radiociudad.gob.ar\/wp-content\/uploads\/2023\/10\/ANIVERSARIO-JUZGADO-FEDERAL-DE-GOYA-300x200.jpeg.webp\" sizes=\"auto, (max-width: 225px) 100vw, 225px\" srcset=\"https:\/\/883radiociudad.gob.ar\/wp-content\/uploads\/2023\/10\/ANIVERSARIO-JUZGADO-FEDERAL-DE-GOYA-300x200.jpeg.webp 300w, https:\/\/883radiociudad.gob.ar\/wp-content\/uploads\/2023\/10\/ANIVERSARIO-JUZGADO-FEDERAL-DE-GOYA-1024x682.jpeg.webp 1024w, https:\/\/883radiociudad.gob.ar\/wp-content\/uploads\/2023\/10\/ANIVERSARIO-JUZGADO-FEDERAL-DE-GOYA-768x512.jpeg.webp 768w, https:\/\/883radiociudad.gob.ar\/wp-content\/uploads\/2023\/10\/ANIVERSARIO-JUZGADO-FEDERAL-DE-GOYA-1536x1023.jpeg.webp 1536w, https:\/\/883radiociudad.gob.ar\/wp-content\/uploads\/2023\/10\/ANIVERSARIO-JUZGADO-FEDERAL-DE-GOYA-1280x845.jpeg.webp 1280w, https:\/\/883radiociudad.gob.ar\/wp-content\/uploads\/2023\/10\/ANIVERSARIO-JUZGADO-FEDERAL-DE-GOYA.jpeg.webp 1600w\" alt=\"\" width=\"225\" height=\"150\" data-lazy-srcset=\"https:\/\/883radiociudad.gob.ar\/wp-content\/uploads\/2023\/10\/ANIVERSARIO-JUZGADO-FEDERAL-DE-GOYA-300x200.jpeg.webp 300w, https:\/\/883radiociudad.gob.ar\/wp-content\/uploads\/2023\/10\/ANIVERSARIO-JUZGADO-FEDERAL-DE-GOYA-1024x682.jpeg.webp 1024w, https:\/\/883radiociudad.gob.ar\/wp-content\/uploads\/2023\/10\/ANIVERSARIO-JUZGADO-FEDERAL-DE-GOYA-768x512.jpeg.webp 768w, https:\/\/883radiociudad.gob.ar\/wp-content\/uploads\/2023\/10\/ANIVERSARIO-JUZGADO-FEDERAL-DE-GOYA-1536x1023.jpeg.webp 1536w, https:\/\/883radiociudad.gob.ar\/wp-content\/uploads\/2023\/10\/ANIVERSARIO-JUZGADO-FEDERAL-DE-GOYA-1280x845.jpeg.webp 1280w, https:\/\/883radiociudad.gob.ar\/wp-content\/uploads\/2023\/10\/ANIVERSARIO-JUZGADO-FEDERAL-DE-GOYA.jpeg.webp 1600w\" data-lazy-sizes=\"(max-width: 225px) 100vw, 225px\" data-lazy-src=\"https:\/\/883radiociudad.gob.ar\/wp-content\/uploads\/2023\/10\/ANIVERSARIO-JUZGADO-FEDERAL-DE-GOYA-300x200.jpeg.webp\" data-lazy-src-webp=\"https:\/\/883radiociudad.gob.ar\/wp-content\/uploads\/2023\/10\/ANIVERSARIO-JUZGADO-FEDERAL-DE-GOYA-300x200.jpeg.webp\" data-lazy-srcset-webp=\"https:\/\/883radiociudad.gob.ar\/wp-content\/uploads\/2023\/10\/ANIVERSARIO-JUZGADO-FEDERAL-DE-GOYA-300x200.jpeg.webp 300w, https:\/\/883radiociudad.gob.ar\/wp-content\/uploads\/2023\/10\/ANIVERSARIO-JUZGADO-FEDERAL-DE-GOYA-1024x682.jpeg.webp 1024w, https:\/\/883radiociudad.gob.ar\/wp-content\/uploads\/2023\/10\/ANIVERSARIO-JUZGADO-FEDERAL-DE-GOYA-768x512.jpeg.webp 768w, https:\/\/883radiociudad.gob.ar\/wp-content\/uploads\/2023\/10\/ANIVERSARIO-JUZGADO-FEDERAL-DE-GOYA-1536x1023.jpeg.webp 1536w, https:\/\/883radiociudad.gob.ar\/wp-content\/uploads\/2023\/10\/ANIVERSARIO-JUZGADO-FEDERAL-DE-GOYA-1280x845.jpeg.webp 1280w, https:\/\/883radiociudad.gob.ar\/wp-content\/uploads\/2023\/10\/ANIVERSARIO-JUZGADO-FEDERAL-DE-GOYA.jpeg.webp 1600w\" data-ll-status=\"loaded\" \/>\u00a0<img loading=\"lazy\" decoding=\"async\" class=\"alignnone wp-image-47482 entered lazyloaded\" src=\"https:\/\/883radiociudad.gob.ar\/wp-content\/uploads\/2023\/10\/ANIVERSARIO-JUZGADO-FEDERAL-DE-GOYA-6-300x200.jpeg.webp\" sizes=\"auto, (max-width: 219px) 100vw, 219px\" srcset=\"https:\/\/883radiociudad.gob.ar\/wp-content\/uploads\/2023\/10\/ANIVERSARIO-JUZGADO-FEDERAL-DE-GOYA-6-300x200.jpeg.webp 300w, https:\/\/883radiociudad.gob.ar\/wp-content\/uploads\/2023\/10\/ANIVERSARIO-JUZGADO-FEDERAL-DE-GOYA-6-1024x682.jpeg.webp 1024w, https:\/\/883radiociudad.gob.ar\/wp-content\/uploads\/2023\/10\/ANIVERSARIO-JUZGADO-FEDERAL-DE-GOYA-6-768x512.jpeg.webp 768w, https:\/\/883radiociudad.gob.ar\/wp-content\/uploads\/2023\/10\/ANIVERSARIO-JUZGADO-FEDERAL-DE-GOYA-6-1536x1023.jpeg.webp 1536w, https:\/\/883radiociudad.gob.ar\/wp-content\/uploads\/2023\/10\/ANIVERSARIO-JUZGADO-FEDERAL-DE-GOYA-6-1280x845.jpeg.webp 1280w, https:\/\/883radiociudad.gob.ar\/wp-content\/uploads\/2023\/10\/ANIVERSARIO-JUZGADO-FEDERAL-DE-GOYA-6.jpeg.webp 1600w\" alt=\"\" width=\"219\" height=\"146\" data-lazy-srcset=\"https:\/\/883radiociudad.gob.ar\/wp-content\/uploads\/2023\/10\/ANIVERSARIO-JUZGADO-FEDERAL-DE-GOYA-6-300x200.jpeg.webp 300w, https:\/\/883radiociudad.gob.ar\/wp-content\/uploads\/2023\/10\/ANIVERSARIO-JUZGADO-FEDERAL-DE-GOYA-6-1024x682.jpeg.webp 1024w, https:\/\/883radiociudad.gob.ar\/wp-content\/uploads\/2023\/10\/ANIVERSARIO-JUZGADO-FEDERAL-DE-GOYA-6-768x512.jpeg.webp 768w, https:\/\/883radiociudad.gob.ar\/wp-content\/uploads\/2023\/10\/ANIVERSARIO-JUZGADO-FEDERAL-DE-GOYA-6-1536x1023.jpeg.webp 1536w, https:\/\/883radiociudad.gob.ar\/wp-content\/uploads\/2023\/10\/ANIVERSARIO-JUZGADO-FEDERAL-DE-GOYA-6-1280x845.jpeg.webp 1280w, https:\/\/883radiociudad.gob.ar\/wp-content\/uploads\/2023\/10\/ANIVERSARIO-JUZGADO-FEDERAL-DE-GOYA-6.jpeg.webp 1600w\" data-lazy-sizes=\"(max-width: 219px) 100vw, 219px\" data-lazy-src=\"https:\/\/883radiociudad.gob.ar\/wp-content\/uploads\/2023\/10\/ANIVERSARIO-JUZGADO-FEDERAL-DE-GOYA-6-300x200.jpeg.webp\" data-lazy-src-webp=\"https:\/\/883radiociudad.gob.ar\/wp-content\/uploads\/2023\/10\/ANIVERSARIO-JUZGADO-FEDERAL-DE-GOYA-6-300x200.jpeg.webp\" data-lazy-srcset-webp=\"https:\/\/883radiociudad.gob.ar\/wp-content\/uploads\/2023\/10\/ANIVERSARIO-JUZGADO-FEDERAL-DE-GOYA-6-300x200.jpeg.webp 300w, https:\/\/883radiociudad.gob.ar\/wp-content\/uploads\/2023\/10\/ANIVERSARIO-JUZGADO-FEDERAL-DE-GOYA-6-1024x682.jpeg.webp 1024w, https:\/\/883radiociudad.gob.ar\/wp-content\/uploads\/2023\/10\/ANIVERSARIO-JUZGADO-FEDERAL-DE-GOYA-6-768x512.jpeg.webp 768w, https:\/\/883radiociudad.gob.ar\/wp-content\/uploads\/2023\/10\/ANIVERSARIO-JUZGADO-FEDERAL-DE-GOYA-6-1536x1023.jpeg.webp 1536w, https:\/\/883radiociudad.gob.ar\/wp-content\/uploads\/2023\/10\/ANIVERSARIO-JUZGADO-FEDERAL-DE-GOYA-6-1280x845.jpeg.webp 1280w, https:\/\/883radiociudad.gob.ar\/wp-content\/uploads\/2023\/10\/ANIVERSARIO-JUZGADO-FEDERAL-DE-GOYA-6.jpeg.webp 1600w\" data-ll-status=\"loaded\" \/><\/p>\n<p>Este quinto aniversario del Juzgado Federal de Goya destaca la importancia de la colaboraci\u00f3n entre las diferentes instituciones y la comunidad en la b\u00fasqueda de un servicio de justicia de calidad. Un hito que subraya el compromiso constante en la lucha contra el flagelo de la droga, la trata y el lavado de activos en beneficio de la sociedad.<img loading=\"lazy\" decoding=\"async\" class=\"size-medium wp-image-47481 alignright entered lazyloaded\" src=\"https:\/\/883radiociudad.gob.ar\/wp-content\/uploads\/2023\/10\/ANIVERSARIO-JUZGADO-FEDERAL-DE-GOYA-8-300x200.jpeg.webp\" sizes=\"auto, (max-width: 300px) 100vw, 300px\" srcset=\"https:\/\/883radiociudad.gob.ar\/wp-content\/uploads\/2023\/10\/ANIVERSARIO-JUZGADO-FEDERAL-DE-GOYA-8-300x200.jpeg.webp 300w, https:\/\/883radiociudad.gob.ar\/wp-content\/uploads\/2023\/10\/ANIVERSARIO-JUZGADO-FEDERAL-DE-GOYA-8-1024x682.jpeg.webp 1024w, https:\/\/883radiociudad.gob.ar\/wp-content\/uploads\/2023\/10\/ANIVERSARIO-JUZGADO-FEDERAL-DE-GOYA-8-768x512.jpeg.webp 768w, https:\/\/883radiociudad.gob.ar\/wp-content\/uploads\/2023\/10\/ANIVERSARIO-JUZGADO-FEDERAL-DE-GOYA-8-1536x1023.jpeg.webp 1536w, https:\/\/883radiociudad.gob.ar\/wp-content\/uploads\/2023\/10\/ANIVERSARIO-JUZGADO-FEDERAL-DE-GOYA-8.jpeg.webp 1600w\" alt=\"\" width=\"300\" height=\"200\" data-lazy-srcset=\"https:\/\/883radiociudad.gob.ar\/wp-content\/uploads\/2023\/10\/ANIVERSARIO-JUZGADO-FEDERAL-DE-GOYA-8-300x200.jpeg.webp 300w, https:\/\/883radiociudad.gob.ar\/wp-content\/uploads\/2023\/10\/ANIVERSARIO-JUZGADO-FEDERAL-DE-GOYA-8-1024x682.jpeg.webp 1024w, https:\/\/883radiociudad.gob.ar\/wp-content\/uploads\/2023\/10\/ANIVERSARIO-JUZGADO-FEDERAL-DE-GOYA-8-768x512.jpeg.webp 768w, https:\/\/883radiociudad.gob.ar\/wp-content\/uploads\/2023\/10\/ANIVERSARIO-JUZGADO-FEDERAL-DE-GOYA-8-1536x1023.jpeg.webp 1536w, https:\/\/883radiociudad.gob.ar\/wp-content\/uploads\/2023\/10\/ANIVERSARIO-JUZGADO-FEDERAL-DE-GOYA-8.jpeg.webp 1600w\" data-lazy-sizes=\"(max-width: 300px) 100vw, 300px\" data-lazy-src=\"https:\/\/883radiociudad.gob.ar\/wp-content\/uploads\/2023\/10\/ANIVERSARIO-JUZGADO-FEDERAL-DE-GOYA-8-300x200.jpeg.webp\" data-lazy-src-webp=\"https:\/\/883radiociudad.gob.ar\/wp-content\/uploads\/2023\/10\/ANIVERSARIO-JUZGADO-FEDERAL-DE-GOYA-8-300x200.jpeg.webp\" data-lazy-srcset-webp=\"https:\/\/883radiociudad.gob.ar\/wp-content\/uploads\/2023\/10\/ANIVERSARIO-JUZGADO-FEDERAL-DE-GOYA-8-300x200.jpeg.webp 300w, https:\/\/883radiociudad.gob.ar\/wp-content\/uploads\/2023\/10\/ANIVERSARIO-JUZGADO-FEDERAL-DE-GOYA-8-1024x682.jpeg.webp 1024w, https:\/\/883radiociudad.gob.ar\/wp-content\/uploads\/2023\/10\/ANIVERSARIO-JUZGADO-FEDERAL-DE-GOYA-8-768x512.jpeg.webp 768w, https:\/\/883radiociudad.gob.ar\/wp-content\/uploads\/2023\/10\/ANIVERSARIO-JUZGADO-FEDERAL-DE-GOYA-8-1536x1023.jpeg.webp 1536w, https:\/\/883radiociudad.gob.ar\/wp-content\/uploads\/2023\/10\/ANIVERSARIO-JUZGADO-FEDERAL-DE-GOYA-8.jpeg.webp 1600w\" data-ll-status=\"loaded\" \/><\/p>\n<p>La celebraci\u00f3n del quinto aniversario del Juzgado Federal de Goya no solo fue un tributo a los logros del pasado, sino tambi\u00e9n un firme compromiso hacia un futuro de justicia, dedicaci\u00f3n y colaboraci\u00f3n en beneficio de la comunidad.<\/p>\n","protected":false},"excerpt":{"rendered":"<p>En un acto celebrado este martes 3 de octubre, el Juzgado Federal de Goya conmemor\u00f3 su quinto aniversario, destacando su papel fundamental en la jurisdicci\u00f3n y el servicio de justicia. El evento, presidido por el intendente municipal Mariano Hormaechea, junto a la jueza federal, doctora Cristina Elizabeth Pozzer Penzo; \u00a0reuni\u00f3 a una distinguida lista de [&hellip;]<\/p>\n","protected":false},"author":2,"featured_media":19265,"comment_status":"closed","ping_status":"closed","sticky":false,"template":"","format":"standard","meta":{"footnotes":""},"categories":[56],"tags":[],"class_list":{"0":"post-19264","1":"post","2":"type-post","3":"status-publish","4":"format-standard","5":"has-post-thumbnail","7":"category-locales"},"_links":{"self":[{"href":"https:\/\/radiobitacora.com.ar\/web\/wp-json\/wp\/v2\/posts\/19264","targetHints":{"allow":["GET"]}}],"collection":[{"href":"https:\/\/radiobitacora.com.ar\/web\/wp-json\/wp\/v2\/posts"}],"about":[{"href":"https:\/\/radiobitacora.com.ar\/web\/wp-json\/wp\/v2\/types\/post"}],"author":[{"embeddable":true,"href":"https:\/\/radiobitacora.com.ar\/web\/wp-json\/wp\/v2\/users\/2"}],"replies":[{"embeddable":true,"href":"https:\/\/radiobitacora.com.ar\/web\/wp-json\/wp\/v2\/comments?post=19264"}],"version-history":[{"count":0,"href":"https:\/\/radiobitacora.com.ar\/web\/wp-json\/wp\/v2\/posts\/19264\/revisions"}],"wp:featuredmedia":[{"embeddable":true,"href":"https:\/\/radiobitacora.com.ar\/web\/wp-json\/wp\/v2\/media\/19265"}],"wp:attachment":[{"href":"https:\/\/radiobitacora.com.ar\/web\/wp-json\/wp\/v2\/media?parent=19264"}],"wp:term":[{"taxonomy":"category","embeddable":true,"href":"https:\/\/radiobitacora.com.ar\/web\/wp-json\/wp\/v2\/categories?post=19264"},{"taxonomy":"post_tag","embeddable":true,"href":"https:\/\/radiobitacora.com.ar\/web\/wp-json\/wp\/v2\/tags?post=19264"}],"curies":[{"name":"wp","href":"https:\/\/api.w.org\/{rel}","templated":true}]}}