{"id":19270,"date":"2023-10-04T07:49:27","date_gmt":"2023-10-04T10:49:27","guid":{"rendered":"https:\/\/radiobitacora.com.ar\/web\/?p=19270"},"modified":"2023-10-04T07:49:27","modified_gmt":"2023-10-04T10:49:27","slug":"este-viernes-comienza-el-pago-del-plus-unificado","status":"publish","type":"post","link":"https:\/\/radiobitacora.com.ar\/web\/2023\/10\/04\/este-viernes-comienza-el-pago-del-plus-unificado\/","title":{"rendered":"Este viernes comienza el pago del plus unificado"},"content":{"rendered":"<p>El gobernador Gustavo Vald\u00e9s comunic\u00f3 por medio de sus redes sociales oficiales que este viernes va a estar comenzando el pago del plus unificado de $27.650 para trabajadores provinciales y jubilados. El pago, que corresponde al mes de octubre, ser\u00e1 por medio de terminaci\u00f3n de DNI.<\/p>\n<p>&nbsp;<\/p>\n<p>El cronograma avanzar\u00e1 a raz\u00f3n de dos d\u00edgitos por d\u00eda, hasta finalizar el jueves 12.<\/p>\n<p>&nbsp;<\/p>\n<p>Desde el Ministerio de Hacienda de la provincia destacaron que este sistema de aportes salariales es parte de la pol\u00edtica de defensa del poder adquisitivo de los haberes provinciales, ante la escalada inflacionaria que se registra en el pa\u00eds.<\/p>\n<p>&nbsp;<\/p>\n<p><strong>CRONOGRAMA COMPLETO:<\/strong><\/p>\n<p>&nbsp;<\/p>\n<p>Viernes 6: 0 y 1<\/p>\n<p>&nbsp;<\/p>\n<p>\u2022 Lunes 9: 2 y 3*<\/p>\n<p>&nbsp;<\/p>\n<p>\u2022 Martes 10: 4 y 5<\/p>\n<p>&nbsp;<\/p>\n<p>\u2022 Mi\u00e9rcoles 11: 6 y 7<\/p>\n<p>&nbsp;<\/p>\n<p>\u2022 Jueves 12: 8 y 9<\/p>\n<p>&nbsp;<\/p>\n<p>* En cajeros, s\u00e1bado 7.<\/p>\n","protected":false},"excerpt":{"rendered":"<p>El gobernador Gustavo Vald\u00e9s comunic\u00f3 por medio de sus redes sociales oficiales que este viernes va a estar comenzando el pago del plus unificado de $27.650 para trabajadores provinciales y jubilados. El pago, que corresponde al mes de octubre, ser\u00e1 por medio de terminaci\u00f3n de DNI. &nbsp; El cronograma avanzar\u00e1 a raz\u00f3n de dos d\u00edgitos [&hellip;]<\/p>\n","protected":false},"author":2,"featured_media":19271,"comment_status":"closed","ping_status":"closed","sticky":false,"template":"","format":"standard","meta":{"footnotes":""},"categories":[72],"tags":[],"class_list":{"0":"post-19270","1":"post","2":"type-post","3":"status-publish","4":"format-standard","5":"has-post-thumbnail","7":"category-provinciales"},"_links":{"self":[{"href":"https:\/\/radiobitacora.com.ar\/web\/wp-json\/wp\/v2\/posts\/19270","targetHints":{"allow":["GET"]}}],"collection":[{"href":"https:\/\/radiobitacora.com.ar\/web\/wp-json\/wp\/v2\/posts"}],"about":[{"href":"https:\/\/radiobitacora.com.ar\/web\/wp-json\/wp\/v2\/types\/post"}],"author":[{"embeddable":true,"href":"https:\/\/radiobitacora.com.ar\/web\/wp-json\/wp\/v2\/users\/2"}],"replies":[{"embeddable":true,"href":"https:\/\/radiobitacora.com.ar\/web\/wp-json\/wp\/v2\/comments?post=19270"}],"version-history":[{"count":0,"href":"https:\/\/radiobitacora.com.ar\/web\/wp-json\/wp\/v2\/posts\/19270\/revisions"}],"wp:featuredmedia":[{"embeddable":true,"href":"https:\/\/radiobitacora.com.ar\/web\/wp-json\/wp\/v2\/media\/19271"}],"wp:attachment":[{"href":"https:\/\/radiobitacora.com.ar\/web\/wp-json\/wp\/v2\/media?parent=19270"}],"wp:term":[{"taxonomy":"category","embeddable":true,"href":"https:\/\/radiobitacora.com.ar\/web\/wp-json\/wp\/v2\/categories?post=19270"},{"taxonomy":"post_tag","embeddable":true,"href":"https:\/\/radiobitacora.com.ar\/web\/wp-json\/wp\/v2\/tags?post=19270"}],"curies":[{"name":"wp","href":"https:\/\/api.w.org\/{rel}","templated":true}]}}