{"id":19296,"date":"2023-10-06T07:51:29","date_gmt":"2023-10-06T10:51:29","guid":{"rendered":"https:\/\/radiobitacora.com.ar\/web\/?p=19296"},"modified":"2023-10-06T07:51:29","modified_gmt":"2023-10-06T10:51:29","slug":"el-dia-despues-las-medidas-urgentes-que-esperan-del-proximo-gobierno-los-empresarios-de-idea","status":"publish","type":"post","link":"https:\/\/radiobitacora.com.ar\/web\/2023\/10\/06\/el-dia-despues-las-medidas-urgentes-que-esperan-del-proximo-gobierno-los-empresarios-de-idea\/","title":{"rendered":"\u201cEl d\u00eda despu\u00e9s\u201d: las medidas urgentes que esperan del pr\u00f3ximo gobierno los empresarios de IDEA"},"content":{"rendered":"<p class=\"paragraph\" data-mrf-recirculation=\"Links inline\">La coyuntura macroecon\u00f3mica llega a la segunda instancia electoral con tensiones, medidas urgentes y diarias e incertidumbre por la transici\u00f3n hasta el cambio de mando y la puesta en marcha del\u00a0<b>nuevo plan econ\u00f3mico<\/b>\u00a0con el que llegue quien resulte electo presidente. Fue uno de los temas que atravesaron las conversaciones en el\u00a0<b>59\u00b0 Coloquio de IDEA<\/b>: qu\u00e9 va a pasar desde el 11 de diciembre.\u00a0<b>El d\u00eda despu\u00e9s<\/b>.<\/p>\n<p class=\"paragraph\" data-mrf-recirculation=\"Links inline\">Como la tradicional cita ejecutiva en Mar del Plata suele tener como mascar\u00f3n de proa impulsar una discusi\u00f3n de mediano y largo plazo, trata de alejarse del contexto m\u00e1s furioso, que asoma en las pantallas de hombres y mujeres de negocios que transitan los pasillos del Hotel Sheraton. M\u00e1s de uno interrump\u00eda charlas caf\u00e9 en mano por tener que tomar decisiones en sus empresas de las que no pueden esperar. En ese contexto, algunos de ellos frenaron la vor\u00e1gine para, en conversaci\u00f3n con\u00a0<b>Infobae<\/b>, comentar qu\u00e9 esperan para la econom\u00eda una vez que haya terminado el per\u00edodo eleccionario y el nuevo gobierno empiece tome el mando.<\/p>\n<p class=\"paragraph\" data-mrf-recirculation=\"Links inline\">Para la mayor\u00eda de ellos es dif\u00edcil plantear una\u00a0<b>hoja de ruta concreta\u00a0<\/b>sobre los pasos que deber\u00e1 tomar la pr\u00f3xima administraci\u00f3n. Sin ir m\u00e1s lejos, es lo que los ejecutivos esperan escuchar de los candidatos, o al menos de sus equipos, en los pr\u00f3ximos d\u00edas. En algunos casos los pincelazos gruesos est\u00e1n trazados, pero faltan detalles. O incluso, m\u00e1s elemental, hay casilleros vac\u00edos respecto a los interlocutores con los cuales intercambiar ideas.<\/p>\n<p class=\"paragraph\" data-mrf-recirculation=\"Links inline\">Eso sucede, de manera repetida, para el caso del candidato m\u00e1s votado en las PASO,<b>\u00a0Javier Milei<\/b>. Un ejemplo: los empresarios industriales todav\u00eda no terminan de tener claro qui\u00e9n habla en nombre de Milei en temas industriales. Hubo un nombre que circul\u00f3 en el Coloquio entre los ejecutivos fabriles, el de<b>\u00a0Federico Ovejero<\/b>, ex directivo de General Motors a nivel regional, que tambi\u00e9n asisti\u00f3 a IDEA. Cerca suyo negaron formar parte del equipo t\u00e9cnico del libertario, aunque s\u00ed trabaja para conformar<b>\u00a0\u201cun plan industrial\u201d<\/b>\u00a0para presentar ante el candidato de La Libertad Avanza.<\/p>\n<p class=\"paragraph\" data-mrf-recirculation=\"Links inline\">Si tuviera que marcar las prioridades del pr\u00f3ximo gobierno a partir del 11 de diciembre, \u00bfcu\u00e1les dir\u00eda que son?, pregunt\u00f3\u00a0<b>Infobae\u00a0<\/b>al presidente de la Uni\u00f3n Industrial Argentina (UIA)\u00a0<b>Daniel Funes de Rioja<\/b>. \u201cDir\u00eda orden institucional, respeto a la Constituci\u00f3n, Estado de derecho. Esto es importante. Estabilidad macroecon\u00f3mica, evidentemente\u00a0<b>equilibrio fiscal, menor presi\u00f3n fiscal<\/b>, orden del sistema fiscal argentino\u201d, plante\u00f3 el ejecutivo.<\/p>\n<div class=\"visual__image\"><img loading=\"lazy\" decoding=\"async\" class=\" lazyload\" src=\"https:\/\/www.infobae.com\/new-resizer\/My5edJZ33dQt5-h7bSksP0wmI7U=\/arc-anglerfish-arc2-prod-infobae\/public\/7DKJB4H5KRH5PFOVBKJZVSX4PM.jpg\" sizes=\"auto, (min-width: 800px) 50vw, 90vw\" srcset=\"https:\/\/www.infobae.com\/new-resizer\/Q_91ak6U4J207yGfGhNZg8y5pP0=\/420x236\/filters:format(webp):quality(85)\/cloudfront-us-east-1.images.arcpublishing.com\/infobae\/7DKJB4H5KRH5PFOVBKJZVSX4PM.jpg 420w,https:\/\/www.infobae.com\/new-resizer\/H_U3MNZHd7X6815PZkH-UsYl-q0=\/768x432\/filters:format(webp):quality(85)\/cloudfront-us-east-1.images.arcpublishing.com\/infobae\/7DKJB4H5KRH5PFOVBKJZVSX4PM.jpg 768w,https:\/\/www.infobae.com\/new-resizer\/6DbJ87bHuqdf__AVa564oYF7YYQ=\/992x558\/filters:format(webp):quality(85)\/cloudfront-us-east-1.images.arcpublishing.com\/infobae\/7DKJB4H5KRH5PFOVBKJZVSX4PM.jpg 992w,https:\/\/www.infobae.com\/new-resizer\/k762RiCGCXeqqXyV5yKKcdy-RGk=\/1200x675\/filters:format(webp):quality(85)\/cloudfront-us-east-1.images.arcpublishing.com\/infobae\/7DKJB4H5KRH5PFOVBKJZVSX4PM.jpg 1200w,https:\/\/www.infobae.com\/new-resizer\/hz3dALrobZ-UeOP_zjZTUft-xxE=\/1440x810\/filters:format(webp):quality(85)\/cloudfront-us-east-1.images.arcpublishing.com\/infobae\/7DKJB4H5KRH5PFOVBKJZVSX4PM.jpg 1440w\" alt=\"\u201cLa ilusi\u00f3n se basa en que la Argentina tiene un potencial, que siempre tuvimos, pero que ahora yo lo veo con much\u00edsima m\u00e1s claridad&quot;, se\u00f1al\u00f3 Daniel Gonz\u00e1lez, director ejecutivo de IDEA\" width=\"1920\" height=\"1080\" data-src=\"https:\/\/www.infobae.com\/new-resizer\/My5edJZ33dQt5-h7bSksP0wmI7U=\/arc-anglerfish-arc2-prod-infobae\/public\/7DKJB4H5KRH5PFOVBKJZVSX4PM.jpg\" \/>\u201cLa ilusi\u00f3n se basa en que la Argentina tiene un potencial, que siempre tuvimos, pero que ahora yo lo veo con much\u00edsima m\u00e1s claridad&#8221;, se\u00f1al\u00f3 Daniel Gonz\u00e1lez, director ejecutivo de IDEA<\/div>\n<p class=\"paragraph\" data-mrf-recirculation=\"Links inline\">\u201cPorque sino, mata al 30% de la poblaci\u00f3n que es la que contribuye. Y a partir de ah\u00ed tambi\u00e9n modernizaci\u00f3n y tener en cuenta las nuevas realidades laborales y b\u00fasqueda de pol\u00edticas de Estado, educaci\u00f3n, salud, como n\u00facleo duro de pol\u00edticas de Estado, no de gobierno\u201d. Consultado sobre si ve que los principales candidatos apuntan en esa direcci\u00f3n, asegur\u00f3: \u201cHablamos para\u00a0<b>convencerlos tambi\u00e9n a ellos<\/b>\u201d, cerr\u00f3.<\/p>\n<p class=\"paragraph\" data-mrf-recirculation=\"Links inline\">Para<b>\u00a0Marcelo Figueiras<\/b>, presidente de Laboratorios Richmond, \u201cobviamente tenemos que reordenar la macro y tenemos que redoblar los esfuerzos colectivos para\u00a0<b>encauzar esto<\/b>. Tenemos muchas posibilidades de hacerlo, hay muchas posibilidades y muchas cosas que se pueden dar a favor, y tenemos con qu\u00e9 hacerlo porque tenemos nuestra ciencia, tenemos nuestra producci\u00f3n, tenemos energ\u00eda. Creo que tenemos que<b>\u00a0reorganizarnos<\/b>, reordenar los esfuerzos y salir adelante\u201d, coment\u00f3.<\/p>\n<p class=\"paragraph\" data-mrf-recirculation=\"Links inline\">Sobre la enorme incertidumbre actual durante el proceso electoral, Figueiras asegur\u00f3 que \u201cla coyuntura del proceso electoral normal de una democracia es esto,\u00a0<b>siempre va a haber incertidumbres<\/b>\u00a0que se ahondan a\u00fan m\u00e1s con este escenario de tercios y con la incertidumbre t\u00edpica de lo poco que falta. Lo m\u00e1s urgente es un ordenamiento macro, es fundamental, en lo que respecta a cada uno (en referencia al sector privado), seguir invirtiendo y ahondando los esfuerzos para crear riqueza y trabajo, m\u00e1s ciencia y m\u00e1s trabajo y que podamos ver de manera tangible una disminuci\u00f3n de pobreza\u201d, complet\u00f3 el empresario.<\/p>\n<div class=\"blockquote\">\n<blockquote class=\"color_figcaption\"><p>\u201cNo te puedo decir el tama\u00f1o del impacto, pero es posible que tenga un impacto de corto plazo duro. Tenemos consenso ac\u00e1 que el corto plazo es muy jorobado para cualquiera\u201d (Daniel Gonz\u00e1lez)<\/p><\/blockquote>\n<\/div>\n<p class=\"paragraph\" data-mrf-recirculation=\"Links inline\">Para\u00a0<b>Daniel Gonz\u00e1lez<\/b>, directivo de IDEA, la coyuntura dif\u00edcil no tiene que nublar la posibilidad de la discusi\u00f3n un poco m\u00e1s all\u00e1 en el horizonte. \u201cNunca, en la historia reciente de Argentina, por lo menos la que yo conozco, est\u00e1bamos a dos semanas de las elecciones con tres candidatos con posibilidades. No me sorprende ni un poquito que haya\u00a0<b>mucha volatilidad<\/b>\u00a0del tipo de cambio. Nosotros, ac\u00e1, en IDEA, tratamos de alejarnos de eso. Es dif\u00edcil y en el pasillo seguro est\u00e1n todos hablando de eso. Pero en el escenario no, porque nosotros lo que tenemos es una propuesta de desarrollo de mediano plazo\u201d, dijo el ex CEO de YPF.<\/p>\n<p class=\"paragraph\" data-mrf-recirculation=\"Links inline\">Gonz\u00e1lez asegura que en ese contexto hay elementos que\u00a0<b>generan \u201cilusi\u00f3n\u201d<\/b>, a tono con el lema del Coloquio de este a\u00f1o: \u201cArgentinos: volv\u00e1monos a ilusionar\u201d. \u201cLa ilusi\u00f3n se basa en que la Argentina tiene un potencial, que siempre tuvimos, pero que ahora yo lo veo con much\u00edsima m\u00e1s claridad. Siempre uso el ejemplo, quiz\u00e1s de Vaca Muerta, porque es el que conozco m\u00e1s cercano. Hoy, la mitad de los hidrocarburos que se producen en Argentina vienen de Vaca Muerta\u201d, ejemplific\u00f3.<\/p>\n<div class=\"visual__image\"><img loading=\"lazy\" decoding=\"async\" class=\" lazyload\" src=\"https:\/\/www.infobae.com\/new-resizer\/i7Ct-Mkmu-iXLcF7tamD6FQA_DI=\/arc-anglerfish-arc2-prod-infobae\/public\/FLOKN4WH4REX5IGAZJPYWBYLAE.jpg\" sizes=\"auto, (min-width: 800px) 50vw, 90vw\" srcset=\"https:\/\/www.infobae.com\/new-resizer\/yw-laLUp3WgQTaNbs67iCyrOfcE=\/420x236\/filters:format(webp):quality(85)\/cloudfront-us-east-1.images.arcpublishing.com\/infobae\/FLOKN4WH4REX5IGAZJPYWBYLAE.jpg 420w,https:\/\/www.infobae.com\/new-resizer\/Vxor1nS4DHoMbsaON1Yp0UGpsqI=\/768x432\/filters:format(webp):quality(85)\/cloudfront-us-east-1.images.arcpublishing.com\/infobae\/FLOKN4WH4REX5IGAZJPYWBYLAE.jpg 768w,https:\/\/www.infobae.com\/new-resizer\/YUHdjnmpqJjpy6UY0_TBBpmBzrw=\/992x558\/filters:format(webp):quality(85)\/cloudfront-us-east-1.images.arcpublishing.com\/infobae\/FLOKN4WH4REX5IGAZJPYWBYLAE.jpg 992w,https:\/\/www.infobae.com\/new-resizer\/-JGdH-t33ut9Y-bLb_URfR6mST0=\/1200x675\/filters:format(webp):quality(85)\/cloudfront-us-east-1.images.arcpublishing.com\/infobae\/FLOKN4WH4REX5IGAZJPYWBYLAE.jpg 1200w,https:\/\/www.infobae.com\/new-resizer\/N0LSB_2ehB3gsvq2VizpLFsqAr0=\/1440x810\/filters:format(webp):quality(85)\/cloudfront-us-east-1.images.arcpublishing.com\/infobae\/FLOKN4WH4REX5IGAZJPYWBYLAE.jpg 1440w\" alt=\"La coyuntura se mezcl\u00f3 en el Coloquio, a pesar de la intenci\u00f3n de IDEA de analizar cuestiones de largo plazo. (Christian Heit)\" width=\"1920\" height=\"1080\" data-src=\"https:\/\/www.infobae.com\/new-resizer\/i7Ct-Mkmu-iXLcF7tamD6FQA_DI=\/arc-anglerfish-arc2-prod-infobae\/public\/FLOKN4WH4REX5IGAZJPYWBYLAE.jpg\" \/>La coyuntura se mezcl\u00f3 en el Coloquio, a pesar de la intenci\u00f3n de IDEA de analizar cuestiones de largo plazo. (Christian Heit)<\/div>\n<p class=\"paragraph\" data-mrf-recirculation=\"Links inline\">Pero agreg\u00f3 que \u201cno hay una macro ordenada cuando tenemos un d\u00e9ficit fiscal, estructural, permanente, infinanciable. Y eso tenemos hoy. Y no es una cr\u00edtica a este gobierno, esto viene de much\u00edsimos a\u00f1os. Para m\u00ed no se puede evitar tomar medidas estructurales (cuando llegue el pr\u00f3ximo gobierno). No te puedo decir el tama\u00f1o del impacto, pero es posible que tenga un<b>\u00a0impacto de corto plazo duro<\/b>. Tenemos consenso en que el corto plazo es muy jorobado para cualquiera. No es que estamos tremendamente m\u00e1s preocupados por c\u00f3mo vamos a estar el 11 de diciembre si gana un candidato u otro. S\u00ed nos encantar\u00eda que cualquier candidato que gane tenga esta agenda de mediano plazo\u201d, mencion\u00f3 Gonz\u00e1lez.<\/p>\n<p class=\"paragraph\" data-mrf-recirculation=\"Links inline\"><b>Mart\u00edn Castro<\/b>, director para la regi\u00f3n Sur de Whirpool, la empresa fabricante de electrodom\u00e9sticos de origen norteamericano, dio una versi\u00f3n optimista. \u201cHay un consenso generalizado que la expectativa para el a\u00f1o que viene es\u00a0<b>muy positiva<\/b>, en el sentido de que se ve que la macro va a estar m\u00e1s estabilizada y eso va a generar en las distintas industrias, en las distintas categor\u00edas, un clima de optimismo respecto a lo que vendr\u00e1 el a\u00f1o que viene\u201d.<\/p>\n<p class=\"paragraph\" data-mrf-recirculation=\"Links inline\">\u201cLa lectura que estamos escuchando es que independientemente de quien est\u00e9 en el gobierno (desde el 10 de diciembre) cuando uno mira que el campo va a estar con una situaci\u00f3n mucho m\u00e1s positiva de la que fue este a\u00f1o, cuando uno mira sectores como la industria minera, el gas, otras industrias que este a\u00f1o no han tenido el protagonismo que supieron tener en Argentina, el clima es propicio va a ser muy positivo. Yo creo que eso va a generar un<b>\u00a0clima muy oportuno\u00a0<\/b>para incrementar el empleo, incrementar las inversiones, incrementar las exportaciones, con lo cual creo que se est\u00e1 formando la base para que el a\u00f1o que viene sea muy positivo\u201d, consider\u00f3.<\/p>\n<div class=\"blockquote\">\n<blockquote class=\"color_figcaption\"><p>\u201cEl que llegue va a llegar con mucha debilidad, por lo tanto, no va a poder administrar todos estos problemas desde la soledad. Va a tener que aunar criterio con otra fuerza. Por eso me parece como que hay que bajar los decibeles de las posturas extremas\u201d (Gerardo Mart\u00ednez)<\/p><\/blockquote>\n<\/div>\n<p class=\"paragraph\" data-mrf-recirculation=\"Links inline\"><b>Mart\u00edn Galdeano<\/b>, presidente de Ford Argentina, por su parte, apunt\u00f3, respecto a las medidas que tome el pr\u00f3ximo gobierno desde el 11 de diciembre: \u201cNo s\u00e9 si va a ser m\u00e1s dif\u00edcil o no. Tenemos que\u00a0<b>manejar la volatilidad que estamos teniendo\u00a0<\/b>y proyectar para el a\u00f1o que viene\u201d. Ante las chances de medidas de apertura total de la econom\u00eda, como las que propicia Javier Milei, el ejecutivo de la industria automotriz, respondi\u00f3: \u201cHay que ser competitivo en formaci\u00f3n y capacitaci\u00f3n, en tecnolog\u00eda, en marcos normativos. Si todo eso est\u00e1 en sinton\u00eda, me siento bien para competir\u201d, mencion\u00f3.<\/p>\n<p class=\"paragraph\" data-mrf-recirculation=\"Links inline\">Por su parte, el secretario general de la UOCRA,\u00a0<b>Gerardo Mart\u00ednez<\/b>, dijo a<b>\u00a0Infobae\u00a0<\/b>que \u201cel gobierno que llegue, primero tiene que mirar la realidad conducente, que es\u00a0<b>dram\u00e1tica y terrible<\/b>. No hay margen para muchas cosas. El problema es grave, no se puede improvisar. Tiene que haber una maqueta, como se usa en la construcci\u00f3n, anticipando cu\u00e1l va a ser el dise\u00f1o de un gobierno que en una emergencia y de transici\u00f3n va a necesitar o\u00eddo y espalda para dar soporte a este nuevo proceso que tenemos en el advenimiento de los 40 a\u00f1os de democracia\u201d, reflexion\u00f3 el dirigente de la CGT.<\/p>\n<p class=\"paragraph\" data-mrf-recirculation=\"Links inline\">Pero advirti\u00f3: \u201cEl que llegue (a la presidencia)<b>\u00a0va a llegar con mucha debilidad<\/b>, por lo tanto, no va a poder administrar todos estos problemas desde la soledad. Va a tener que aunar criterio con otra fuerza. Por eso me parece como que hay que bajar los decibeles de las posturas extremas, de la soberbia, tener mayor humildad y mostrar que aquel que gobierne tiene que mostrar la posibilidad de generar un camino con un sendero que d\u00e9 previsibilidad por todo lo que est\u00e1 pasando en nuestro pueblo\u201d, concluy\u00f3.<\/p>\n","protected":false},"excerpt":{"rendered":"<p>La coyuntura macroecon\u00f3mica llega a la segunda instancia electoral con tensiones, medidas urgentes y diarias e incertidumbre por la transici\u00f3n hasta el cambio de mando y la puesta en marcha del\u00a0nuevo plan econ\u00f3mico\u00a0con el que llegue quien resulte electo presidente. Fue uno de los temas que atravesaron las conversaciones en el\u00a059\u00b0 Coloquio de IDEA: qu\u00e9 [&hellip;]<\/p>\n","protected":false},"author":2,"featured_media":19297,"comment_status":"closed","ping_status":"closed","sticky":false,"template":"","format":"standard","meta":{"footnotes":""},"categories":[79],"tags":[],"class_list":{"0":"post-19296","1":"post","2":"type-post","3":"status-publish","4":"format-standard","5":"has-post-thumbnail","7":"category-politica"},"_links":{"self":[{"href":"https:\/\/radiobitacora.com.ar\/web\/wp-json\/wp\/v2\/posts\/19296","targetHints":{"allow":["GET"]}}],"collection":[{"href":"https:\/\/radiobitacora.com.ar\/web\/wp-json\/wp\/v2\/posts"}],"about":[{"href":"https:\/\/radiobitacora.com.ar\/web\/wp-json\/wp\/v2\/types\/post"}],"author":[{"embeddable":true,"href":"https:\/\/radiobitacora.com.ar\/web\/wp-json\/wp\/v2\/users\/2"}],"replies":[{"embeddable":true,"href":"https:\/\/radiobitacora.com.ar\/web\/wp-json\/wp\/v2\/comments?post=19296"}],"version-history":[{"count":0,"href":"https:\/\/radiobitacora.com.ar\/web\/wp-json\/wp\/v2\/posts\/19296\/revisions"}],"wp:featuredmedia":[{"embeddable":true,"href":"https:\/\/radiobitacora.com.ar\/web\/wp-json\/wp\/v2\/media\/19297"}],"wp:attachment":[{"href":"https:\/\/radiobitacora.com.ar\/web\/wp-json\/wp\/v2\/media?parent=19296"}],"wp:term":[{"taxonomy":"category","embeddable":true,"href":"https:\/\/radiobitacora.com.ar\/web\/wp-json\/wp\/v2\/categories?post=19296"},{"taxonomy":"post_tag","embeddable":true,"href":"https:\/\/radiobitacora.com.ar\/web\/wp-json\/wp\/v2\/tags?post=19296"}],"curies":[{"name":"wp","href":"https:\/\/api.w.org\/{rel}","templated":true}]}}