{"id":19323,"date":"2023-10-09T07:51:23","date_gmt":"2023-10-09T10:51:23","guid":{"rendered":"https:\/\/radiobitacora.com.ar\/web\/?p=19323"},"modified":"2023-10-09T07:51:23","modified_gmt":"2023-10-09T10:51:23","slug":"argentina-condena-el-ataque-masivo-de-hamas-a-israel","status":"publish","type":"post","link":"https:\/\/radiobitacora.com.ar\/web\/2023\/10\/09\/argentina-condena-el-ataque-masivo-de-hamas-a-israel\/","title":{"rendered":"Argentina condena el ataque masivo de Ham\u00e1s a Israel"},"content":{"rendered":"<p>La Canciller\u00eda emiti\u00f3 un comunicado con el que &#8220;deplora los ataques armados provenientes de la Franja de Gaza&#8221;.<\/p>\n<p>El Gobierno argentino expres\u00f3 este s\u00e1bado que &#8220;deplora los ataques armados provenientes de la Franja de Gaza contra el sur de Israel&#8221;, conden\u00f3 &#8220;las acciones terroristas de Hamas sobre territorio israel\u00ed&#8221;\u00a0e hizo un llamamiento para que\u00a0&#8220;se ponga fin a la violencia&#8221; en la regi\u00f3n.<\/p>\n<p>As\u00ed se refiri\u00f3 en un comunicado de la Canciller\u00eda, tras el sorpresivo ataque por tierra, mar y aire de milicianos palestinos que, seg\u00fan cifras preliminares dadas por medios israel\u00edes, dejaron decenas de muertos y cientos de heridos en ese pa\u00eds, y casi 200 palestinos fallecidos y un millar de heridos por los bombardeos de represalia.<\/p>\n<p>&#8220;La Canciller\u00eda argentina deplora los ataques armados provenientes de la Franja de Gaza contra el sur de Israel&#8221;,\u00a0se\u00f1ala el comunicado.<\/p>\n<p>Y agrega: &#8220;El Gobierno argentino condena las acciones terroristas de Hamas contra el territorio israel\u00ed y hace un llamamiento para que se ponga fin a la violencia y se garantice la protecci\u00f3n de la poblaci\u00f3n civil&#8221;.<\/p>\n<p>&#8220;La Argentina manifiesta su solidaridad con el pueblo israel\u00ed y expresa sus sentidas condolencias a los familiares de las v\u00edctimas&#8221;, sostiene finalmente el comunicado del Palacio San Mart\u00edn que conduce Santiago Cafiero.<\/p>\n","protected":false},"excerpt":{"rendered":"<p>La Canciller\u00eda emiti\u00f3 un comunicado con el que &#8220;deplora los ataques armados provenientes de la Franja de Gaza&#8221;. El Gobierno argentino expres\u00f3 este s\u00e1bado que &#8220;deplora los ataques armados provenientes de la Franja de Gaza contra el sur de Israel&#8221;, conden\u00f3 &#8220;las acciones terroristas de Hamas sobre territorio israel\u00ed&#8221;\u00a0e hizo un llamamiento para que\u00a0&#8220;se ponga [&hellip;]<\/p>\n","protected":false},"author":2,"featured_media":19324,"comment_status":"closed","ping_status":"closed","sticky":false,"template":"","format":"standard","meta":{"footnotes":""},"categories":[79],"tags":[],"class_list":{"0":"post-19323","1":"post","2":"type-post","3":"status-publish","4":"format-standard","5":"has-post-thumbnail","7":"category-politica"},"_links":{"self":[{"href":"https:\/\/radiobitacora.com.ar\/web\/wp-json\/wp\/v2\/posts\/19323","targetHints":{"allow":["GET"]}}],"collection":[{"href":"https:\/\/radiobitacora.com.ar\/web\/wp-json\/wp\/v2\/posts"}],"about":[{"href":"https:\/\/radiobitacora.com.ar\/web\/wp-json\/wp\/v2\/types\/post"}],"author":[{"embeddable":true,"href":"https:\/\/radiobitacora.com.ar\/web\/wp-json\/wp\/v2\/users\/2"}],"replies":[{"embeddable":true,"href":"https:\/\/radiobitacora.com.ar\/web\/wp-json\/wp\/v2\/comments?post=19323"}],"version-history":[{"count":0,"href":"https:\/\/radiobitacora.com.ar\/web\/wp-json\/wp\/v2\/posts\/19323\/revisions"}],"wp:featuredmedia":[{"embeddable":true,"href":"https:\/\/radiobitacora.com.ar\/web\/wp-json\/wp\/v2\/media\/19324"}],"wp:attachment":[{"href":"https:\/\/radiobitacora.com.ar\/web\/wp-json\/wp\/v2\/media?parent=19323"}],"wp:term":[{"taxonomy":"category","embeddable":true,"href":"https:\/\/radiobitacora.com.ar\/web\/wp-json\/wp\/v2\/categories?post=19323"},{"taxonomy":"post_tag","embeddable":true,"href":"https:\/\/radiobitacora.com.ar\/web\/wp-json\/wp\/v2\/tags?post=19323"}],"curies":[{"name":"wp","href":"https:\/\/api.w.org\/{rel}","templated":true}]}}