{"id":19338,"date":"2023-10-10T07:33:49","date_gmt":"2023-10-10T10:33:49","guid":{"rendered":"https:\/\/radiobitacora.com.ar\/web\/?p=19338"},"modified":"2023-10-10T07:33:49","modified_gmt":"2023-10-10T10:33:49","slug":"un-correntino-en-israel-conto-su-experiencia-en-medio-de-la-guerra","status":"publish","type":"post","link":"https:\/\/radiobitacora.com.ar\/web\/2023\/10\/10\/un-correntino-en-israel-conto-su-experiencia-en-medio-de-la-guerra\/","title":{"rendered":"Un correntino en Israel cont\u00f3 su experiencia en medio de la guerra"},"content":{"rendered":"<p>Un conflicto milenario resurgi\u00f3 con crudeza en los \u00faltimos d\u00edas en\u00a0<strong>Medio Oriente<\/strong>, enfrentando al Estado de\u00a0<strong>Israel<\/strong>\u00a0con el grupo terrorista\u00a0<strong>Ham\u00e1s<\/strong>, un movimiento ultranacionalista palestino. Hasta ayer se contabilizaban m\u00e1s de 900 muertos, entre ellos\u00a0<strong><a href=\"https:\/\/www.diarioepoca.com\/1300050-cancilleria-confirmo-que-son-7-los-argentinos-muertos-en-israel\">siete argentinos<\/a>\u00a0\u00a0<\/strong>, y m\u00e1s de 2.000 heridos.<\/p>\n<p>&nbsp;<\/p>\n<p>En medio de la guerra conviven historias de correntinos que emigraron hace tiempo en busca de un futuro mejor y un contacto m\u00e1s estrecho con sus or\u00edgenes. Diario \u00e9poca habl\u00f3 con uno de ellos, quien narr\u00f3 su experiencia y punto de vista sobre el conflicto.<\/p>\n<p>&nbsp;<\/p>\n<p><strong>Oscar Marcelo Burdman<\/strong>\u00a0tiene 62 a\u00f1os, es contador y vive, junto a su esposa Dori, hace 27 a\u00f1os en Israel. En la actualidad est\u00e1n asentados en un departamento en la ciudad de\u00a0<strong>Kiryat Bialik, Distrito Haifa en el norte del pa\u00eds y a 160 kil\u00f3metros de la frontera con la Franja de Gaza.<\/strong>\u00a0En tantos sus dos hijos, Brian y Paula, viven en Pardes Hanna &#8211; Karkur y en Tel Aviv, donde ya formaron sus familias y le dieron a la pareja correntina tres nietos.<\/p>\n<div class=\"center medium m_image\">\n<figure><picture><source srcset=\"https:\/\/www.diarioepoca.com\/content\/bucket\/4\/1324904w380h733c.jpg.webp\" type=\"image\/webp\" media=\"(min-width: 640px)\" \/><source srcset=\"https:\/\/www.diarioepoca.com\/content\/bucket\/4\/1324904w440h848c.jpg.webp\" type=\"image\/webp\" media=\"(min-width: 300px)\" \/><source srcset=\"https:\/\/www.diarioepoca.com\/content\/bucket\/4\/1324904w380h733c.jpg\" media=\"(min-width: 300px)\" \/><img loading=\"lazy\" decoding=\"async\" class=\"pic\" src=\"https:\/\/www.diarioepoca.com\/content\/bucket\/4\/1324904w380h733c.jpg.webp\" alt=\"\" width=\"380\" height=\"733\" \/><\/picture><\/figure>\n<\/div>\n<p>&nbsp;<\/p>\n<p>&#8220;Tengo hermosos recuerdos de Corrientes y extra\u00f1o mucho la provincia. All\u00ed tengo un hermano y otro vive en Formosa&#8221;, record\u00f3 con afecto.<\/p>\n<p>&nbsp;<\/p>\n<p>Sobre el\u00a0<a href=\"https:\/\/www.diarioepoca.com\/1299855-israel-ataques-terroristas-de-hamas-provocan-al-menos-22-muertos-y-cientos-de-heridos\"><strong>ataque\u00a0<\/strong>\u00a0<\/a>perpetrado por la organizaci\u00f3n terrorista Ham\u00e1s coment\u00f3: &#8220;La poblaci\u00f3n est\u00e1 at\u00f3nita,\u00a0<strong>no podemos comprender c\u00f3mo Israel fue sorprendida de esta manera.<\/strong>\u00a0Los enfrentamientos siempre fueron a la distancia; sin embargo, esta vez cruzaron las fronteras y\u00a0<strong>masacraron poblados enteros.<\/strong>\u00a0Se rumoreaba que Ir\u00e1n est\u00e1 detr\u00e1s de estas acciones&#8221;.<\/p>\n<div class=\"center medium m_image\">\n<figure><picture><source srcset=\"https:\/\/www.diarioepoca.com\/content\/bucket\/5\/1324905w380h328c.jpg.webp\" type=\"image\/webp\" media=\"(min-width: 640px)\" \/><source srcset=\"https:\/\/www.diarioepoca.com\/content\/bucket\/5\/1324905w440h380c.jpg.webp\" type=\"image\/webp\" media=\"(min-width: 300px)\" \/><source srcset=\"https:\/\/www.diarioepoca.com\/content\/bucket\/5\/1324905w380h328c.jpg\" media=\"(min-width: 300px)\" \/><img loading=\"lazy\" decoding=\"async\" class=\"pic\" src=\"https:\/\/www.diarioepoca.com\/content\/bucket\/5\/1324905w380h328c.jpg.webp\" alt=\"\" width=\"380\" height=\"328\" \/><\/picture><figcaption>OSCAR JUNTO A SU ESPOSA DORI.<\/figcaption><\/figure>\n<\/div>\n<p>&nbsp;<\/p>\n<p>En medio de la entrevista, Oscar narr\u00f3 que la Franja de Gaza estaba siendo bombardeada de forma masiva por los israel\u00edes y en contrapartida misiles de la organizaci\u00f3n terrorista llegaban al centro y sur del pa\u00eds. &#8220;<strong>Afortunadamente nosotros estamos en el norte,<\/strong>\u00a0por el momento los proyectiles no llegan hasta la zona. No obstante,\u00a0<strong>existe un temor que el grupo terrorista liban\u00e9s Hezbol\u00e1 ingrese al conflicto<\/strong>, en ese caso tendr\u00edamos problemas ya que tiene armamento de largo alcance&#8221;, describi\u00f3. En Kiryat Bialik, los edificios cuentan con refugios antibombas y ventanas de acero antiperforantes.<\/p>\n<div class=\"center medium m_image\">\n<figure><picture><source srcset=\"https:\/\/www.diarioepoca.com\/content\/bucket\/6\/1324906w380h334c.jpg.webp\" type=\"image\/webp\" media=\"(min-width: 640px)\" \/><source srcset=\"https:\/\/www.diarioepoca.com\/content\/bucket\/6\/1324906w440h387c.jpg.webp\" type=\"image\/webp\" media=\"(min-width: 300px)\" \/><source srcset=\"https:\/\/www.diarioepoca.com\/content\/bucket\/6\/1324906w380h334c.jpg\" media=\"(min-width: 300px)\" \/><img loading=\"lazy\" decoding=\"async\" class=\"pic\" src=\"https:\/\/www.diarioepoca.com\/content\/bucket\/6\/1324906w380h334c.jpg.webp\" alt=\"\" width=\"380\" height=\"334\" \/><\/picture><figcaption>PAULA Y BRIAN EN EL SERVICIO MILITAR.<\/figcaption><\/figure>\n<\/div>\n<p>&nbsp;<\/p>\n<p>Pese al peligro, el correntino asegur\u00f3 que\u00a0<strong>no tiene pensado volver a Argentina<\/strong>, una situaci\u00f3n que le ser\u00eda &#8220;muy triste&#8221;. Vale recordar hasta ayer a la noche 625 argentinos pidieron ser evacuados, seg\u00fan\u00a0<a href=\"https:\/\/www.diarioepoca.com\/1300060-el-gobierno-enviara-un-avion-para-evacuar-a-los-argentinos-que-estan-en-israel\"><strong>inform\u00f3\u00a0<\/strong>\u00a0<\/a>\u00a0la Canciller\u00eda Argentina. A su vez se contabilizaron siete v\u00edctimas fatales y 15 se encontraban desaparecidos.<\/p>\n<p>&nbsp;<\/p>\n<p>El drama de la guerra los afecta muy de cerca ya que\u00a0<strong>toda la familia de la prima-hermana de su yerno fue asesinada en uno de los ataques de Ham\u00e1s en el Kibbutz Nir Oz.<\/strong>\u00a0Adem\u00e1s sus dos hijos tuvieron que hacer el servicio militar obligatorio durante tres a\u00f1os para luego quedar afectado al sistema de reserva.<\/p>\n<div class=\"center medium m_image\">\n<figure><picture><source srcset=\"https:\/\/www.diarioepoca.com\/content\/bucket\/7\/1324907w380h326c.jpg.webp\" type=\"image\/webp\" media=\"(min-width: 640px)\" \/><source srcset=\"https:\/\/www.diarioepoca.com\/content\/bucket\/7\/1324907w440h378c.jpg.webp\" type=\"image\/webp\" media=\"(min-width: 300px)\" \/><source srcset=\"https:\/\/www.diarioepoca.com\/content\/bucket\/7\/1324907w380h326c.jpg\" media=\"(min-width: 300px)\" \/><img loading=\"lazy\" decoding=\"async\" class=\"pic\" src=\"https:\/\/www.diarioepoca.com\/content\/bucket\/7\/1324907w380h326c.jpg.webp\" alt=\"\" width=\"380\" height=\"326\" \/><\/picture><figcaption>LA FAMILIA DE SU YERNO ASESINADA POR HAMAS.<\/figcaption><\/figure>\n<\/div>\n<p>&nbsp;<\/p>\n<p>Sobre el final de la guerra Burdman estim\u00f3 que luego de la masacre de H\u00e1mas ser\u00e1 dif\u00edcil volver atr\u00e1s. &#8220;Han perdido la vida ni\u00f1os, j\u00f3venes y adultos. Hay fotos que desgarran el alma. A esto hay que sumarle la innumerable cantidad de personas que fueron secuestradas y pasadas a la Franja de Gaza&#8221;, acot\u00f3 el correntino.<\/p>\n<p>&nbsp;<\/p>\n<p>&#8220;Estados Unidos inform\u00f3 que no impondr\u00e1 ning\u00fan tipo de condicionamiento a Israel. Creo que en esta ocasi\u00f3n no ser\u00e1 un proceso de dos o tres d\u00edas, pero tampoco creo que se extienda muchos a\u00f1os. Todo terminar\u00e1 cuando los terroristas sean desarmados&#8221;, sostuvo.<\/p>\n<div class=\"center medium m_image\">\n<figure><picture><source srcset=\"https:\/\/www.diarioepoca.com\/content\/bucket\/8\/1324908w380h315c.jpg.webp\" type=\"image\/webp\" media=\"(min-width: 640px)\" \/><source srcset=\"https:\/\/www.diarioepoca.com\/content\/bucket\/8\/1324908w440h365c.jpg.webp\" type=\"image\/webp\" media=\"(min-width: 300px)\" \/><source srcset=\"https:\/\/www.diarioepoca.com\/content\/bucket\/8\/1324908w380h315c.jpg\" media=\"(min-width: 300px)\" \/><img loading=\"lazy\" decoding=\"async\" class=\"pic\" src=\"https:\/\/www.diarioepoca.com\/content\/bucket\/8\/1324908w380h315c.jpg.webp\" alt=\"\" width=\"380\" height=\"315\" \/><\/picture><figcaption>LA TV INFORMA DE LOS POSIBLES IMPACTOS.<\/figcaption><\/figure>\n<\/div>\n<p>&nbsp;<\/p>\n<p>Por \u00faltimo, destac\u00f3 la uni\u00f3n entre los compatriotas que viven en tierras del Oriente. &#8220;Tenemos un grupo de amigos argentinos y latinos muy lindo, estamos en contacto con ellos a trav\u00e9s de las redes sociales&#8221;, sostuvo.<\/p>\n<p>&nbsp;<\/p>\n<p>La Comunidad Jud\u00eda en Corrientes estima que en la actualidad hay m\u00e1s de 200 familias provenientes de la provincia.<\/p>\n","protected":false},"excerpt":{"rendered":"<p>Un conflicto milenario resurgi\u00f3 con crudeza en los \u00faltimos d\u00edas en\u00a0Medio Oriente, enfrentando al Estado de\u00a0Israel\u00a0con el grupo terrorista\u00a0Ham\u00e1s, un movimiento ultranacionalista palestino. Hasta ayer se contabilizaban m\u00e1s de 900 muertos, entre ellos\u00a0siete argentinos\u00a0\u00a0, y m\u00e1s de 2.000 heridos. &nbsp; En medio de la guerra conviven historias de correntinos que emigraron hace tiempo en busca [&hellip;]<\/p>\n","protected":false},"author":2,"featured_media":19339,"comment_status":"closed","ping_status":"closed","sticky":false,"template":"","format":"standard","meta":{"footnotes":""},"categories":[86],"tags":[],"class_list":{"0":"post-19338","1":"post","2":"type-post","3":"status-publish","4":"format-standard","5":"has-post-thumbnail","7":"category-sociedad"},"_links":{"self":[{"href":"https:\/\/radiobitacora.com.ar\/web\/wp-json\/wp\/v2\/posts\/19338","targetHints":{"allow":["GET"]}}],"collection":[{"href":"https:\/\/radiobitacora.com.ar\/web\/wp-json\/wp\/v2\/posts"}],"about":[{"href":"https:\/\/radiobitacora.com.ar\/web\/wp-json\/wp\/v2\/types\/post"}],"author":[{"embeddable":true,"href":"https:\/\/radiobitacora.com.ar\/web\/wp-json\/wp\/v2\/users\/2"}],"replies":[{"embeddable":true,"href":"https:\/\/radiobitacora.com.ar\/web\/wp-json\/wp\/v2\/comments?post=19338"}],"version-history":[{"count":0,"href":"https:\/\/radiobitacora.com.ar\/web\/wp-json\/wp\/v2\/posts\/19338\/revisions"}],"wp:featuredmedia":[{"embeddable":true,"href":"https:\/\/radiobitacora.com.ar\/web\/wp-json\/wp\/v2\/media\/19339"}],"wp:attachment":[{"href":"https:\/\/radiobitacora.com.ar\/web\/wp-json\/wp\/v2\/media?parent=19338"}],"wp:term":[{"taxonomy":"category","embeddable":true,"href":"https:\/\/radiobitacora.com.ar\/web\/wp-json\/wp\/v2\/categories?post=19338"},{"taxonomy":"post_tag","embeddable":true,"href":"https:\/\/radiobitacora.com.ar\/web\/wp-json\/wp\/v2\/tags?post=19338"}],"curies":[{"name":"wp","href":"https:\/\/api.w.org\/{rel}","templated":true}]}}