{"id":19344,"date":"2023-10-10T07:43:55","date_gmt":"2023-10-10T10:43:55","guid":{"rendered":"https:\/\/radiobitacora.com.ar\/web\/?p=19344"},"modified":"2023-10-10T07:43:55","modified_gmt":"2023-10-10T10:43:55","slug":"un-debate-que-se-sazono-entre-propuestas-y-golpes-de-efecto","status":"publish","type":"post","link":"https:\/\/radiobitacora.com.ar\/web\/2023\/10\/10\/un-debate-que-se-sazono-entre-propuestas-y-golpes-de-efecto\/","title":{"rendered":"Un debate que se sazon\u00f3 entre propuestas y golpes de efecto"},"content":{"rendered":"<p>Hubo muchas chicanas e \u00edtems de propuestas sin desarrollar por algunos candidatos. El \u00faltimo Debate Presidencial fue un escenario para consolidar a los propios y con una l\u00f3gica m\u00e1s cercana a alimentar la circulaci\u00f3n en las plataformas sociales que la del atril de los largos discursos.<\/p>\n<p>&nbsp;<\/p>\n<p>Seg\u00fan un informe del observatorio Pulsar de la UBA, Javier Milei fue el candidato con m\u00e1s menciones en el medio digital durante la noche del debate. Mientras que los temas que propuso Sergio Massa fueron los que m\u00e1s alcance tuvieron. Patricia Bullrich logr\u00f3 introducir en redes sociales tendencias como &#8220;Tongolini&#8221;, Los Monos&#8221;, y &#8220;Chocobar&#8221;. El crecimiento de las menciones de Myriam Bregman, antes y despu\u00e9s del debate, fue del 100%. Aunque Juan Schiaretti fue quien logr\u00f3 uno de los \u00edndices de sentimiento positivo m\u00e1s alto, con un 56%, en las conversaciones.<\/p>\n<p>&nbsp;<\/p>\n<p>Ahora bien, algunos de los referentes de las fuerzas pol\u00edticas locales analizaron el intercambio de los presidenciables con diferente prisma, como es habitual. El dirigente del Frente Renovador de Corrientes, Germ\u00e1n Braillard Poccard, evalu\u00f3 la visi\u00f3n de estadista del Ministro de Econom\u00eda de la Naci\u00f3n. El representante de La Libertad Avanza en la provincia, Ezequiel &#8220;Teke&#8221; Romero, mencion\u00f3 que el punto fuerte del diputado nacional fue diferenciarse de &#8220;la casta&#8221;. La presidente de la Juventud Radical a nivel nacional, Valeria Pav\u00f3n, apunt\u00f3 contra la corrupci\u00f3n y Patricia Bullrich exhibi\u00f3 en la previa del debate a un equipo federal que la respaldaba con la presencia del gobernador Gustavo Vald\u00e9s.<\/p>\n<p>&nbsp;<\/p>\n<p>&#8220;Sergio volvi\u00f3 a ser el \u00fanico candidato con un proyecto de pa\u00eds, claro y contundente. Me parece que sabe hacia d\u00f3nde va. Creo que no cay\u00f3 en la chicana y pudo presentar un pa\u00eds donde las PYME, el trabajo el valor agregado sean una constante en su construcci\u00f3n pol\u00edtica y que, finalmente, pudo demostrar que lo que viene es mejor&#8221;, dijo Braillard Poccard en di\u00e1logo con \u00e9poca.<\/p>\n<div class=\"center medium m_image\">\n<figure><picture><source srcset=\"https:\/\/www.diarioepoca.com\/content\/bucket\/9\/1324859w380h397c.jpg.webp\" type=\"image\/webp\" media=\"(min-width: 640px)\" \/><source srcset=\"https:\/\/www.diarioepoca.com\/content\/bucket\/9\/1324859w440h460c.jpg.webp\" type=\"image\/webp\" media=\"(min-width: 300px)\" \/><source srcset=\"https:\/\/www.diarioepoca.com\/content\/bucket\/9\/1324859w380h397c.jpg\" media=\"(min-width: 300px)\" \/><img loading=\"lazy\" decoding=\"async\" class=\"pic\" src=\"https:\/\/www.diarioepoca.com\/content\/bucket\/9\/1324859w380h397c.jpg.webp\" alt=\"\" width=\"380\" height=\"397\" \/><\/picture><figcaption>PAV\u00d3N REMARC\u00d3 LA FORTALEZA DE BULLRICH.<\/figcaption><\/figure>\n<\/div>\n<p>&nbsp;<\/p>\n<p>&#8220;Pudo consolidar esa esperanza que la gente necesita&#8221;, asegur\u00f3 el tambi\u00e9n diputado provincial. &#8220;La pandemia y la sequ\u00eda golpearon la actividad econ\u00f3mica, la vida en general. Eso gener\u00f3 bronca y falta de esperanza pero lo que viene es mejor y Massa ha demostrado que puede con pol\u00edtica&#8221;, expres\u00f3 y vaticin\u00f3 que 2024 ser\u00e1 un buen a\u00f1o para el pa\u00eds porque habr\u00e1 una &#8220;recuperaci\u00f3n del salario real y de los ingresos.<\/p>\n<p>&nbsp;<\/p>\n<p>El legislador provincial admiti\u00f3 que la situaci\u00f3n econ\u00f3mica actual es compleja con el escenario de inflaci\u00f3n de dos d\u00edgitos mensual, sin embargo, consider\u00f3 que pese a ello, la econom\u00eda sigue su marcha, ya que se &#8220;sigue generando empleo&#8221; y sostuvo que esta recupera su salud. &#8220;Las agroexportadoras pueden liquidar una enorme cantidad de d\u00f3lares. El gasoducto est\u00e1 generando sus beneficios&#8221;, enumer\u00f3.<\/p>\n<p>&nbsp;<\/p>\n<p>&#8220;Lo que se necesita en este momento es una persona que tenga la fuerza para ser duro con los fuertes, como lo fue con las navieras paraguayas cuando no quer\u00edan pagar el peaje en la hidrov\u00eda; y fue contemplativo y humano con los trabajadores, con la devoluci\u00f3n del IVA&#8221;, opin\u00f3 el referente massista en Corrientes.<\/p>\n<p>&nbsp;<\/p>\n<p>&nbsp;<\/p>\n<h2>Federal<\/h2>\n<p>&nbsp;<\/p>\n<p>Patricia Bullrich sali\u00f3 a exhibir el respaldo territorial de Juntos por el Cambio en la previa del debate, con la presencia de los gobernadores, entre ellos, el correntino Gustavo Vald\u00e9s y el juje\u00f1o Gerardo Morales. Adem\u00e1s, se sac\u00f3 la foto con el expresidente de la Naci\u00f3n Mauricio Macri; el candidato a jefe de Gobierno porte\u00f1o, Jorge Macri.<\/p>\n<p>&nbsp;<\/p>\n<p>&#8220;Con tu mesura y capacidad de gesti\u00f3n est\u00e1 claro que sos la \u00fanica opci\u00f3n viable para ordenar el pa\u00eds y transformarlo con el apoyo de un gran equipo responsable, con experiencia y territorialidad&#8221;, expres\u00f3 el titular del Ejecutivo Provincial anoche en sus redes sociales.<\/p>\n<div class=\"center medium m_image\">\n<figure><picture><source srcset=\"https:\/\/www.diarioepoca.com\/content\/bucket\/7\/1324927w380h394c.jpg.webp\" type=\"image\/webp\" media=\"(min-width: 640px)\" \/><source srcset=\"https:\/\/www.diarioepoca.com\/content\/bucket\/7\/1324927w440h457c.jpg.webp\" type=\"image\/webp\" media=\"(min-width: 300px)\" \/><source srcset=\"https:\/\/www.diarioepoca.com\/content\/bucket\/7\/1324927w380h394c.jpg\" media=\"(min-width: 300px)\" \/><img loading=\"lazy\" decoding=\"async\" class=\"pic\" src=\"https:\/\/www.diarioepoca.com\/content\/bucket\/7\/1324927w380h394c.jpg.webp\" alt=\"\" width=\"380\" height=\"394\" \/><\/picture><\/figure>\n<\/div>\n<p>&nbsp;<\/p>\n<p>&#8220;Si Patricia llega a ser Presidente va a tener mayor\u00eda en ambas C\u00e1maras. Ella conoce sobre el sistema de agenda nacional, y que Corrientes est\u00e9 en el presupuesto&#8221;, mencion\u00f3 en di\u00e1logo con Radio Dos el candidato a diputado nacional de ECO + Vamos Corrientes, Federico Tournier.<\/p>\n<p>&nbsp;<\/p>\n<p>La presidente de la Juventud Radical a nivel nacional, Valeria Pav\u00f3n, destac\u00f3 la figura de Bullrich en t\u00e9rminos de propuestas y apunt\u00f3 contra la corrupci\u00f3n. &#8220;Los j\u00f3venes necesitamos poder construir un futuro en nuestro pa\u00eds. Debemos poder no solamente alquilar a un precio justo, sino poder adquirir una vivienda propia&#8221;, se\u00f1al\u00f3 la tambi\u00e9n diputada provincial electa sobre uno de los \u00edtems que form\u00f3 parte del debate pero que tuvo poco desarrollo de la mayor\u00eda de los candidatos.<\/p>\n<p>&nbsp;<\/p>\n<p>&#8220;Esta propuesta para Massa no existe, ni va a existir, mientras le siga llenando los bolsillos a los corruptos&#8221;, acus\u00f3 Pav\u00f3n en sus redes sociales al candidato del oficialismo. Y replic\u00f3 la respuesta de la exministra de Seguridad de la Naci\u00f3n, quien le manifest\u00f3 al ministro que &#8220;los \u00fanicos que compran casa en Argentina son sus amigos kirchneristas&#8221;.<\/p>\n<div class=\"center medium m_image\">\n<figure><picture><source srcset=\"https:\/\/www.diarioepoca.com\/content\/bucket\/8\/1324928w380h393c.jpg.webp\" type=\"image\/webp\" media=\"(min-width: 640px)\" \/><source srcset=\"https:\/\/www.diarioepoca.com\/content\/bucket\/8\/1324928w440h455c.jpg.webp\" type=\"image\/webp\" media=\"(min-width: 300px)\" \/><source srcset=\"https:\/\/www.diarioepoca.com\/content\/bucket\/8\/1324928w380h393c.jpg\" media=\"(min-width: 300px)\" \/><img loading=\"lazy\" decoding=\"async\" class=\"pic\" src=\"https:\/\/www.diarioepoca.com\/content\/bucket\/8\/1324928w380h393c.jpg.webp\" alt=\"\" width=\"380\" height=\"393\" \/><\/picture><\/figure>\n<\/div>\n<p>&nbsp;<\/p>\n<p>&nbsp;<\/p>\n<h2>Chicanas<\/h2>\n<p>&nbsp;<\/p>\n<p>&#8220;A los candidatos se los vio arriesgar m\u00e1s que en el primer debate. Hubo m\u00e1s exposici\u00f3n de tratar de dejar en evidencia al otro&#8221;, manifest\u00f3 el candidato a parlamentario del MERCOSUR distrito nacional por La Libertad Avanza, Ezequiel &#8220;Teke&#8221; Romero. &#8220;Todos estaban tratando de hacer un gol y anotarse unos porotos m\u00e1s para su gente que para, de alguna manera, ganar nuevos votos&#8221;, indic\u00f3.<\/p>\n<p>&nbsp;<\/p>\n<p>&#8220;Se busc\u00f3 seguir sosteniendo las rivalidades, se meti\u00f3 mucha chicana&#8221;, declar\u00f3 el dirigente del espacio libertario en Corrientes, en contacto con \u00e9poca.<\/p>\n<p>&nbsp;<\/p>\n<p>&#8220;Massa queriendo decir a Javier que defend\u00eda a Bregman por algo que ella no pidi\u00f3 que la defiendan, habla m\u00e1s de Massa, de c\u00f3mo ve a las mujeres, que de Javier. Creo que est\u00e1 poniendo a la mujer en un lugar de menor jerarqu\u00eda, sobre todo porque Bregman se sabe defender bien&#8221;, expuso Romero.<\/p>\n<p>&nbsp;<\/p>\n<p>Romero consider\u00f3 que, a diferencia del primer debate, en esta oportunidad al diputado nacional se lo vio &#8220;un poco m\u00e1s a la defensiva&#8221; para &#8220;desmitificar algunos motes que le pusieron sus contrincantes&#8221;, lo cual evalu\u00f3 como positivo. &#8220;Javier dej\u00f3 en evidencia que los otros espacios est\u00e1n el poder hace muchos a\u00f1os y no pudieron o no quisieron desarrollar sus propuestas, mejorar la calidad de vida de las personas. No pueden no hacerse cargo que en estos 40 a\u00f1os de democracia estuvieron los mismos. Nadie se puede hacer el zonzo y decir que lleg\u00f3 ayer al gobierno&#8221;, enfatiz\u00f3.<\/p>\n<p>&nbsp;<\/p>\n<p>&#8220;Este no es solo el \u00faltimo a\u00f1o de Massa, fueron 30 a\u00f1os de peronismo. No fueron los cuatro a\u00f1os de Macri, Patricia estuvo con La Alianza y en un espacio de poder. Y esto es lo m\u00e1s fuerte que dej\u00f3 Javier, que no se hagan de los tontos, por m\u00e1s que quieran tirar algunas propuestas, son parte de la vieja pol\u00edtica que queremos dejar afuera&#8221;, asever\u00f3.<\/p>\n<p>&nbsp;<\/p>\n<p>&nbsp;<\/p>\n<p>Seguridad<\/p>\n<p>&nbsp;<\/p>\n<p>&#8220;\u00bfCon qu\u00e9 argumento puede pronunciarse Milei sobre la seguridad? Si a d\u00edas de la masacre en la Escuela Primaria del estado de Texas, donde 19 ni\u00f1os y dos maestras fueron asesinados a tiros por un joven de 18 a\u00f1os, el diputado libertario afirm\u00f3 estar \u2018a favor de la libre portaci\u00f3n de armas\u2019&#8221;, cuestion\u00f3, por su parte, Pav\u00f3n.<\/p>\n<p>&nbsp;<\/p>\n<p>El candidato de La Libertad Avanza hab\u00eda mencionada que no estaba a favor de la libre portaci\u00f3n, sino del cumplimiento de la ley. Aunque Bullrich le record\u00f3 el punto 17 de la plataforma de su espacio pol\u00edtico que se expresa a favor de la desregulaci\u00f3n de dicho mercado.<\/p>\n<p>&nbsp;<\/p>\n<p>Braillard Poccard, por su parte, destac\u00f3 la participaci\u00f3n de Massa en las propuestas sobre el eje seguridad ya que dio el ejemplo de Tigre que tuvo reconocimiento internacional.<\/p>\n","protected":false},"excerpt":{"rendered":"<p>Hubo muchas chicanas e \u00edtems de propuestas sin desarrollar por algunos candidatos. El \u00faltimo Debate Presidencial fue un escenario para consolidar a los propios y con una l\u00f3gica m\u00e1s cercana a alimentar la circulaci\u00f3n en las plataformas sociales que la del atril de los largos discursos. &nbsp; Seg\u00fan un informe del observatorio Pulsar de la [&hellip;]<\/p>\n","protected":false},"author":2,"featured_media":19345,"comment_status":"closed","ping_status":"closed","sticky":false,"template":"","format":"standard","meta":{"footnotes":""},"categories":[79],"tags":[],"class_list":{"0":"post-19344","1":"post","2":"type-post","3":"status-publish","4":"format-standard","5":"has-post-thumbnail","7":"category-politica"},"_links":{"self":[{"href":"https:\/\/radiobitacora.com.ar\/web\/wp-json\/wp\/v2\/posts\/19344","targetHints":{"allow":["GET"]}}],"collection":[{"href":"https:\/\/radiobitacora.com.ar\/web\/wp-json\/wp\/v2\/posts"}],"about":[{"href":"https:\/\/radiobitacora.com.ar\/web\/wp-json\/wp\/v2\/types\/post"}],"author":[{"embeddable":true,"href":"https:\/\/radiobitacora.com.ar\/web\/wp-json\/wp\/v2\/users\/2"}],"replies":[{"embeddable":true,"href":"https:\/\/radiobitacora.com.ar\/web\/wp-json\/wp\/v2\/comments?post=19344"}],"version-history":[{"count":0,"href":"https:\/\/radiobitacora.com.ar\/web\/wp-json\/wp\/v2\/posts\/19344\/revisions"}],"wp:featuredmedia":[{"embeddable":true,"href":"https:\/\/radiobitacora.com.ar\/web\/wp-json\/wp\/v2\/media\/19345"}],"wp:attachment":[{"href":"https:\/\/radiobitacora.com.ar\/web\/wp-json\/wp\/v2\/media?parent=19344"}],"wp:term":[{"taxonomy":"category","embeddable":true,"href":"https:\/\/radiobitacora.com.ar\/web\/wp-json\/wp\/v2\/categories?post=19344"},{"taxonomy":"post_tag","embeddable":true,"href":"https:\/\/radiobitacora.com.ar\/web\/wp-json\/wp\/v2\/tags?post=19344"}],"curies":[{"name":"wp","href":"https:\/\/api.w.org\/{rel}","templated":true}]}}