{"id":19383,"date":"2023-10-11T07:39:06","date_gmt":"2023-10-11T10:39:06","guid":{"rendered":"https:\/\/radiobitacora.com.ar\/web\/?p=19383"},"modified":"2023-10-11T07:39:06","modified_gmt":"2023-10-11T10:39:06","slug":"valdes-sobre-la-economia-vamos-derecho-a-darnos-una-pina","status":"publish","type":"post","link":"https:\/\/radiobitacora.com.ar\/web\/2023\/10\/11\/valdes-sobre-la-economia-vamos-derecho-a-darnos-una-pina\/","title":{"rendered":"Vald\u00e9s sobre la econom\u00eda: &#8220;Vamos derecho a darnos una pi\u00f1a&#8221;"},"content":{"rendered":"<p>A once d\u00edas de las elecciones generales, el gobernador, Gustavo Vald\u00e9s, se refiri\u00f3 sobre las cuestiones pol\u00edticas y econ\u00f3micas de la actualidad del pa\u00eds y remarc\u00f3 que &#8220;hay un vac\u00edo tremendo de poder, con una econom\u00eda que est\u00e1 fuera de control&#8221;.<\/p>\n<p>&nbsp;<\/p>\n<p>&#8220;Estamos derecho a darnos una pi\u00f1a con el Gobierno nacional&#8221;, insisti\u00f3 y asever\u00f3 que desde la gesti\u00f3n actual &#8220;ampliaron el gasto y estamos en medio de una econom\u00eda populista que termina en esta cat\u00e1strofe econ\u00f3mica&#8221;.<\/p>\n<p>&nbsp;<\/p>\n<p>A su vez, el Mandatario detall\u00f3, en la entrevista brindada a radio Continental Corrientes, que seg\u00fan su visi\u00f3n &#8220;hay que reducir los gastos y subsidios, eso est\u00e1 matando a las cuestas p\u00fablicas. No tenemos un gobierno que haga lo que le corresponde y todos razonan el ajuste, pero nadie quiere que empiece&#8221;.<\/p>\n<p>&nbsp;<\/p>\n<p>Adem\u00e1s, ante las medidas que presentan desde el Gobierno nacional, expres\u00f3 que &#8220;el pa\u00eds federal est\u00e1 de joda, nos tenemos que dejar de joder con el plan federal que tira manteca al techo y debemos apuntar a tener una Argentina m\u00e1s racional haciendo un cambio responsable, y para hacerlo hay que tener la fuerza para sostenerlo en el Congreso y en la calle&#8221;, dijo.<\/p>\n<p>&nbsp;<\/p>\n<p>Y repiti\u00f3 que la preocupaci\u00f3n m\u00e1xima es la inflaci\u00f3n que &#8220;nos est\u00e1 matando a todos y est\u00e1 azotando la tranquilidad de la Naci\u00f3n. Y en el medio, el Gobierno nacional toma medidas que no ayudan a evitarla&#8221;, asever\u00f3.<\/p>\n<p>&nbsp;<\/p>\n<p>&#8220;Hay mucha preocupaci\u00f3n por c\u00f3mo est\u00e1n dejando Argentina&#8221;, recalc\u00f3 y para resumir sus dichos indic\u00f3 que &#8220;estamos con un gobierno centralista&#8221;.<\/p>\n<p>&nbsp;<\/p>\n<p>En consiguiente, meti\u00f3 en la mesa del estudio la figura de Patricia Bullrich al decir que &#8220;debemos hacer un cambio en Argentina, pero un cambio responsable sabiendo lo que hay que hacer y para hacer los cambios se requiere la fuerza necesaria&#8221;.<\/p>\n<p>&nbsp;<\/p>\n<p>&#8220;Yo creo que hay segunda vuelta y (la candidata a Presidente de Juntos por el Cambio) Patricia Bullrich estar\u00e1 ah\u00ed&#8221;, volvi\u00f3 apostar sobre la exministro de Seguridad en el Gobierno de Mauricio Macri.<\/p>\n<p>&nbsp;<\/p>\n<p>&#8220;Pienso que tenemos muchas posibilidades de estar en segunda vuelta y de ah\u00ed pelearemos. Tenemos muchas posibilidades contra Milei y much\u00edsimas m\u00e1s contra Massa&#8221;, destac\u00f3.<\/p>\n<p>&nbsp;<\/p>\n<p>A su vez, ratific\u00f3 que la gesti\u00f3n provincial se encuentra trabajando para que Bullrich sea Presidente.<\/p>\n<div class=\"center medium m_image\">\n<figure><picture><source srcset=\"https:\/\/www.diarioepoca.com\/content\/bucket\/2\/1325102w380h178c.jpg.webp\" type=\"image\/webp\" media=\"(min-width: 640px)\" \/><source srcset=\"https:\/\/www.diarioepoca.com\/content\/bucket\/2\/1325102w440h206c.jpg.webp\" type=\"image\/webp\" media=\"(min-width: 300px)\" \/><source srcset=\"https:\/\/www.diarioepoca.com\/content\/bucket\/2\/1325102w380h178c.jpg\" media=\"(min-width: 300px)\" \/><img loading=\"lazy\" decoding=\"async\" class=\"pic\" src=\"https:\/\/www.diarioepoca.com\/content\/bucket\/2\/1325102w380h178c.jpg.webp\" alt=\"\" width=\"380\" height=\"178\" \/><\/picture><\/figure>\n<\/div>\n<p>&nbsp;<\/p>\n<p>&nbsp;<\/p>\n<h2>Mirada de la campa\u00f1a<\/h2>\n<p>&nbsp;<\/p>\n<p>Previo a lo que ser\u00e1n los comicios del 22 de octubre, Vald\u00e9s sostuvo que &#8220;la campa\u00f1a a nivel nacional est\u00e1 fr\u00eda y se pone m\u00e1s caliente cuando se vota a concejales, como ac\u00e1 en los ocho municipios de la provincia&#8221;.<\/p>\n<p>&nbsp;<\/p>\n<p>Y al referirse a la convocatoria a un gobierno de unidad, tal como fue la expresi\u00f3n de Sergio Massa, el Mandatario correntino analiz\u00f3: &#8220;Eso piensan, pero se est\u00e1n yendo. Sin dudas es el peor gobierno de la historia. Para la unidad nacional ten\u00e9s que ser generoso. \u00bfHoy convoca a la unidad nacional despu\u00e9s de que nos cag&#8230; a patadas cuatro a\u00f1os? \u00bfHoy que se est\u00e1 cayendo a pedazos nos est\u00e1 convocando a la unidad nacional?&#8221;, lanz\u00f3.<\/p>\n<p>&nbsp;<\/p>\n<p>Para Vald\u00e9s, la convocatoria del Ministro de Econom\u00eda y candidato del oficialismo en plena campa\u00f1a electoral, Sergio Massa, &#8220;es unidad nacional de chamullo, versero, de mentiroso, de chanta, fullero&#8221;.<\/p>\n<p>&nbsp;<\/p>\n<p>Finalmente, tambi\u00e9n dispar\u00f3 contra Milei al decir &#8220;que no se preocupe sobre el PRO y el radicalismo, que mire para adentro de \u00e9l&#8221;.<\/p>\n<div class=\"center medium m_image\">\n<figure><picture><source srcset=\"https:\/\/www.diarioepoca.com\/content\/bucket\/3\/1325103w380h178c.jpg.webp\" type=\"image\/webp\" media=\"(min-width: 640px)\" \/><source srcset=\"https:\/\/www.diarioepoca.com\/content\/bucket\/3\/1325103w440h206c.jpg.webp\" type=\"image\/webp\" media=\"(min-width: 300px)\" \/><source srcset=\"https:\/\/www.diarioepoca.com\/content\/bucket\/3\/1325103w380h178c.jpg\" media=\"(min-width: 300px)\" \/><img loading=\"lazy\" decoding=\"async\" class=\"pic\" src=\"https:\/\/www.diarioepoca.com\/content\/bucket\/3\/1325103w380h178c.jpg.webp\" alt=\"\" width=\"380\" height=\"178\" \/><\/picture><\/figure>\n<\/div>\n<p>&nbsp;<\/p>\n<p>&nbsp;<\/p>\n<h2>Compatibilidad de visiones<\/h2>\n<p>&nbsp;<\/p>\n<p>En la edici\u00f3n de ayer, el exministro de Hacienda de la Provincia y actual senador oficialista, Enrique Vaz Torres, brind\u00f3 a \u00e9poca su visi\u00f3n sobre las declaraciones y acciones de dos candidatos presidenciales al decir que &#8220;todo lo que diga Milei y lo que haga Massa nos perjudica en las inversiones&#8221;.<\/p>\n<p>&nbsp;<\/p>\n<p>&#8220;El impacto de la corrida cambiar\u00eda lo vamos a sentir en la ca\u00edda de actividad y todos vamos adentro de ese barco grande&#8221;, asever\u00f3 al mostrarse preocupado por la situaci\u00f3n actual. Adem\u00e1s sostuvo que &#8220;Milei le hace un flaco favor a la confianza y es un farsante e irresponsable&#8221;.<\/p>\n","protected":false},"excerpt":{"rendered":"<p>A once d\u00edas de las elecciones generales, el gobernador, Gustavo Vald\u00e9s, se refiri\u00f3 sobre las cuestiones pol\u00edticas y econ\u00f3micas de la actualidad del pa\u00eds y remarc\u00f3 que &#8220;hay un vac\u00edo tremendo de poder, con una econom\u00eda que est\u00e1 fuera de control&#8221;. &nbsp; &#8220;Estamos derecho a darnos una pi\u00f1a con el Gobierno nacional&#8221;, insisti\u00f3 y asever\u00f3 [&hellip;]<\/p>\n","protected":false},"author":2,"featured_media":19384,"comment_status":"closed","ping_status":"closed","sticky":false,"template":"","format":"standard","meta":{"footnotes":""},"categories":[79],"tags":[],"class_list":{"0":"post-19383","1":"post","2":"type-post","3":"status-publish","4":"format-standard","5":"has-post-thumbnail","7":"category-politica"},"_links":{"self":[{"href":"https:\/\/radiobitacora.com.ar\/web\/wp-json\/wp\/v2\/posts\/19383","targetHints":{"allow":["GET"]}}],"collection":[{"href":"https:\/\/radiobitacora.com.ar\/web\/wp-json\/wp\/v2\/posts"}],"about":[{"href":"https:\/\/radiobitacora.com.ar\/web\/wp-json\/wp\/v2\/types\/post"}],"author":[{"embeddable":true,"href":"https:\/\/radiobitacora.com.ar\/web\/wp-json\/wp\/v2\/users\/2"}],"replies":[{"embeddable":true,"href":"https:\/\/radiobitacora.com.ar\/web\/wp-json\/wp\/v2\/comments?post=19383"}],"version-history":[{"count":0,"href":"https:\/\/radiobitacora.com.ar\/web\/wp-json\/wp\/v2\/posts\/19383\/revisions"}],"wp:featuredmedia":[{"embeddable":true,"href":"https:\/\/radiobitacora.com.ar\/web\/wp-json\/wp\/v2\/media\/19384"}],"wp:attachment":[{"href":"https:\/\/radiobitacora.com.ar\/web\/wp-json\/wp\/v2\/media?parent=19383"}],"wp:term":[{"taxonomy":"category","embeddable":true,"href":"https:\/\/radiobitacora.com.ar\/web\/wp-json\/wp\/v2\/categories?post=19383"},{"taxonomy":"post_tag","embeddable":true,"href":"https:\/\/radiobitacora.com.ar\/web\/wp-json\/wp\/v2\/tags?post=19383"}],"curies":[{"name":"wp","href":"https:\/\/api.w.org\/{rel}","templated":true}]}}