{"id":19398,"date":"2023-10-11T08:08:25","date_gmt":"2023-10-11T11:08:25","guid":{"rendered":"https:\/\/radiobitacora.com.ar\/web\/?p=19398"},"modified":"2023-10-11T08:08:25","modified_gmt":"2023-10-11T11:08:25","slug":"el-estado-en-tu-barrio-facilitando-servicios-a-los-vecinos-de-goya","status":"publish","type":"post","link":"https:\/\/radiobitacora.com.ar\/web\/2023\/10\/11\/el-estado-en-tu-barrio-facilitando-servicios-a-los-vecinos-de-goya\/","title":{"rendered":"El Estado en Tu Barrio: facilitando servicios a los vecinos de Goya"},"content":{"rendered":"<p>En un despliegue de alcance nacional, el programa\u00a0<strong>&#8220;El Estado en Tu Barrio&#8221;<\/strong>\u00a0lleg\u00f3 a la zona sur de la ciudad de\u00a0<em>Goya<\/em>, brindando a los vecinos una oportunidad \u00fanica para realizar tr\u00e1mites, recibir consultas profesionales y acceder a asesoramiento sobre prestaciones sociales, todo a solo unos pasos de sus hogares. Esta iniciativa, que se desarroll\u00f3 durante todo el d\u00eda martes, congreg\u00f3 a diversas dependencias del\u00a0<em>Gobierno Nacional<\/em>, trabajando de manera conjunta para acercar los servicios del Estado a la comunidad.<\/p>\n<p>El evento, que se llev\u00f3 a cabo con \u00e9xito, demostr\u00f3 el compromiso del Gobierno en acercar sus servicios a los ciudadanos, evitando largos desplazamientos y tr\u00e1mites burocr\u00e1ticos. Los vecinos de Goya tuvieron la posibilidad de acceder a una variedad de servicios en un solo lugar, lo que sin duda simplific\u00f3 sus vidas.<\/p>\n<p>En el operativo se hicieron presentes instituciones fundamentales, como\u00a0<strong>ANSES<\/strong>,\u00a0<strong>PAMI<\/strong>, el Ministerio de\u00a0<em>Empleo<\/em>,\u00a0<strong>SENNAF<\/strong>, y muchas m\u00e1s. La presencia de estas dependencias permiti\u00f3 que los vecinos se informaran sobre una amplia gama de servicios y programas estatales que podr\u00edan cambiar sus vidas para mejor.<\/p>\n<p><strong>El Ministerio de Desarrollo Social de la Naci\u00f3n<\/strong>\u00a0tambi\u00e9n fue uno de los protagonistas de la jornada, brindando informaci\u00f3n crucial sobre el monotributo social, la\u00a0<em>Asignaci\u00f3n Universal por Hijo<\/em>, y otros beneficios destinados a mejorar la calidad de vida de las familias argentinas.<\/p>\n<p><em>Goya<\/em>\u00a0vivi\u00f3 un d\u00eda de acercamiento del Estado a su gente.\u00a0<em>El Estado en Tu Barrio<\/em>\u00a0se consolida como un programa inclusivo que demuestra la preocupaci\u00f3n del Gobierno por el bienestar de sus ciudadanos. Una iniciativa que pone a disposici\u00f3n de todos, de manera accesible y efectiva, una variedad de servicios y prestaciones que mejoran la calidad de vida de la comunidad.<\/p>\n","protected":false},"excerpt":{"rendered":"<p>En un despliegue de alcance nacional, el programa\u00a0&#8220;El Estado en Tu Barrio&#8221;\u00a0lleg\u00f3 a la zona sur de la ciudad de\u00a0Goya, brindando a los vecinos una oportunidad \u00fanica para realizar tr\u00e1mites, recibir consultas profesionales y acceder a asesoramiento sobre prestaciones sociales, todo a solo unos pasos de sus hogares. Esta iniciativa, que se desarroll\u00f3 durante todo [&hellip;]<\/p>\n","protected":false},"author":2,"featured_media":19399,"comment_status":"closed","ping_status":"closed","sticky":false,"template":"","format":"standard","meta":{"footnotes":""},"categories":[79],"tags":[],"class_list":{"0":"post-19398","1":"post","2":"type-post","3":"status-publish","4":"format-standard","5":"has-post-thumbnail","7":"category-politica"},"_links":{"self":[{"href":"https:\/\/radiobitacora.com.ar\/web\/wp-json\/wp\/v2\/posts\/19398","targetHints":{"allow":["GET"]}}],"collection":[{"href":"https:\/\/radiobitacora.com.ar\/web\/wp-json\/wp\/v2\/posts"}],"about":[{"href":"https:\/\/radiobitacora.com.ar\/web\/wp-json\/wp\/v2\/types\/post"}],"author":[{"embeddable":true,"href":"https:\/\/radiobitacora.com.ar\/web\/wp-json\/wp\/v2\/users\/2"}],"replies":[{"embeddable":true,"href":"https:\/\/radiobitacora.com.ar\/web\/wp-json\/wp\/v2\/comments?post=19398"}],"version-history":[{"count":0,"href":"https:\/\/radiobitacora.com.ar\/web\/wp-json\/wp\/v2\/posts\/19398\/revisions"}],"wp:featuredmedia":[{"embeddable":true,"href":"https:\/\/radiobitacora.com.ar\/web\/wp-json\/wp\/v2\/media\/19399"}],"wp:attachment":[{"href":"https:\/\/radiobitacora.com.ar\/web\/wp-json\/wp\/v2\/media?parent=19398"}],"wp:term":[{"taxonomy":"category","embeddable":true,"href":"https:\/\/radiobitacora.com.ar\/web\/wp-json\/wp\/v2\/categories?post=19398"},{"taxonomy":"post_tag","embeddable":true,"href":"https:\/\/radiobitacora.com.ar\/web\/wp-json\/wp\/v2\/tags?post=19398"}],"curies":[{"name":"wp","href":"https:\/\/api.w.org\/{rel}","templated":true}]}}