{"id":19419,"date":"2023-10-12T07:42:46","date_gmt":"2023-10-12T10:42:46","guid":{"rendered":"https:\/\/radiobitacora.com.ar\/web\/?p=19419"},"modified":"2023-10-12T07:42:46","modified_gmt":"2023-10-12T10:42:46","slug":"suprimir-la-moneda-argentina-es-como-arriar-el-pabellon-nacional","status":"publish","type":"post","link":"https:\/\/radiobitacora.com.ar\/web\/2023\/10\/12\/suprimir-la-moneda-argentina-es-como-arriar-el-pabellon-nacional\/","title":{"rendered":"&#8220;Suprimir la moneda argentina es como arriar el pabell\u00f3n nacional&#8221;"},"content":{"rendered":"<p>La segunda ciudad de la provincia fue anoche el escenario para otro masivo acto de campa\u00f1a realizado por ECO+Vamos Corrientes-Juntos por el Cambio (JXC) camino a las elecciones del pr\u00f3ximo domingo 22 de octubre.<\/p>\n<p>&nbsp;<\/p>\n<p>Con un mensaje m\u00e1s focalizado y un poco menos visceral que el del acto desarrollado una semana antes en Mercedes, el gobernador, Gustavo Vald\u00e9s, cerr\u00f3 el encuentro en el estadio del club AMAD. Apunt\u00f3 contra el kirchnerismo y defendi\u00f3 la moneda nacional, cuestionando de esa manera el plan de dolarizaci\u00f3n que propone Javier Milei.<\/p>\n<p>&nbsp;<\/p>\n<p>En el escenario estuvieron intendentes de la coalici\u00f3n gobernante en la provincia, los candidatos a diputados nacionales, presidentes de partidos socios de ECO, como Ricardo Colombi, Pedro Cassani y Pedro Braillard Poccard; adem\u00e1s de los anfitriones, intendente, Mariano Hormaechea, y el exjefe comunal goyano y actual senador provincial, Ignacio Osella.<\/p>\n<p>&nbsp;<\/p>\n<p>En principio, Vald\u00e9s se\u00f1al\u00f3 que &#8220;se vota a diputados nacionales y hay que mirarnos a los ojos&#8221;. En este sentido asegur\u00f3 que actualmente &#8220;hay quienes se van a Buenos Aires y no votan por Corrientes, sino que votan por ellos, por el pa\u00eds central que vive poni\u00e9ndonos de rodilla&#8221;<\/p>\n<p>&nbsp;<\/p>\n<p>&#8220;Hace poco levantaron la mano y nos sacaran para el a\u00f1o que viene 30 mil millones de pesos. Eso significa menos posibilidades de tener escuelas, caminos, salud, apoyo a la producci\u00f3n y menos asilo de ancianos. Esos son los que votan por Buenos Aires y el centralismo. Nosotros queremos diputados nacionales que voten los correntinos. Eso queremos&#8221;, dijo Vald\u00e9s y pidi\u00f3 votar por los candidatos a legisladores de ECO+Vamos Corrientes.<\/p>\n<p>&nbsp;<\/p>\n<p>&#8220;Tenemos la responsabilidad de tener una Argentina absolutamente distinta. Y lleg\u00f3 el momento de recordar lo que hicimos y lo que hicieron&#8221;, distingui\u00f3.<\/p>\n<p>&nbsp;<\/p>\n<p>&#8220;Dec\u00edan que ven\u00edan a poner al pa\u00eds de pie, a llenar las heladeras, nos pintaron el para\u00edso terrenal&#8230; Y ah\u00ed est\u00e1n: nos pusieron de rodillas como nunca antes en la historia. Y nosotros, los correntinos, tenemos que decirles el 22 de octubre que se termina la discriminaci\u00f3n a la provincia de Corrientes y no va a haber m\u00e1s kirchnerismo en Argentina&#8221;, acentu\u00f3.<\/p>\n<p>&nbsp;<\/p>\n<p>Tambi\u00e9n cuestion\u00f3 la convocatoria de Massa a un gobierno de unidad nacional. &#8220;Hoy vienen a hablar de unidad nacional, cuando el Presidente de la Naci\u00f3n tiene apenas 15 puntos de aceptaci\u00f3n. Nos toman de giles&#8221;, resalt\u00f3.<\/p>\n<p>&nbsp;<\/p>\n<p>&#8220;En este momento hablan de unidad nacional cuando se est\u00e1n cayendo al fondo del mar y nos quieren dar el abrazo del oso&#8221;, grafic\u00f3.<\/p>\n<p>&nbsp;<\/p>\n<p>&#8220;Pedimos rutas, miran para otro lado; pedimos viviendas, las mandan a provincias amigas\u2026 siempre nos dejan de lado, fundamentalmente a quienes no pensamos igual a ese centralismo. Queremos federalismo para construir nuestra patria&#8221;, reclam\u00f3 Vald\u00e9s con la garganta al l\u00edmite.<\/p>\n<p>&nbsp;<\/p>\n<p>En otro tramo de su discurso, tambi\u00e9n acentu\u00f3: &#8220;\u00a1Debemos tener pol\u00edtica monetaria adecuada! Independizar el Banco Central, porque cuando depende de un presidente como Alberto Fern\u00e1ndez, que es absolutamente incapaz de gobernar este pa\u00eds, le hacen emitir y terminamos en una espiral de inflaci\u00f3n. Y un Ministro, candidato, larga el \u2018plan palita\u2019, que es inyectar despiadadamente pesos a la econom\u00eda. El peor de los impuestos que tenemos los argentinos es la inflaci\u00f3n y hay que terminar definitivamente con ella&#8221;, dijo y reclam\u00f3: &#8220;\u00a1Responsabilidad!&#8221;.<\/p>\n<p>&nbsp;<\/p>\n<p>En este contexto tambi\u00e9n advirti\u00f3: &#8220;Suprimir la moneda en Argentina es como arriar el pabell\u00f3n nacional&#8221;<\/p>\n<p>&nbsp;<\/p>\n<p>&#8220;Debemos tener una Argentina distinta. En ese festival de plata que vienen gastando aparece uno que dice \u2018no voy mandar m\u00e1s plata a las provincias, voy a suprimir la coparticipaci\u00f3n y que cada uno se arregle c\u00f3mo puede\u2019 (en alusi\u00f3n a Milei). Entonces, que nos transfieran Yacyret\u00e1, Salto Grande y que no se preocupen, que si nos sueltan la mano, los correntinos nos vamos a arreglar como en el principio de la historia. Son ellos los que se deben ajustar&#8221;, subray\u00f3 Vald\u00e9s.<\/p>\n<p>&nbsp;<\/p>\n<p>Por todo ello, en otro segmento de su mensaje, asegur\u00f3: &#8220;Patricia Bullrich sabe qu\u00e9 hacer para Argentina&#8221;, dijo y pidi\u00f3 acompa\u00f1arla con el voto.<\/p>\n<p>&nbsp;<\/p>\n<p>&#8220;Les pido que voten por los correntinos, que sea un voto confiable, uno que nos conviene. El que queremos no es para un hombre, es la confianza que tenemos que depositar en una mujer que tiene huevos, coraje y sentido com\u00fan para cambiar el pa\u00eds. Ella es Patricia Bullrich&#8221;.<\/p>\n<p>&nbsp;<\/p>\n<h2>&#8220;Est\u00e1n gestionando como el c&#8230;, sin dudas&#8221;, ratific\u00f3 Vald\u00e9s en sus cr\u00edticas al kirchnerismo<\/h2>\n<div class=\"center medium m_image\">\n<figure><picture><source srcset=\"https:\/\/www.diarioepoca.com\/content\/bucket\/0\/1325330w380h400c.jpg.webp\" type=\"image\/webp\" media=\"(min-width: 640px)\" \/><source srcset=\"https:\/\/www.diarioepoca.com\/content\/bucket\/0\/1325330w440h463c.jpg.webp\" type=\"image\/webp\" media=\"(min-width: 300px)\" \/><source srcset=\"https:\/\/www.diarioepoca.com\/content\/bucket\/0\/1325330w380h400c.jpg\" media=\"(min-width: 300px)\" \/><img loading=\"lazy\" decoding=\"async\" class=\"pic\" src=\"https:\/\/www.diarioepoca.com\/content\/bucket\/0\/1325330w380h400c.jpg.webp\" alt=\"\" width=\"380\" height=\"400\" \/><\/picture><\/figure>\n<\/div>\n<p>&nbsp;<\/p>\n<p>&#8220;Est\u00e1n gestionando como el c&#8230;, sin dudas&#8221;, insisti\u00f3 el gobernador, Gustavo Vald\u00e9s, al criticar al kirchnerismo y en especial del ministro de Econom\u00eda, Sergio Massa. Lo hizo en una entrevista mantenida el martes a la noche en San Roque -v\u00edspera de su aniversario- con &#8220;\u00d1ande Cable&#8221; de Bella Vista.<\/p>\n<p>&nbsp;<\/p>\n<p>El Mandatario correntino hab\u00eda calificado -en una entrevista radial- al ministro Massa de &#8220;versero, mentiroso, chanta y fullero&#8221;.<\/p>\n<p>&nbsp;<\/p>\n<p>Al respecto indic\u00f3 que &#8220;el \u2018plan platita\u2019 de Massa, que cree que somos todos tontos los argentinos, est\u00e1 yendo todo a inflaci\u00f3n&#8221;.<\/p>\n<p>&nbsp;<\/p>\n<p>Horas despu\u00e9s, en San Roque, Vald\u00e9s tambi\u00e9n remarc\u00f3 que &#8220;hay m\u00e1s del 40% de pobres y una situaci\u00f3n cr\u00edtica: lo dije hace un a\u00f1o porque ya ve\u00edamos cu\u00e1l iba a ser el destino del pa\u00eds. Y a pesar de todas las advertencias no hicieron caso. Adem\u00e1s, en el final inventaron el \u2018plan platita\u2019 que fue generar el \u00faltimo manotazo tratando de legar a las elecciones y estamos terminando con un caos en la econom\u00eda y mucha gente en la pobreza, que es lo que m\u00e1s duele&#8221;, indic\u00f3 en la nota.<\/p>\n<p>&nbsp;<\/p>\n<p>&#8220;Hoy, a muchos de Uni\u00f3n por la Patria se le cae encima la mala imagen del Presidente, cuando hab\u00edan convocado a elecciones pensando que el Gobierno nacional le iba a resolver la falta de tracci\u00f3n. Sin embargo, se le cae encima la realidad con este esquema de tercios&#8221;, afirm\u00f3.<\/p>\n<p>&nbsp;<\/p>\n<p>Por otra parte, sostuvo que &#8220;necesitamos recursos para desarrollar m\u00e1s la provincia, pero cuando ten\u00e9s un senador nacional, un diputado nacional que vota en contra de Corrientes, deben dar explicaciones a su pueblo. Tienen que hacerlo, porque si no, cuando tomamos malas decisiones, despu\u00e9s nos quejamos porque la pol\u00edtica no funciona&#8221;, advirti\u00f3.<\/p>\n<p>&nbsp;<\/p>\n<p>&#8220;La ciudadan\u00eda es libre y ahora debe elegir, por eso les digo: no voten a gente que le dio la espalda a Corrientes&#8221;.<\/p>\n","protected":false},"excerpt":{"rendered":"<p>La segunda ciudad de la provincia fue anoche el escenario para otro masivo acto de campa\u00f1a realizado por ECO+Vamos Corrientes-Juntos por el Cambio (JXC) camino a las elecciones del pr\u00f3ximo domingo 22 de octubre. &nbsp; Con un mensaje m\u00e1s focalizado y un poco menos visceral que el del acto desarrollado una semana antes en Mercedes, [&hellip;]<\/p>\n","protected":false},"author":2,"featured_media":19420,"comment_status":"closed","ping_status":"closed","sticky":false,"template":"","format":"standard","meta":{"footnotes":""},"categories":[79],"tags":[],"class_list":{"0":"post-19419","1":"post","2":"type-post","3":"status-publish","4":"format-standard","5":"has-post-thumbnail","7":"category-politica"},"_links":{"self":[{"href":"https:\/\/radiobitacora.com.ar\/web\/wp-json\/wp\/v2\/posts\/19419","targetHints":{"allow":["GET"]}}],"collection":[{"href":"https:\/\/radiobitacora.com.ar\/web\/wp-json\/wp\/v2\/posts"}],"about":[{"href":"https:\/\/radiobitacora.com.ar\/web\/wp-json\/wp\/v2\/types\/post"}],"author":[{"embeddable":true,"href":"https:\/\/radiobitacora.com.ar\/web\/wp-json\/wp\/v2\/users\/2"}],"replies":[{"embeddable":true,"href":"https:\/\/radiobitacora.com.ar\/web\/wp-json\/wp\/v2\/comments?post=19419"}],"version-history":[{"count":0,"href":"https:\/\/radiobitacora.com.ar\/web\/wp-json\/wp\/v2\/posts\/19419\/revisions"}],"wp:featuredmedia":[{"embeddable":true,"href":"https:\/\/radiobitacora.com.ar\/web\/wp-json\/wp\/v2\/media\/19420"}],"wp:attachment":[{"href":"https:\/\/radiobitacora.com.ar\/web\/wp-json\/wp\/v2\/media?parent=19419"}],"wp:term":[{"taxonomy":"category","embeddable":true,"href":"https:\/\/radiobitacora.com.ar\/web\/wp-json\/wp\/v2\/categories?post=19419"},{"taxonomy":"post_tag","embeddable":true,"href":"https:\/\/radiobitacora.com.ar\/web\/wp-json\/wp\/v2\/tags?post=19419"}],"curies":[{"name":"wp","href":"https:\/\/api.w.org\/{rel}","templated":true}]}}