{"id":19431,"date":"2023-10-12T08:21:32","date_gmt":"2023-10-12T11:21:32","guid":{"rendered":"https:\/\/radiobitacora.com.ar\/web\/?p=19431"},"modified":"2023-10-12T08:21:32","modified_gmt":"2023-10-12T11:21:32","slug":"efemerides-de-hoy-12-de-octubre-que-se-conmemora-en-argentina-y-el-mundo","status":"publish","type":"post","link":"https:\/\/radiobitacora.com.ar\/web\/2023\/10\/12\/efemerides-de-hoy-12-de-octubre-que-se-conmemora-en-argentina-y-el-mundo\/","title":{"rendered":"Efem\u00e9rides de hoy, 12 de octubre: \u00bfqu\u00e9 se conmemora en Argentina y el mundo?"},"content":{"rendered":"<p class=\"paragraph\" data-mrf-recirculation=\"Links inline\">Entre las\u00a0<a href=\"https:\/\/www.infobae.com\/tag\/efemerides\/\" target=\"_blank\" rel=\"noopener noreferrer\" data-mrf-link=\"https:\/\/www.infobae.com\/tag\/efemerides\/\">efem\u00e9rides del 12 de octubre<\/a>, se encuentra el aniversario de la\u00a0<b>inauguraci\u00f3n de la<\/b><a href=\"https:\/\/www.infobae.com\/tag\/avenida-9-de-julio\/\" target=\"_blank\" rel=\"noopener noreferrer\" data-mrf-link=\"https:\/\/www.infobae.com\/tag\/avenida-9-de-julio\/\"><b>\u00a0avenida 9 de Julio<\/b><\/a>, en 1937, bajo la presidencia de Agust\u00edn P. Justo. Desde la sanci\u00f3n en 1912 de la ley N\u00b0 8.885, tard\u00f3 25 a\u00f1os en concretarse. Atraves\u00f3 varias modificaciones hasta convertirse en\u00a0<b>la avenida m\u00e1s ancha del mundo<\/b> (140 metros). Tiene una una longitud de 3 kil\u00f3metros e incluye un Metrob\u00fas.<\/p>\n<p class=\"paragraph\" data-mrf-recirculation=\"Links inline\">La Avenida 9 de Julio, que recibi\u00f3 su nombre en honor al D\u00eda de la Independencia de Argentina (9 de Julio de 1816), atraviesa el centro de la ciudad, desde la estaci\u00f3n Constituci\u00f3n en el sur hasta el barrio de Retiro en el norte. A lo largo de su recorrido, pasa por importantes edificios y monumentos, como\u00a0<b>el Obelisco, la Plaza de la Rep\u00fablica, el Teatro Col\u00f3n y el Palacio del Congreso Nacional<\/b>. Es uno de los atractivos m\u00e1s caracter\u00edsticos de la Ciudad de Buenos Aires.<\/p>\n<div class=\"visual__image\"><img loading=\"lazy\" decoding=\"async\" class=\" lazyload\" src=\"https:\/\/www.infobae.com\/new-resizer\/ij7yZWmtOR54zs3H0k-ZddhVTZk=\/arc-anglerfish-arc2-prod-infobae\/public\/GSZJRH4E35FA5LGCALC7LJQMFU.jpg\" sizes=\"auto, (min-width: 800px) 50vw, 90vw\" srcset=\"https:\/\/www.infobae.com\/new-resizer\/IbKJBYdif9cSf_rDVORoPFtINvA=\/420x236\/filters:format(webp):quality(85)\/cloudfront-us-east-1.images.arcpublishing.com\/infobae\/GSZJRH4E35FA5LGCALC7LJQMFU.jpg 420w,https:\/\/www.infobae.com\/new-resizer\/NRkPtK5Ppo7dCSOje6usVzXWOm0=\/768x432\/filters:format(webp):quality(85)\/cloudfront-us-east-1.images.arcpublishing.com\/infobae\/GSZJRH4E35FA5LGCALC7LJQMFU.jpg 768w,https:\/\/www.infobae.com\/new-resizer\/viJfVXOU5KlOuZc-5lMSm2NXxRI=\/992x558\/filters:format(webp):quality(85)\/cloudfront-us-east-1.images.arcpublishing.com\/infobae\/GSZJRH4E35FA5LGCALC7LJQMFU.jpg 992w,https:\/\/www.infobae.com\/new-resizer\/_qViLhlvARfoz9rEyufzoCsCoHs=\/1200x675\/filters:format(webp):quality(85)\/cloudfront-us-east-1.images.arcpublishing.com\/infobae\/GSZJRH4E35FA5LGCALC7LJQMFU.jpg 1200w,https:\/\/www.infobae.com\/new-resizer\/QD3Y1YtKDM91V-yIrbph7FGApuQ=\/1440x810\/filters:format(webp):quality(85)\/cloudfront-us-east-1.images.arcpublishing.com\/infobae\/GSZJRH4E35FA5LGCALC7LJQMFU.jpg 1440w\" alt=\"Hilda Lizarazu naci\u00f3 el 12 de octubre de 1963\" width=\"1920\" height=\"1079\" data-src=\"https:\/\/www.infobae.com\/new-resizer\/ij7yZWmtOR54zs3H0k-ZddhVTZk=\/arc-anglerfish-arc2-prod-infobae\/public\/GSZJRH4E35FA5LGCALC7LJQMFU.jpg\" \/>Hilda Lizarazu naci\u00f3 el 12 de octubre de 1963<\/div>\n<p class=\"paragraph\" data-mrf-recirculation=\"Links inline\">Por otra parte, el 12 de octubre tambi\u00e9n es el aniversario de\u00a0<b>nacimiento de\u00a0<\/b><a href=\"https:\/\/www.infobae.com\/tag\/hilda-lizarazu\/\" target=\"_blank\" rel=\"noopener noreferrer\" data-mrf-link=\"https:\/\/www.infobae.com\/tag\/hilda-lizarazu\/\"><b>Hilda Lizarazu<\/b><\/a>, la reconocida cantante y compositora del rock nacional, en la ciudad correntina de Curuz\u00fa Cuati\u00e1. Se inici\u00f3 como fot\u00f3grafa profesional y vivi\u00f3 hasta 1980 en Nueva York. A su regreso, comenz\u00f3 su carrera como m\u00fasica, form\u00f3 parte de la banda de rock<b>\u00a0Los Twist<\/b>, a comienzos de los a\u00f1os 80, del d\u00fao<b>\u00a0Man Ray<\/b>\u00a0junto a Tito Losavio, e integr\u00f3 la banda de\u00a0<b>Charly Garc\u00eda<\/b>.<\/p>\n<p class=\"paragraph\" data-mrf-recirculation=\"Links inline\">Durante su carrera como solista, Lizarazu ha lanzado nueve \u00e1lbumes de estudio, el m\u00e1s reciente de los cuales es \u201cCinema Verite\u201d (2023). Tambi\u00e9n ha colaborado con una gran cantidad de artistas, entre ellos Charly Garc\u00eda, Fabiana Cantilo, Miguel Zavaleta, Gustavo Santaolalla y Lisandro Aristimu\u00f1o. En 2023,\u00a0<b>cumple 60 a\u00f1os.<\/b><\/p>\n<div class=\"jwplayer-ctn\">\n<div>\n<div id=\"IY7UZ55XGZEGZN3VGM6CWAGZGU\" class=\"jwplayer jw-reset jw-state-idle jw-stretch-uniform jw-flag-aspect-mode jw-breakpoint-4 jw-floating-dismissible jw-flag-user-inactive\" tabindex=\"0\" role=\"application\" aria-label=\"Reproductor de Video\" aria-describedby=\"jw-IY7UZ55XGZEGZN3VGM6CWAGZGU-shortcuts-tooltip-explanation\" data-compass-listening=\"true\">\n<div class=\"jw-wrapper jw-reset\">\n<div class=\"jw-controls jw-reset\">\n<div class=\"jw-nextup-container jw-reset\">\n<div class=\"jw-nextup jw-background-color jw-reset jw-nextup-thumbnail-visible\"><\/div>\n<\/div>\n<\/div>\n<\/div>\n<\/div>\n<\/div>\n<p>Entrevista a Soledad Pastorutti por Tatiana Shapiro<\/p><\/div>\n<p class=\"paragraph\" data-mrf-recirculation=\"Links inline\">Tambi\u00e9n se recuerda el nacimiento, en 1980, de la famosa referente del folclore argentino,\u00a0<a href=\"https:\/\/www.infobae.com\/tag\/soledad-pastorutti\/\" target=\"_blank\" rel=\"noopener noreferrer\" data-mrf-link=\"https:\/\/www.infobae.com\/tag\/soledad-pastorutti\/\">Soledad Pastorutti<\/a>, en el pueblo santafesino de Arequito. La cantante y compositora emergi\u00f3 como una figura de renovaci\u00f3n de la escena del folklore en la d\u00e9cada de 1990.<b>\u00a0Gan\u00f3 un Grammy Latino, once Premios Carlos Gardel y dos Mart\u00edn Fierro y discos de oro y platino.<\/b>\u00a0Adem\u00e1s, vendi\u00f3 ya m\u00e1s de siete millones de discos.<\/p>\n<h2 class=\"header headline-class-h2\">\u00bfQu\u00e9 otras efem\u00e9rides se celebran hoy, 12 de octubre?<\/h2>\n<ul class=\"list\" data-icon=\"\u2b24\">\n<li data-icon=\"\u2b24\">1916:\u00a0<b>Hip\u00f3lito Yrigoyen asume la Presidencia de la Naci\u00f3n<\/b>\u00a0luego de resultar ganador de las primeras elecciones celebradas con la ley S\u00e1enz Pe\u00f1a de sufragio obligatorio y secreto, que incorpor\u00f3 a amplios sectores sociales a la participaci\u00f3n pol\u00edtica.<\/li>\n<li data-icon=\"\u2b24\">1935:\u00a0<b>nace<\/b><a href=\"https:\/\/www.infobae.com\/tag\/luciano-pavarotti\/\" target=\"_blank\" rel=\"noopener\"><b>\u00a0Luciano Pavarotti<\/b><\/a><b>\u00a0<\/b>en la ciudad de M\u00f3dena, en la regi\u00f3n de Emilia-Roma\u00f1a. El tenor italiano es uno de los cantantes de \u00f3pera m\u00e1s importantes del siglo XX cuya voz es considerada una de las mejores de la historia de la l\u00edrica. Pavarotti falleci\u00f3 el 6 de septiembre de 2007 a los 71 a\u00f1os de edad, a causa de un c\u00e1ncer de p\u00e1ncreas.<\/li>\n<li data-icon=\"\u2b24\">1963:\u00a0<a href=\"https:\/\/www.infobae.com\/sociedad\/2023\/10\/12\/a-60-anos-de-la-asuncion-de-illia-sus-1000-dias-en-el-poder-y-la-tension-con-los-militares-tras-el-golpe\/\" target=\"_blank\" rel=\"noopener\">asume la presidencia de Argentina el radical\u00a0<b>Arturo Illia<\/b><\/a>, en un contexto complejo con el peronismo proscripto. Dura 1000 d\u00edas en el poder hasta que es derrocado por un golpe militar.<\/li>\n<\/ul>\n<div class=\"visual__image\"><img loading=\"lazy\" decoding=\"async\" class=\" lazyload\" src=\"https:\/\/www.infobae.com\/new-resizer\/bKE5m6PEYovt3Rnz0FCr-nmmYlI=\/arc-anglerfish-arc2-prod-infobae\/public\/2LRSOKL7XJBCNHBLHJNFFJAHZA.png\" sizes=\"auto, (min-width: 800px) 50vw, 90vw\" srcset=\"https:\/\/www.infobae.com\/new-resizer\/xEG4frH6awIcOvuTNLF7x0X75X8=\/420x280\/filters:format(webp):quality(85)\/cloudfront-us-east-1.images.arcpublishing.com\/infobae\/2LRSOKL7XJBCNHBLHJNFFJAHZA.png 420w,https:\/\/www.infobae.com\/new-resizer\/32a_L2OGrkIlI8oNOSSFpeMigl0=\/768x512\/filters:format(webp):quality(85)\/cloudfront-us-east-1.images.arcpublishing.com\/infobae\/2LRSOKL7XJBCNHBLHJNFFJAHZA.png 768w,https:\/\/www.infobae.com\/new-resizer\/2gK7Pu6OQHvCz_Wd2aZFeRUt4C8=\/992x661\/filters:format(webp):quality(85)\/cloudfront-us-east-1.images.arcpublishing.com\/infobae\/2LRSOKL7XJBCNHBLHJNFFJAHZA.png 992w,https:\/\/www.infobae.com\/new-resizer\/8l2EC8pJ-YWg2_PBFTe-PhJl0e0=\/1200x800\/filters:format(webp):quality(85)\/cloudfront-us-east-1.images.arcpublishing.com\/infobae\/2LRSOKL7XJBCNHBLHJNFFJAHZA.png 1200w,https:\/\/www.infobae.com\/new-resizer\/tiBPGIUa8BG2aiWKQ55pnTkf_y4=\/1440x960\/filters:format(webp):quality(85)\/cloudfront-us-east-1.images.arcpublishing.com\/infobae\/2LRSOKL7XJBCNHBLHJNFFJAHZA.png 1440w\" alt=\"Luciano Pavarotti naci\u00f3 el 12 de octubre de 1935\" width=\"800\" height=\"550\" data-src=\"https:\/\/www.infobae.com\/new-resizer\/bKE5m6PEYovt3Rnz0FCr-nmmYlI=\/arc-anglerfish-arc2-prod-infobae\/public\/2LRSOKL7XJBCNHBLHJNFFJAHZA.png\" \/>Luciano Pavarotti naci\u00f3 el 12 de octubre de 1935<\/div>\n<ul class=\"list\" data-icon=\"\u2b24\">\n<li data-icon=\"\u2b24\">1964:<b>\u00a0la Uni\u00f3n Sovi\u00e9tica lanza al espacio a tres cosmonautas en la Vosjod-1<\/b>, primera nave espacial con capacidad para m\u00e1s de un tripulante.<\/li>\n<li data-icon=\"\u2b24\">1973:\u00a0<b>Juan Domingo Per\u00f3n\u00a0<\/b>asume en Argentina su\u00a0<a href=\"https:\/\/www.infobae.com\/sociedad\/2023\/10\/12\/la-tercera-asuncion-de-peron-como-presidente-entre-la-esperanza-de-la-gente-y-los-crimenes-de-montoneros\/\" target=\"_blank\" rel=\"noopener\">tercera presidencia<\/a>.<\/li>\n<li data-icon=\"\u2b24\">1984: la primera ministra brit\u00e1nica,<b>\u00a0Margaret Thatcher, sale ilesa de un atentado del IRA<\/b>\u00a0en el Grand Hotel de Brighton.<\/li>\n<li data-icon=\"\u2b24\">2010:\u00a0<b>se lanza el primer videojuego desarrollado en Latinoam\u00e9rica,<\/b>\u00a0\u201cLucha Libre AAA: h\u00e9roes del ring\u201d.<\/li>\n<\/ul>\n<h3 class=\"header headline-class-h3\">D\u00eda Mundial de la Visi\u00f3n<\/h3>\n<p class=\"paragraph\" data-mrf-recirculation=\"Links inline\">La fecha fue establecida por la Organizaci\u00f3n Mundial de la Salud (OMS) conjuntamente con el Organismo Internacional de Prevenci\u00f3n de la Ceguera (IAPB) y se celebra cada a\u00f1o, el segundo jueves de octubre. Es a\u00f1o, el lema es \u201cAma tus ojos en el trabajo\u201d, como una forma de concientizar acerca de la importancia del cuidado ocular durante el desarrollo de actividades laborales<\/p>\n<h3 class=\"header headline-class-h3\">D\u00eda Mundial de la Artritis Reumatoidea<\/h3>\n<p class=\"paragraph\" data-mrf-recirculation=\"Links inline\">Se celebra cada a\u00f1o desde 1996, por iniciativa de la Arthritis Rheumatism International desde el a\u00f1o 1996. La\u00a0<a href=\"https:\/\/www.infobae.com\/tag\/artritis-reumatoidea\/\" target=\"_blank\" rel=\"noopener noreferrer\" data-mrf-link=\"https:\/\/www.infobae.com\/tag\/artritis-reumatoidea\/\">artritis reumatoidea\u00a0<\/a>es una enfermedad inflamatoria cr\u00f3nica autoinmune de causa desconocida que afecta principalmente las articulaciones, aunque puede comprometer otros \u00f3rganos del cuerpo. En Argentina, esta enfermedad afecta a unas 400.000 personas solo en Argentina.<\/p>\n<div class=\"visual__image\"><img loading=\"lazy\" decoding=\"async\" class=\" lazyload\" src=\"https:\/\/www.infobae.com\/new-resizer\/x-qfwydJKSMOso1OSaN79k8Mc9U=\/arc-anglerfish-arc2-prod-infobae\/public\/N5ZNFJBKNZCETJ7EL7ZDZFYRLI.jpg\" sizes=\"auto, (min-width: 800px) 50vw, 90vw\" srcset=\"https:\/\/www.infobae.com\/new-resizer\/DgMCRFLjz8caFjA5Kuna_hxFsSk=\/420x280\/filters:format(webp):quality(85)\/cloudfront-us-east-1.images.arcpublishing.com\/infobae\/N5ZNFJBKNZCETJ7EL7ZDZFYRLI.jpg 420w,https:\/\/www.infobae.com\/new-resizer\/339oFp_tVBTA-5NXeyF_N4q16RI=\/768x512\/filters:format(webp):quality(85)\/cloudfront-us-east-1.images.arcpublishing.com\/infobae\/N5ZNFJBKNZCETJ7EL7ZDZFYRLI.jpg 768w,https:\/\/www.infobae.com\/new-resizer\/XJYLg91de3c2z3kBFWnpnzZNtFg=\/992x661\/filters:format(webp):quality(85)\/cloudfront-us-east-1.images.arcpublishing.com\/infobae\/N5ZNFJBKNZCETJ7EL7ZDZFYRLI.jpg 992w,https:\/\/www.infobae.com\/new-resizer\/zHeVA_e_z5MKq2KScDRpZUSEa9Y=\/1200x800\/filters:format(webp):quality(85)\/cloudfront-us-east-1.images.arcpublishing.com\/infobae\/N5ZNFJBKNZCETJ7EL7ZDZFYRLI.jpg 1200w,https:\/\/www.infobae.com\/new-resizer\/g9GUKgVXo3CZnss5StUcmmWPgoM=\/1440x960\/filters:format(webp):quality(85)\/cloudfront-us-east-1.images.arcpublishing.com\/infobae\/N5ZNFJBKNZCETJ7EL7ZDZFYRLI.jpg 1440w\" alt=\"El 12 de octubre es el D\u00eda Mundial de la Artritis Reumatoidea (Shutterstock)\" width=\"1920\" height=\"1280\" data-src=\"https:\/\/www.infobae.com\/new-resizer\/x-qfwydJKSMOso1OSaN79k8Mc9U=\/arc-anglerfish-arc2-prod-infobae\/public\/N5ZNFJBKNZCETJ7EL7ZDZFYRLI.jpg\" \/>El 12 de octubre es el D\u00eda Mundial de la Artritis Reumatoidea (Shutterstock)<\/div>\n<h3 class=\"header headline-class-h3\">D\u00eda de Respeto a la Diversidad Cultural<\/h3>\n<p class=\"paragraph\" data-mrf-recirculation=\"Links inline\">Desde 2010 se conmemora en Argentina el 12 de octubre como el\u00a0<a href=\"https:\/\/www.infobae.com\/tag\/diversidad-cultural\/\" target=\"_blank\" rel=\"noopener noreferrer\" data-mrf-link=\"https:\/\/www.infobae.com\/tag\/diversidad-cultural\/\"><b>D\u00eda Nacional de la Diversidad Cultural<\/b><\/a>, como un d\u00eda de reflexi\u00f3n hist\u00f3rica y di\u00e1logo intercultural sobre la convivencia de los pueblos originarios. La celebraci\u00f3n reemplaza a la del D\u00eda de la Raza, que reg\u00eda desde 1917 en conmemoraci\u00f3n de<a href=\"https:\/\/www.infobae.com\/historia\/2023\/10\/12\/el-viaje-de-cristobal-colon-la-interna-con-pinzon-la-verdad-de-como-se-financio-y-sus-amores-en-la-corte\/\" target=\"_blank\" rel=\"noopener noreferrer\" data-mrf-link=\"https:\/\/www.infobae.com\/historia\/2023\/10\/12\/el-viaje-de-cristobal-colon-la-interna-con-pinzon-la-verdad-de-como-se-financio-y-sus-amores-en-la-corte\/\">\u00a0la llegada del navegante genov\u00e9s Crist\u00f3bal Col\u00f3n a Am\u00e9rica<\/a>. Se recuerda el d\u00eda de 1492 en que Crist\u00f3bal Col\u00f3n lleg\u00f3 a un nuevo continente desconocido por Occidente. A\u00f1os m\u00e1s tarde, el territorio fue llamado Am\u00e9rica, en honor a Am\u00e9rico Vespucio, quien fue el primero en dirigir una expedici\u00f3n al lugar, despu\u00e9s de Col\u00f3n.<\/p>\n<p class=\"paragraph\" data-mrf-recirculation=\"Links inline\">En el pa\u00eds, la fecha es un d\u00eda festivo, pero al tratarse de un feriado trasladable,\u00a0<b>el d\u00eda de descanso se pasa al lunes 16 de octubre<\/b>.<\/p>\n","protected":false},"excerpt":{"rendered":"<p>Entre las\u00a0efem\u00e9rides del 12 de octubre, se encuentra el aniversario de la\u00a0inauguraci\u00f3n de la\u00a0avenida 9 de Julio, en 1937, bajo la presidencia de Agust\u00edn P. Justo. Desde la sanci\u00f3n en 1912 de la ley N\u00b0 8.885, tard\u00f3 25 a\u00f1os en concretarse. Atraves\u00f3 varias modificaciones hasta convertirse en\u00a0la avenida m\u00e1s ancha del mundo (140 metros). Tiene [&hellip;]<\/p>\n","protected":false},"author":2,"featured_media":19432,"comment_status":"closed","ping_status":"closed","sticky":false,"template":"","format":"standard","meta":{"footnotes":""},"categories":[86],"tags":[],"class_list":{"0":"post-19431","1":"post","2":"type-post","3":"status-publish","4":"format-standard","5":"has-post-thumbnail","7":"category-sociedad"},"_links":{"self":[{"href":"https:\/\/radiobitacora.com.ar\/web\/wp-json\/wp\/v2\/posts\/19431","targetHints":{"allow":["GET"]}}],"collection":[{"href":"https:\/\/radiobitacora.com.ar\/web\/wp-json\/wp\/v2\/posts"}],"about":[{"href":"https:\/\/radiobitacora.com.ar\/web\/wp-json\/wp\/v2\/types\/post"}],"author":[{"embeddable":true,"href":"https:\/\/radiobitacora.com.ar\/web\/wp-json\/wp\/v2\/users\/2"}],"replies":[{"embeddable":true,"href":"https:\/\/radiobitacora.com.ar\/web\/wp-json\/wp\/v2\/comments?post=19431"}],"version-history":[{"count":0,"href":"https:\/\/radiobitacora.com.ar\/web\/wp-json\/wp\/v2\/posts\/19431\/revisions"}],"wp:featuredmedia":[{"embeddable":true,"href":"https:\/\/radiobitacora.com.ar\/web\/wp-json\/wp\/v2\/media\/19432"}],"wp:attachment":[{"href":"https:\/\/radiobitacora.com.ar\/web\/wp-json\/wp\/v2\/media?parent=19431"}],"wp:term":[{"taxonomy":"category","embeddable":true,"href":"https:\/\/radiobitacora.com.ar\/web\/wp-json\/wp\/v2\/categories?post=19431"},{"taxonomy":"post_tag","embeddable":true,"href":"https:\/\/radiobitacora.com.ar\/web\/wp-json\/wp\/v2\/tags?post=19431"}],"curies":[{"name":"wp","href":"https:\/\/api.w.org\/{rel}","templated":true}]}}