{"id":19451,"date":"2023-10-17T08:46:34","date_gmt":"2023-10-17T11:46:34","guid":{"rendered":"https:\/\/radiobitacora.com.ar\/web\/?p=19451"},"modified":"2023-10-17T08:46:34","modified_gmt":"2023-10-17T11:46:34","slug":"fin-de-semana-largo","status":"publish","type":"post","link":"https:\/\/radiobitacora.com.ar\/web\/2023\/10\/17\/fin-de-semana-largo\/","title":{"rendered":"Fin de Semana largo"},"content":{"rendered":"<div class=\"panel-pane pane-token pane-node-body\">\n<div class=\"pane-content\">\n<p class=\"rtejustify\"><strong>OFERTAS TUR\u00cdSTICAS PESCA, YERRA, FOLKLORE Y PASEOS URBANOS LOS M\u00c1S DESTACADOS<\/strong><\/p>\n<p class=\"rtejustify\">\n<p class=\"rtejustify\">Goya el tercer destino m\u00e1s elegido con el 97% de ocupaci\u00f3n durante tres d\u00edas<\/p>\n<p class=\"rtejustify\">\n<p class=\"rtejustify\">Corrientes ofreci\u00f3 sus atractivos tur\u00edsticos durante el pasado fin de semana largo con una ocupaci\u00f3n hotelera del 96 % en todo el territorio provincial, tomando como referencia la estad\u00eda por 3 noches promedio, con un gasto per c\u00e1pita (por persona) de 22 Mil Pesos y un gasto total aproximado en toda la provincia de m\u00e1s de 1320 Millones de Pesos.<\/p>\n<p class=\"rtejustify\">\n<p class=\"rtejustify\">El informe del observatorio coloca a la capital correntina y a Ituzaing\u00f3 como lo m\u00e1s atractivo durante el fin de semana largo, siendo el punto de inter\u00e9s en Ituzaing\u00f3 la realizaci\u00f3n de la 16\u00ba Fiesta Nacional de la Yerra y Doma Correntina, con el 100% de la plaza ocupada.<\/p>\n<p class=\"rtejustify\">Seguido de Carlos Pellegrini con una ocupaci\u00f3n del 99%.<\/p>\n<p class=\"rtejustify\">\n<p class=\"rtejustify\">Despu\u00e9s se ubican Concepci\u00f3n y Goya con el 97 % de la ocupaci\u00f3n hotelera, siendo el producto pesca el m\u00e1s consumido en nuestra ciudad con un 30% de prestaci\u00f3n de ese servicio.<\/p>\n<p class=\"rtejustify\">\n<p class=\"rtejustify\">Paso de la Patria con el 94% y San Miguel con el 93%.<\/p>\n<p class=\"rtejustify\">Del informe del Observatorio Tur\u00edstico se desprende los productos m\u00e1s consumidos desde el 13 al 16 de octubre: Pesca Deportiva 30,5%; Hist\u00f3rico Cultural 13, 2%; Ecoturismo 31,7%; Otros 24,7%.<\/p>\n<p class=\"rtejustify\">\n<p class=\"rtejustify\">La elecci\u00f3n de los destinos de nuestra provincia permiti\u00f3 un gasto de 3 noches promedio por persona de 22 Mil Pesos y un gasto total aproximado de 1320 Millones de Pesos, ingresados a la provincia por la oferta tur\u00edstica.<\/p>\n<\/div>\n<\/div>\n<div class=\"panel-separator\"><\/div>\n<div class=\"panel-pane pane-separador-linea\">\n<div class=\"pane-content\"><\/div>\n<\/div>\n","protected":false},"excerpt":{"rendered":"<p>OFERTAS TUR\u00cdSTICAS PESCA, YERRA, FOLKLORE Y PASEOS URBANOS LOS M\u00c1S DESTACADOS Goya el tercer destino m\u00e1s elegido con el 97% de ocupaci\u00f3n durante tres d\u00edas Corrientes ofreci\u00f3 sus atractivos tur\u00edsticos durante el pasado fin de semana largo con una ocupaci\u00f3n hotelera del 96 % en todo el territorio provincial, tomando como referencia la estad\u00eda por [&hellip;]<\/p>\n","protected":false},"author":2,"featured_media":19452,"comment_status":"closed","ping_status":"closed","sticky":false,"template":"","format":"standard","meta":{"footnotes":""},"categories":[73],"tags":[],"class_list":{"0":"post-19451","1":"post","2":"type-post","3":"status-publish","4":"format-standard","5":"has-post-thumbnail","7":"category-turismo"},"_links":{"self":[{"href":"https:\/\/radiobitacora.com.ar\/web\/wp-json\/wp\/v2\/posts\/19451","targetHints":{"allow":["GET"]}}],"collection":[{"href":"https:\/\/radiobitacora.com.ar\/web\/wp-json\/wp\/v2\/posts"}],"about":[{"href":"https:\/\/radiobitacora.com.ar\/web\/wp-json\/wp\/v2\/types\/post"}],"author":[{"embeddable":true,"href":"https:\/\/radiobitacora.com.ar\/web\/wp-json\/wp\/v2\/users\/2"}],"replies":[{"embeddable":true,"href":"https:\/\/radiobitacora.com.ar\/web\/wp-json\/wp\/v2\/comments?post=19451"}],"version-history":[{"count":0,"href":"https:\/\/radiobitacora.com.ar\/web\/wp-json\/wp\/v2\/posts\/19451\/revisions"}],"wp:featuredmedia":[{"embeddable":true,"href":"https:\/\/radiobitacora.com.ar\/web\/wp-json\/wp\/v2\/media\/19452"}],"wp:attachment":[{"href":"https:\/\/radiobitacora.com.ar\/web\/wp-json\/wp\/v2\/media?parent=19451"}],"wp:term":[{"taxonomy":"category","embeddable":true,"href":"https:\/\/radiobitacora.com.ar\/web\/wp-json\/wp\/v2\/categories?post=19451"},{"taxonomy":"post_tag","embeddable":true,"href":"https:\/\/radiobitacora.com.ar\/web\/wp-json\/wp\/v2\/tags?post=19451"}],"curies":[{"name":"wp","href":"https:\/\/api.w.org\/{rel}","templated":true}]}}