{"id":19458,"date":"2023-10-17T08:58:02","date_gmt":"2023-10-17T11:58:02","guid":{"rendered":"https:\/\/radiobitacora.com.ar\/web\/?p=19458"},"modified":"2023-10-17T08:58:02","modified_gmt":"2023-10-17T11:58:02","slug":"comicios-con-la-carga-de-urnas-alistan-su-traslado-a-las-comunas","status":"publish","type":"post","link":"https:\/\/radiobitacora.com.ar\/web\/2023\/10\/17\/comicios-con-la-carga-de-urnas-alistan-su-traslado-a-las-comunas\/","title":{"rendered":"Comicios: con la carga de urnas alistan su traslado a las comunas"},"content":{"rendered":"<p>Ante las elecciones nacionales y municipales (en Corrientes se vota a concejales en ocho localidades) del 22 de octubre, la Junta Electoral Nacional y de la Provincia trabajan en la carga de urnas, las cuales ser\u00e1n trasladadas a las localidades del interior provincial desde el mi\u00e9rcoles y el s\u00e1bado le tocar\u00e1 a Capital.<\/p>\n<p>El domingo 22 de octubre, el pa\u00eds elige Presidente y Vicepresidente de la Naci\u00f3n, legisladores nacionales (4 diputados nacionales por Corrientes), Parlamentario del Mercosur y en Corrientes se eligen 36 concejales en ocho comunas (Bonpland, Esquina, Felipe Yofre, Mercedes, Paso de los Libres, Santa Luc\u00eda, San Roque y Gobernador Virasoro, en esta \u00faltima comuna tambi\u00e9n se elige un Defensor del Pueblo).<\/p>\n<p>En este marco, a menos de una semana de los comicios, en el ex Regimiento 9 se avanza con toda la log\u00edstica electoral tras la inscripci\u00f3n de alianzas, candidatos y audiencia y aprobaci\u00f3n de boletas, ahora se est\u00e1 terminando de cargar las urnas para que posteriormente ser\u00e1n trasladadas a las comunas y el s\u00e1bado ser\u00e1n distribuidas en la ciudad de Corrientes.<\/p>\n<p>Cuatro de las cinco f\u00f3rmulas presidenciales cuentan con representantes y candidatos en Corrientes. Juntos por el Cambio (JxC) que apuesta a la ex Ministra de Seguridad, Patricia Bullrich como Presidente de la Naci\u00f3n; Uni\u00f3n por la Patria (UP) que lleva como candidato presidencial al actual Ministro de Econom\u00eda nacional, Sergio Massa, La Libertad Avanza (LLA) que postula al actual Diputado Nacional, Javier Milei y Hacemos que propone al gobernador de C\u00f3rdoba, Juan Schiaretti.<\/p>\n<div class=\"container_publi\" data-tipo=\"tipo_desktop \" data-pos=\"AMP_P1_cuerpo\"><\/div>\n<p>En lo que respecta a las elecciones comunales, las alianzas JxC, UP, y LLA presentaron grilla de candidatos propios en los ocho municipios que eligen 36 concejales. En tanto Hacemos, en algunas localidades compite integrando las grillas de Uni\u00f3n por la Patria, mientras que en otras comunas propusieron sus candidatos.<\/p>\n<p>En Corrientes est\u00e1n habilitados para votar 933.876 electores, luego de un crecimiento del volumen electoral del 4,42 por ciento en comparaci\u00f3n a las elecciones Paso del 2021 de acuerdo a los datos de la C\u00e1mara Nacional Electoral. Representa el 2,64 por ciento del padr\u00f3n a nivel pa\u00eds y encabeza el ranking del NEA.<\/p>\n<p>Tambi\u00e9n desde la Junta Electoral dictar\u00e1n una capacitaci\u00f3n masiva para los presidentes de mesa y fiscales el 20 de octubre en la Facultad de Derecho de la Unne. Con un nuevo formulario de escrutinio consensuado por las alianzas de Corrientes que compiten en la contienda electoral y a fin de que no se repitan los inconvenientes que se produjeron durante las Elecciones Primarias, Abiertas, Simult\u00e1neas y Obligatorias (Paso).<\/p>\n<p>Vale se\u00f1alar que la C\u00e1mara Nacional Electoral habilit\u00f3 un sitio web donde los ciudadanos pueden consultar d\u00f3nde votar. Los interesados en conocer la escuela y la mesa donde deben emitir su voto deben ingresar a www.padron.gob.ar, donde cada elector debe introducir su n\u00famero de documento, g\u00e9nero, distrito donde vota e ingresar un c\u00f3digo verificador. A continuaci\u00f3n, se obtendr\u00e1n los datos necesarios para el momento del sufragio: la direcci\u00f3n del establecimiento de votaci\u00f3n, el n\u00famero de mesa y de orden.<\/p>\n","protected":false},"excerpt":{"rendered":"<p>Ante las elecciones nacionales y municipales (en Corrientes se vota a concejales en ocho localidades) del 22 de octubre, la Junta Electoral Nacional y de la Provincia trabajan en la carga de urnas, las cuales ser\u00e1n trasladadas a las localidades del interior provincial desde el mi\u00e9rcoles y el s\u00e1bado le tocar\u00e1 a Capital. El domingo [&hellip;]<\/p>\n","protected":false},"author":2,"featured_media":19459,"comment_status":"closed","ping_status":"closed","sticky":false,"template":"","format":"standard","meta":{"footnotes":""},"categories":[79],"tags":[],"class_list":{"0":"post-19458","1":"post","2":"type-post","3":"status-publish","4":"format-standard","5":"has-post-thumbnail","7":"category-politica"},"_links":{"self":[{"href":"https:\/\/radiobitacora.com.ar\/web\/wp-json\/wp\/v2\/posts\/19458","targetHints":{"allow":["GET"]}}],"collection":[{"href":"https:\/\/radiobitacora.com.ar\/web\/wp-json\/wp\/v2\/posts"}],"about":[{"href":"https:\/\/radiobitacora.com.ar\/web\/wp-json\/wp\/v2\/types\/post"}],"author":[{"embeddable":true,"href":"https:\/\/radiobitacora.com.ar\/web\/wp-json\/wp\/v2\/users\/2"}],"replies":[{"embeddable":true,"href":"https:\/\/radiobitacora.com.ar\/web\/wp-json\/wp\/v2\/comments?post=19458"}],"version-history":[{"count":0,"href":"https:\/\/radiobitacora.com.ar\/web\/wp-json\/wp\/v2\/posts\/19458\/revisions"}],"wp:featuredmedia":[{"embeddable":true,"href":"https:\/\/radiobitacora.com.ar\/web\/wp-json\/wp\/v2\/media\/19459"}],"wp:attachment":[{"href":"https:\/\/radiobitacora.com.ar\/web\/wp-json\/wp\/v2\/media?parent=19458"}],"wp:term":[{"taxonomy":"category","embeddable":true,"href":"https:\/\/radiobitacora.com.ar\/web\/wp-json\/wp\/v2\/categories?post=19458"},{"taxonomy":"post_tag","embeddable":true,"href":"https:\/\/radiobitacora.com.ar\/web\/wp-json\/wp\/v2\/tags?post=19458"}],"curies":[{"name":"wp","href":"https:\/\/api.w.org\/{rel}","templated":true}]}}