{"id":19496,"date":"2023-10-23T08:19:46","date_gmt":"2023-10-23T11:19:46","guid":{"rendered":"https:\/\/radiobitacora.com.ar\/web\/?p=19496"},"modified":"2023-10-23T08:19:46","modified_gmt":"2023-10-23T11:19:46","slug":"vuelve-pocho-nuevo-legislador-del-parlasur","status":"publish","type":"post","link":"https:\/\/radiobitacora.com.ar\/web\/2023\/10\/23\/vuelve-pocho-nuevo-legislador-del-parlasur\/","title":{"rendered":"Vuelve Pocho: nuevo legislador del Parlasur"},"content":{"rendered":"<p>Jos\u00e9 Antonio \u201cPocho\u201d Romero Feris volver\u00e1 a ocupar un cargo legislativo nacional despu\u00e9s de 22 a\u00f1os. El exgobernador de Corrientes, resistido y visto de reojo por la alianza que conform\u00f3 con el gobernador de C\u00f3rdoba, Juan Schiarretti, logr\u00f3 este domingo m\u00e1s de 1.600.000 votos en todo el pa\u00eds para quedarse con una banca nacional para el Parlasur.<\/p>\n<p>\u201cSiempre dije que el objetivo de esta alianza fue poner fin a la grieta, anteponer el di\u00e1logo a cualquier diferencia para dejar de lado la grieta. Lo dije siempre y agradezco a todos los que nos acompa\u00f1aron, los que trabajaron para este proyecto. Gracias a Schiaretti por la confianza y por creer en este proyecto. Esta alianza es una opci\u00f3n para la construcci\u00f3n de un pa\u00eds mejor. Estamos aqu\u00ed para servir a la patria\u201d, dijo el legislador electo a El Litoral.<\/p>\n<p>Pocho dej\u00f3 la senadur\u00eda nacional en 2001, desde entonces ning\u00fan autonomista ha logrado ocupar un cargo legislativo nacional. El correntino logr\u00f3 1.684.443 de votos en todo el pa\u00eds y 18.178 en Corrientes, guarismos que el Partido Autonomista no hab\u00eda logrado desde hac\u00eda m\u00e1s de 3 d\u00e9cadas.<\/p>\n<p>Teresa Parodi, electa<\/p>\n<p>La cantautora Teresa Parodi, que lider\u00f3 la grilla de Uni\u00f3n por la Patria, es otra correntina que fue electa para al Parlasur.<\/p>\n<div class=\"container_publi\" data-tipo=\"tipo_desktop \" data-pos=\"AMP_P1_cuerpo\">\n<div class=\"gpt-load\" data-gpt=\"\/88617873\/nota\/AMP_cuerpo_x\" data-size=\"[750,300]\"><\/div>\n<\/div>\n<p>Uni\u00f3n por la Patria logr\u00f3 el 36,25% de los votos, es decir 9.126.810 y se llev\u00f3 siete legisladores.<\/p>\n<p>La Libertad Avanza obtuvo 7.338.174 de sufragios, es decir el 29,14% y logr\u00f3 seis legisladores. Juntos por el Cambio, en tanto, se alz\u00f3 con 6.240.091 votos y logr\u00f3 5 legisladores de un total de 19.<\/p>\n<p>La \u00faltima banca fue para Pocho Romero Feris que vuelve a ocupar un cargo p\u00fablico despu\u00e9s de 22 a\u00f1os.<\/p>\n","protected":false},"excerpt":{"rendered":"<p>Jos\u00e9 Antonio \u201cPocho\u201d Romero Feris volver\u00e1 a ocupar un cargo legislativo nacional despu\u00e9s de 22 a\u00f1os. El exgobernador de Corrientes, resistido y visto de reojo por la alianza que conform\u00f3 con el gobernador de C\u00f3rdoba, Juan Schiarretti, logr\u00f3 este domingo m\u00e1s de 1.600.000 votos en todo el pa\u00eds para quedarse con una banca nacional para [&hellip;]<\/p>\n","protected":false},"author":2,"featured_media":19497,"comment_status":"closed","ping_status":"closed","sticky":false,"template":"","format":"standard","meta":{"footnotes":""},"categories":[79],"tags":[],"class_list":{"0":"post-19496","1":"post","2":"type-post","3":"status-publish","4":"format-standard","5":"has-post-thumbnail","7":"category-politica"},"_links":{"self":[{"href":"https:\/\/radiobitacora.com.ar\/web\/wp-json\/wp\/v2\/posts\/19496","targetHints":{"allow":["GET"]}}],"collection":[{"href":"https:\/\/radiobitacora.com.ar\/web\/wp-json\/wp\/v2\/posts"}],"about":[{"href":"https:\/\/radiobitacora.com.ar\/web\/wp-json\/wp\/v2\/types\/post"}],"author":[{"embeddable":true,"href":"https:\/\/radiobitacora.com.ar\/web\/wp-json\/wp\/v2\/users\/2"}],"replies":[{"embeddable":true,"href":"https:\/\/radiobitacora.com.ar\/web\/wp-json\/wp\/v2\/comments?post=19496"}],"version-history":[{"count":0,"href":"https:\/\/radiobitacora.com.ar\/web\/wp-json\/wp\/v2\/posts\/19496\/revisions"}],"wp:featuredmedia":[{"embeddable":true,"href":"https:\/\/radiobitacora.com.ar\/web\/wp-json\/wp\/v2\/media\/19497"}],"wp:attachment":[{"href":"https:\/\/radiobitacora.com.ar\/web\/wp-json\/wp\/v2\/media?parent=19496"}],"wp:term":[{"taxonomy":"category","embeddable":true,"href":"https:\/\/radiobitacora.com.ar\/web\/wp-json\/wp\/v2\/categories?post=19496"},{"taxonomy":"post_tag","embeddable":true,"href":"https:\/\/radiobitacora.com.ar\/web\/wp-json\/wp\/v2\/tags?post=19496"}],"curies":[{"name":"wp","href":"https:\/\/api.w.org\/{rel}","templated":true}]}}