{"id":19503,"date":"2023-10-23T08:24:52","date_gmt":"2023-10-23T11:24:52","guid":{"rendered":"https:\/\/radiobitacora.com.ar\/web\/?p=19503"},"modified":"2023-10-23T08:24:52","modified_gmt":"2023-10-23T11:24:52","slug":"canteros-esta-oportunidad-es-historica-para-lograr-con-massa-un-gobierno-de-unidad","status":"publish","type":"post","link":"https:\/\/radiobitacora.com.ar\/web\/2023\/10\/23\/canteros-esta-oportunidad-es-historica-para-lograr-con-massa-un-gobierno-de-unidad\/","title":{"rendered":"Canteros: &#8220;Esta oportunidad es hist\u00f3rica para lograr con Massa un gobierno de unidad&#8221;"},"content":{"rendered":"<p>Gustavo Canteros, consejero correntino de la Entidad Binacional Yacyret\u00e1, y referente del bloque de partidos que integran la alianza Uni\u00f3n por la Patria celebr\u00f3 la expresi\u00f3n libre y democr\u00e1tica de los 30 millones de argentinos que concurrieron a votar. Felicit\u00f3 a Sergio Massa y Agust\u00edn Rossi por el contundente triunfo y convoc\u00f3 a todos los ciudadanos a dejar de lado las diferencias y sumarse al gobierno de unidad que se promueve desde Uni\u00f3n por la Patria.<\/p>\n<p>&#8220;Lo sucedido es una gran demostraci\u00f3n de madurez democr\u00e1tica. Es momento de dejar de lado las diferencias y superar la crisis en la que desde hace a\u00f1os estamos inmersos como pueblo. Massa representa la posibilidad de revalidar todo por lo que esta\u00a0Naci\u00f3n ha luchado desde sus inicios&#8221;, dijo Canteros.<\/p>\n<p>&#8220;El excelente resultado de Massa nos abre las puertas de una oportunidad hist\u00f3rica\u00a0para la construcci\u00f3n de un gobierno de unidad, para dejar atr\u00e1s la grieta y avanzar en un proyecto nacional de desarrollo y crecimiento, que incluya a todos y nos permita dejar al pa\u00eds en el lugar que se merece&#8221;, agreg\u00f3.<\/p>\n<p>&#8220;El 19 de noviembre, en la segunda vuelta, no debemos dejar dudas de lo que hoy se ha logrado. Debemos afianzar este camino de unidad, trabajo y amor por la patria. El resultado solo genera m\u00e1s compromiso y trabajo para el balotaje. Doblegaremos los esfuerzos y convocaremos a otros espacios pol\u00edticos para afianzar este proyecto de unidad nacional de Sergio Massa&#8221;.<\/p>\n<div class=\"container_publi\" data-tipo=\"tipo_desktop \" data-pos=\"AMP_P1_cuerpo\">\n<div class=\"gpt-load\" data-gpt=\"\/88617873\/nota\/AMP_cuerpo_x\" data-size=\"[750,300]\"><\/div>\n<\/div>\n<p>&#8220;El modelo de pa\u00eds que representa Massa en cuanto a la dignidad de la gente, la defensa de la educaci\u00f3n y la salud p\u00fablica, fue la gran diferencia con los dem\u00e1s candidatos. Ahora hay que sumar a m\u00e1s argentinos al proyecto de Massa&#8221;.<\/p>\n<p>El armado electoral que el dirigente Canteros sum\u00f3 a Uni\u00f3n por la Patria est\u00e1 conformado por las fuerzas: Partido Nuevo Pa\u00eds; Partido Federal; Proyecto Corrientes; Proyecto Popular\u00a0y Compromiso Correntino.<\/p>\n<p>&#8220;Solo me resta agradecer a la ciudadan\u00eda que conf\u00edo en nosotros y agradecer tambi\u00e9n a cada uno de los dirigentes y militantes de las fuerzas que forman parte de este armado electoral que apoy\u00f3 la decisi\u00f3n de trabajar para un pa\u00eds y una Corrientes mejor &#8220;, concluy\u00f3.<\/p>\n","protected":false},"excerpt":{"rendered":"<p>Gustavo Canteros, consejero correntino de la Entidad Binacional Yacyret\u00e1, y referente del bloque de partidos que integran la alianza Uni\u00f3n por la Patria celebr\u00f3 la expresi\u00f3n libre y democr\u00e1tica de los 30 millones de argentinos que concurrieron a votar. Felicit\u00f3 a Sergio Massa y Agust\u00edn Rossi por el contundente triunfo y convoc\u00f3 a todos los [&hellip;]<\/p>\n","protected":false},"author":2,"featured_media":19504,"comment_status":"closed","ping_status":"closed","sticky":false,"template":"","format":"standard","meta":{"footnotes":""},"categories":[79],"tags":[],"class_list":{"0":"post-19503","1":"post","2":"type-post","3":"status-publish","4":"format-standard","5":"has-post-thumbnail","7":"category-politica"},"_links":{"self":[{"href":"https:\/\/radiobitacora.com.ar\/web\/wp-json\/wp\/v2\/posts\/19503","targetHints":{"allow":["GET"]}}],"collection":[{"href":"https:\/\/radiobitacora.com.ar\/web\/wp-json\/wp\/v2\/posts"}],"about":[{"href":"https:\/\/radiobitacora.com.ar\/web\/wp-json\/wp\/v2\/types\/post"}],"author":[{"embeddable":true,"href":"https:\/\/radiobitacora.com.ar\/web\/wp-json\/wp\/v2\/users\/2"}],"replies":[{"embeddable":true,"href":"https:\/\/radiobitacora.com.ar\/web\/wp-json\/wp\/v2\/comments?post=19503"}],"version-history":[{"count":0,"href":"https:\/\/radiobitacora.com.ar\/web\/wp-json\/wp\/v2\/posts\/19503\/revisions"}],"wp:featuredmedia":[{"embeddable":true,"href":"https:\/\/radiobitacora.com.ar\/web\/wp-json\/wp\/v2\/media\/19504"}],"wp:attachment":[{"href":"https:\/\/radiobitacora.com.ar\/web\/wp-json\/wp\/v2\/media?parent=19503"}],"wp:term":[{"taxonomy":"category","embeddable":true,"href":"https:\/\/radiobitacora.com.ar\/web\/wp-json\/wp\/v2\/categories?post=19503"},{"taxonomy":"post_tag","embeddable":true,"href":"https:\/\/radiobitacora.com.ar\/web\/wp-json\/wp\/v2\/tags?post=19503"}],"curies":[{"name":"wp","href":"https:\/\/api.w.org\/{rel}","templated":true}]}}