{"id":19509,"date":"2023-10-23T08:36:04","date_gmt":"2023-10-23T11:36:04","guid":{"rendered":"https:\/\/radiobitacora.com.ar\/web\/?p=19509"},"modified":"2023-10-23T08:36:04","modified_gmt":"2023-10-23T11:36:04","slug":"otro-cambio-politico-vertiginoso-camino-al-balotaje-massa-primero-y-afirmado-en-el-pj-golpe-para-milei-y-crisis-en-jxc","status":"publish","type":"post","link":"https:\/\/radiobitacora.com.ar\/web\/2023\/10\/23\/otro-cambio-politico-vertiginoso-camino-al-balotaje-massa-primero-y-afirmado-en-el-pj-golpe-para-milei-y-crisis-en-jxc\/","title":{"rendered":"Otro cambio pol\u00edtico vertiginoso, camino al balotaje: Massa primero y afirmado en el PJ, golpe para Milei y crisis en JxC"},"content":{"rendered":"<p class=\"paragraph\" data-mrf-recirculation=\"Links inline\">Result\u00f3 una\u00a0<b>sorpresa<\/b>, sobre todo dando por buena la construcci\u00f3n del\u00a0<b>clima previo<\/b>\u00a0a la apertura de las urnas, con arrastre medi\u00e1tico del efecto PASO y la tonelada de encuestas que volvieron a circular. A contramano de ese cuadro, persistente desde agosto, y en medio de la crisis,\u00a0<b>Sergio Massa<\/b>\u00a0logr\u00f3 ganar la primera vuelta y releg\u00f3 a\u00a0<b>Javier Milei<\/b>, que se mov\u00eda como oferta imbatible. Eso hizo\u00a0<b>m\u00e1s sonoro<\/b>\u00a0el resultado. Y de inmediato, los dos\u00a0<b>se lanzaron sobre el voto de Juntos por el Cambio,\u00a0<\/b>sacudido por la derrota. Fue apenas despu\u00e9s de que\u00a0<b>Patricia Bullrich\u00a0<\/b>intentara dar una se\u00f1al de cohesi\u00f3n en la ca\u00edda, algo que en el\u00a0<b>peor momento<\/b>\u00a0de la coalici\u00f3n opositora asom\u00f3 como reconocimiento del\u00a0<b>peligro de ruptura<\/b>.<\/p>\n<p class=\"paragraph\" data-mrf-recirculation=\"Links inline\">Massa consolid\u00f3 el voto propio de las primarias y le a\u00f1adi\u00f3 varios puntos, para redondear\u00a0<b>algo m\u00e1s del 36% de los votos<\/b>. Est\u00e1 lejos de los mejores resultados del peronismo, aunque resulta\u00a0<b>llamativo<\/b>\u00a0en un grave cuadro econ\u00f3mico y social, y en el contexto del esc\u00e1ndalo de\u00a0<b>Mart\u00edn Insaurralde<\/b>\u00a0y del\u00a0<b>caso \u201cChocolate\u201d<\/b>, que expusieron el tema de la\u00a0<b>corrupci\u00f3n sist\u00e9mica en la pol\u00edtica bonaerense<\/b>. El oficialismo se impuso con comodidad en la provincia &#8211;<b>Axel Kicillof<\/b>\u00a0roz\u00f3 el 45%- y tambi\u00e9n en Lomas de Zamora.\u00a0<b>Otra se\u00f1al del domingo de elecciones<\/b>.<\/p>\n<p class=\"paragraph\" data-mrf-recirculation=\"Links inline\">El candidato de UxP arm\u00f3 en la campa\u00f1a y lo expuso en la celebraci\u00f3n de anoche un discurso propio y una puesta en escena que apuntaron a exhibir la promesa de una etapa diferente a la de\u00a0<b>Alberto Fern\u00e1ndez<\/b>, aun en su condici\u00f3n de ministro de Econom\u00eda. En esa direcci\u00f3n colabor\u00f3 el silencio de\u00a0<b>Cristina Fern\u00e1ndez de Kirchner,\u00a0<\/b>que dedic\u00f3 una breve reaparici\u00f3n, despu\u00e9s de votar, para\u00a0<b>una \u00faltima estocada al Presidente<\/b>. Ese juego de Massa fue un factor de peso, dif\u00edcil de medir, que todo indica\u00a0<b>ser\u00e1 profundizado<\/b>\u00a0en busca del voto para la disputa del 19 de noviembre.<\/p>\n<p class=\"paragraph\" data-mrf-recirculation=\"Links inline\">No fue lo \u00fanico. El frente oficialista apost\u00f3 a mostrar un remedio de\u00a0<b>contenci\u00f3n<\/b>\u00a0frente al precipicio de la crisis -una especie de reacci\u00f3n conservadora- por encima de\u00a0<b>responsabilidades propias<\/b>. Se trat\u00f3 de alimentar\u00a0<b>el \u201ctemor\u201d a Milei<\/b>, en lugar de una competencia general con la oposici\u00f3n, relegando de paso a Bullrich. Pero adem\u00e1s, qued\u00f3 expuesto\u00a0<b>el peso de las estructuras del PJ:\u00a0<\/b>jefes provinciales, intendentes, el grueso de la CGT y algunos de los movimientos sociales. Fue\u00a0<b>notoria<\/b>\u00a0la remontada en el\u00a0<b>Gran Buenos Aires y la mayor\u00eda de las provincias en sus manos<\/b>, particularmente las del \u201cNorte Grande\u201d. A diferencia de las primarias, no hab\u00eda margen para gestos al libertario.<\/p>\n<p class=\"paragraph\" data-mrf-recirculation=\"Links inline\">En Buenos Aires, hubo coincidencia de intereses con el kirchnerismo duro. Para el c\u00edrculo de CFK, siempre fue el\u00a0<b>objetivo estrat\u00e9gico<\/b>, m\u00e1s all\u00e1 de las tensiones y disputas entre Kicillof, figura destacada en el festejo oficialista, y\u00a0<b>M\u00e1ximo Kirchner<\/b>. La versi\u00f3n m\u00e1s allegada a La C\u00e1mpora\u00a0<b>se asegur\u00f3 su n\u00facleo duro<\/b>\u00a0en las c\u00e1maras de Diputados y Senadores nacionales. Es otro tema\u00a0<b>para lo que viene en el peronismo<\/b>.<\/p>\n<p class=\"paragraph\" data-mrf-recirculation=\"Links inline\">El crecimiento de UxP entre las PASO y la primera vuelta fue acompa\u00f1ado por los resultados de LLA y JxC. Ese\u00a0<b>despliegue y trabajo de las estructuras del PJ tradicional<\/b>, sobre todo en el plano territorial,\u00a0<b>contuvo y redujo<\/b>\u00a0lo que se supon\u00eda un crecimiento de Milei, que hab\u00eda tenido resultados<b>\u00a0particularmente llamativos\u00a0<\/b>en distritos dominados por el peronismo.\u00a0<b>No se le regal\u00f3 ni se facilit\u00f3 nada esta vez<\/b>. Y es posible que, en escala nacional, la apuesta frente a la hip\u00f3tesis de un triunfo del libertario haya atra\u00eddo\u00a0<b>voto \u201c\u00fatil\u201d<\/b>\u00a0de alguna l\u00ednea m\u00e1s o menos atada a JxC. Colaboraron seguramente\u00a0<b>las idas y vueltas de Milei<\/b>\u00a0en temas sensibles como la dolarizaci\u00f3n, adem\u00e1s de\u00a0<b>la falta de sustento pol\u00edtico real<\/b>\u00a0-gobernadores, legisladores- combinados con un discurso\u00a0<b>cerrado y hasta fan\u00e1tico<\/b>.<\/p>\n<div class=\"visual__image\"><img loading=\"lazy\" decoding=\"async\" class=\" lazyload\" src=\"https:\/\/www.infobae.com\/new-resizer\/lEs0ynzKmeO26fNDkTXJnm4v6W8=\/arc-anglerfish-arc2-prod-infobae\/public\/FVATPPL5QFH6FOVG7BJXYIPQCE.jpg\" sizes=\"auto, (min-width: 800px) 50vw, 90vw\" srcset=\"https:\/\/www.infobae.com\/new-resizer\/zXhPGWYuEjYNl8xpqcbwl4fD9Pg=\/420x280\/filters:format(webp):quality(85)\/cloudfront-us-east-1.images.arcpublishing.com\/infobae\/FVATPPL5QFH6FOVG7BJXYIPQCE.jpg 420w,https:\/\/www.infobae.com\/new-resizer\/-sF0ZmsS5yUpWYIn3_1VqpOc_uE=\/768x512\/filters:format(webp):quality(85)\/cloudfront-us-east-1.images.arcpublishing.com\/infobae\/FVATPPL5QFH6FOVG7BJXYIPQCE.jpg 768w,https:\/\/www.infobae.com\/new-resizer\/yXMIMsadpD200UjAoVQYWE9auLQ=\/992x661\/filters:format(webp):quality(85)\/cloudfront-us-east-1.images.arcpublishing.com\/infobae\/FVATPPL5QFH6FOVG7BJXYIPQCE.jpg 992w,https:\/\/www.infobae.com\/new-resizer\/49ocAf60zNgpabkhMrFsYiwCi9E=\/1200x800\/filters:format(webp):quality(85)\/cloudfront-us-east-1.images.arcpublishing.com\/infobae\/FVATPPL5QFH6FOVG7BJXYIPQCE.jpg 1200w,https:\/\/www.infobae.com\/new-resizer\/13iFBLBoAIuofbecTPErCA9OgXk=\/1440x960\/filters:format(webp):quality(85)\/cloudfront-us-east-1.images.arcpublishing.com\/infobae\/FVATPPL5QFH6FOVG7BJXYIPQCE.jpg 1440w\" alt=\"Patricia Bullrich, en la noche de derrota. Intent\u00f3 mostrar cohesi\u00f3n frente a las renovadas tensiones internas\" width=\"3584\" height=\"2484\" data-src=\"https:\/\/www.infobae.com\/new-resizer\/lEs0ynzKmeO26fNDkTXJnm4v6W8=\/arc-anglerfish-arc2-prod-infobae\/public\/FVATPPL5QFH6FOVG7BJXYIPQCE.jpg\" \/>Patricia Bullrich, en la noche de derrota. Intent\u00f3 mostrar cohesi\u00f3n frente a las renovadas tensiones internas<\/div>\n<p class=\"paragraph\" data-mrf-recirculation=\"Links inline\">Como era previsible, Massa sali\u00f3 a trabajar sobre ese terreno en su primer discurso camino al balotaje. Anoche mismo, reiter\u00f3 su consigna de\u00a0<b>un \u201cgobierno de unidad\u201d<\/b>\u00a0para el caso de llega a la presidencia, una convocatoria no a coaliciones o partidos, sino a\u00a0<b>integrantes individuales de otros espacios<\/b>. El planteo gen\u00e9rico incluy\u00f3 desde\u00a0<b>Juan Schiaretti<\/b>\u00a0hasta la izquierda, pero\u00a0<b>el foco central fue puesto en el radicalismo<\/b>. Todo planteado como un corte casi exclusivo con Milei.<\/p>\n<p class=\"paragraph\" data-mrf-recirculation=\"Links inline\">Apenas unos minutos antes del discurso de Massa, el candidato libertario\u00a0<b>hab\u00eda apuntado desde otra perspectiva sobre el electorado de JxC<\/b>. Milei habl\u00f3 de los\u00a0<b>\u201cdos tercios\u201d<\/b>\u00a0de voto opositor, propuso dar por cerrada la disputa -con cruces muy duros en el tramo final de campa\u00f1a- y armar\u00a0<b>una especie de acuerdo para \u201cterminar con el kirchnerismo\u201d<\/b>.<\/p>\n<p class=\"paragraph\" data-mrf-recirculation=\"Links inline\">Las primeras jugadas en el tablero para el balotaje fueron\u00a0<b>previsibles<\/b>. Lo dicho: Massa con puentes hacia el radicalismo y Milei con llamado a los duros de JxC, en especial del PRO. En JxC, ese escenario que reclama de hecho definiciones para la segunda vuelta se combina, al mismo tiempo,\u00a0<b>con malestares conocidos y cruces por las responsabilidades de la derrota<\/b>. Hacia adelante,\u00a0<b>definir\u00eda adem\u00e1s la suerte de la coalici\u00f3n<\/b>.<\/p>\n<p class=\"paragraph\" data-mrf-recirculation=\"Links inline\">Por lo pronto, se ver\u00e1 si existe alg\u00fan tipo de definici\u00f3n conjunta o una especie de libertad de acci\u00f3n para la elecci\u00f3n de noviembre, m\u00e1s all\u00e1 de que parece claro que los votos\u00a0<b>no responden mec\u00e1nicamente a los gestos de los principales dirigentes<\/b>. Eso gravita doblemente: en la perspectiva que supondr\u00eda\u00a0<b>la rediscusi\u00f3n entre los principales socios de la coalici\u00f3n<\/b>\u00a0y, a la vez,\u00a0<b>en el interior del PRO y la UCR<\/b>.<\/p>\n<p class=\"paragraph\" data-mrf-recirculation=\"Links inline\">JxC enfrenta as\u00ed\u00a0<b>un desaf\u00edo llamativo<\/b>. A pesar de los resultados de ayer, con\u00a0<b>ca\u00edda<\/b>\u00a0en los bloques de diputados y senadores nacionales, mantiene un n\u00famero<b>\u00a0nada desde\u00f1able<\/b>\u00a0de bancas.\u00a0<b>Y sufre la peor ca\u00edda electoral de su historia cuando logra su mayor peso territorial<\/b>. El radicalismo suma ahora cinco provincias (<b>Santa Fe, Mendoza, Jujuy, Chaco y Corrientes<\/b>) y el PRO qued\u00f3 ayer a un paso de retener la\u00a0<b>Ciudad de Buenos Aires<\/b>, gan\u00f3 en\u00a0<b>Entre R\u00edos<\/b>\u00a0y ya hab\u00eda logrado triunfos en\u00a0<b>San Juan, San Luis y Chubut<\/b>.<\/p>\n<p class=\"paragraph\" data-mrf-recirculation=\"Links inline\">En ese contexto, quedaron da\u00f1ados en este lago camino nacional varias de sus principales figuras, desde\u00a0<b>Mauricio Macri<\/b>\u00a0y\u00a0<b>Horacio Rodr\u00edguez Larreta<\/b>, adem\u00e1s de Bullrich, hasta\u00a0<b>Gerardo Morales<\/b>\u00a0y\u00a0<b>Mart\u00edn Lousteau<\/b>. Tiene tambi\u00e9n, en el PRO y en la UCR,\u00a0<b>figuras emergentes, en especial gobernadores electos<\/b>. Se ver\u00e1 entonces si la interna -que ya factur\u00f3 algunos de sus costos en estas elecciones- y la urgencia del balotaje\u00a0<b>rompen o no la cuerda de la coalici\u00f3n<\/b>.<\/p>\n<p class=\"paragraph\" data-mrf-recirculation=\"Links inline\">Ese mismo v\u00e9rtigo de lo que viene y los reacomodamientos de campa\u00f1a corren el foco a la disputa entre Massa y Milei para llegar a la mitad m\u00e1s uno de los votos. En el medio,\u00a0<b>parecen quedar en lugar secundario esc\u00e1ndalos de corrupci\u00f3n o consignas temerarias<\/b>. En menos de un mes, se volver\u00e1 a votar.<\/p>\n","protected":false},"excerpt":{"rendered":"<p>Result\u00f3 una\u00a0sorpresa, sobre todo dando por buena la construcci\u00f3n del\u00a0clima previo\u00a0a la apertura de las urnas, con arrastre medi\u00e1tico del efecto PASO y la tonelada de encuestas que volvieron a circular. A contramano de ese cuadro, persistente desde agosto, y en medio de la crisis,\u00a0Sergio Massa\u00a0logr\u00f3 ganar la primera vuelta y releg\u00f3 a\u00a0Javier Milei, que [&hellip;]<\/p>\n","protected":false},"author":2,"featured_media":19510,"comment_status":"closed","ping_status":"closed","sticky":false,"template":"","format":"standard","meta":{"footnotes":""},"categories":[79],"tags":[],"class_list":{"0":"post-19509","1":"post","2":"type-post","3":"status-publish","4":"format-standard","5":"has-post-thumbnail","7":"category-politica"},"_links":{"self":[{"href":"https:\/\/radiobitacora.com.ar\/web\/wp-json\/wp\/v2\/posts\/19509","targetHints":{"allow":["GET"]}}],"collection":[{"href":"https:\/\/radiobitacora.com.ar\/web\/wp-json\/wp\/v2\/posts"}],"about":[{"href":"https:\/\/radiobitacora.com.ar\/web\/wp-json\/wp\/v2\/types\/post"}],"author":[{"embeddable":true,"href":"https:\/\/radiobitacora.com.ar\/web\/wp-json\/wp\/v2\/users\/2"}],"replies":[{"embeddable":true,"href":"https:\/\/radiobitacora.com.ar\/web\/wp-json\/wp\/v2\/comments?post=19509"}],"version-history":[{"count":0,"href":"https:\/\/radiobitacora.com.ar\/web\/wp-json\/wp\/v2\/posts\/19509\/revisions"}],"wp:featuredmedia":[{"embeddable":true,"href":"https:\/\/radiobitacora.com.ar\/web\/wp-json\/wp\/v2\/media\/19510"}],"wp:attachment":[{"href":"https:\/\/radiobitacora.com.ar\/web\/wp-json\/wp\/v2\/media?parent=19509"}],"wp:term":[{"taxonomy":"category","embeddable":true,"href":"https:\/\/radiobitacora.com.ar\/web\/wp-json\/wp\/v2\/categories?post=19509"},{"taxonomy":"post_tag","embeddable":true,"href":"https:\/\/radiobitacora.com.ar\/web\/wp-json\/wp\/v2\/tags?post=19509"}],"curies":[{"name":"wp","href":"https:\/\/api.w.org\/{rel}","templated":true}]}}