{"id":19533,"date":"2023-10-30T07:43:19","date_gmt":"2023-10-30T10:43:19","guid":{"rendered":"https:\/\/radiobitacora.com.ar\/web\/?p=19533"},"modified":"2023-10-30T07:43:19","modified_gmt":"2023-10-30T10:43:19","slug":"alerta-naranja-por-fuertes-tormentas-en-corrientes","status":"publish","type":"post","link":"https:\/\/radiobitacora.com.ar\/web\/2023\/10\/30\/alerta-naranja-por-fuertes-tormentas-en-corrientes\/","title":{"rendered":"Alerta naranja por fuertes tormentas en Corrientes"},"content":{"rendered":"<div>\n<p>Desde la madrugada, la provincia de Corrientes registra intesas precipitaciones con fuertes r\u00e1fagas de viento. La capital correntina no est\u00e1 excenta y hay barrios con calles anegadas, ca\u00edda de \u00e1rboles y postes en distintos puntos. No hay servicio de remises ni coelctivos Chaco-Corrientes por la tormenta.<\/p>\n<\/div>\n","protected":false},"excerpt":{"rendered":"<p>Desde la madrugada, la provincia de Corrientes registra intesas precipitaciones con fuertes r\u00e1fagas de viento. La capital correntina no est\u00e1 excenta y hay barrios con calles anegadas, ca\u00edda de \u00e1rboles y postes en distintos puntos. No hay servicio de remises ni coelctivos Chaco-Corrientes por la tormenta.<\/p>\n","protected":false},"author":2,"featured_media":19534,"comment_status":"closed","ping_status":"closed","sticky":false,"template":"","format":"standard","meta":{"footnotes":""},"categories":[72],"tags":[],"class_list":{"0":"post-19533","1":"post","2":"type-post","3":"status-publish","4":"format-standard","5":"has-post-thumbnail","7":"category-provinciales"},"_links":{"self":[{"href":"https:\/\/radiobitacora.com.ar\/web\/wp-json\/wp\/v2\/posts\/19533","targetHints":{"allow":["GET"]}}],"collection":[{"href":"https:\/\/radiobitacora.com.ar\/web\/wp-json\/wp\/v2\/posts"}],"about":[{"href":"https:\/\/radiobitacora.com.ar\/web\/wp-json\/wp\/v2\/types\/post"}],"author":[{"embeddable":true,"href":"https:\/\/radiobitacora.com.ar\/web\/wp-json\/wp\/v2\/users\/2"}],"replies":[{"embeddable":true,"href":"https:\/\/radiobitacora.com.ar\/web\/wp-json\/wp\/v2\/comments?post=19533"}],"version-history":[{"count":0,"href":"https:\/\/radiobitacora.com.ar\/web\/wp-json\/wp\/v2\/posts\/19533\/revisions"}],"wp:featuredmedia":[{"embeddable":true,"href":"https:\/\/radiobitacora.com.ar\/web\/wp-json\/wp\/v2\/media\/19534"}],"wp:attachment":[{"href":"https:\/\/radiobitacora.com.ar\/web\/wp-json\/wp\/v2\/media?parent=19533"}],"wp:term":[{"taxonomy":"category","embeddable":true,"href":"https:\/\/radiobitacora.com.ar\/web\/wp-json\/wp\/v2\/categories?post=19533"},{"taxonomy":"post_tag","embeddable":true,"href":"https:\/\/radiobitacora.com.ar\/web\/wp-json\/wp\/v2\/tags?post=19533"}],"curies":[{"name":"wp","href":"https:\/\/api.w.org\/{rel}","templated":true}]}}