{"id":19556,"date":"2023-10-31T08:05:32","date_gmt":"2023-10-31T11:05:32","guid":{"rendered":"https:\/\/radiobitacora.com.ar\/web\/?p=19556"},"modified":"2023-10-31T08:05:32","modified_gmt":"2023-10-31T11:05:32","slug":"estacioneros-correntinos-normalizan-paulatinamente-el-abastecimiento-de-combustibles","status":"publish","type":"post","link":"https:\/\/radiobitacora.com.ar\/web\/2023\/10\/31\/estacioneros-correntinos-normalizan-paulatinamente-el-abastecimiento-de-combustibles\/","title":{"rendered":"ESTACIONEROS CORRENTINOS NORMALIZAN PAULATINAMENTE EL ABASTECIMIENTO DE COMBUSTIBLES"},"content":{"rendered":"<h3>Con esfuerzos coordinados entre proveedores y autoridades gubernamentales los surtidores en Corrientes comienzan a garantizar un flujo constante de combustibles a lo largo de la provincia.<\/h3>\n<p>Due\u00f1os de estaciones de servicio se\u00f1alaron a momarandu.com que en pocas horas se vieron desafiados por las circunstancias que limitaron la disponibilidad de gasolina y di\u00e9sel.<\/p>\n<p>La situaci\u00f3n gener\u00f3 preocupaci\u00f3n entre los conductores, que dependen de estos combustibles para sus desplazamientos diarios, y en el tr\u00e1nsito de cargas, pero en ninguna ocasi\u00f3n \u201cpas\u00f3 a mayores\u201d, indicaron.<\/p>\n<p>\u201cLos estacioneros estamos demostrado nuestro compromiso para superar esta situaci\u00f3n coordinando esfuerzos con proveedores y autoridades\u201d, se se\u00f1al\u00f3.<\/p>\n<p>El reabastecimiento \u201cha requerido una log\u00edstica eficiente y la implementaci\u00f3n de medidas para prevenir la especulaci\u00f3n de precios y el acaparamiento de combustibles\u201d, indicaron.<\/p>\n<p>En la jornada, a medida que los estacioneros contin\u00faan normalizando el abastecimiento, los conductores ha comenzado a experimentar una mejor\u00eda en la disponibilidad de gasolina y di\u00e9sel, y las colas se han disuelto.<\/p>\n<p>\u201cEs esencial destacar la labor de los surtidores y su compromiso todo el fin de semana, trabajando incansablemente para garantizar que haya suministro constante de combustibles esenciales\u201d, expres\u00f3 un conductor.<\/p>\n<p>\u201cLa normalizaci\u00f3n del abastecimiento de combustibles es un paso positivo en la recuperaci\u00f3n de este contexto pero debemos estar atentos\u201d, se\u00f1alaron.<\/p>\n","protected":false},"excerpt":{"rendered":"<p>Con esfuerzos coordinados entre proveedores y autoridades gubernamentales los surtidores en Corrientes comienzan a garantizar un flujo constante de combustibles a lo largo de la provincia. Due\u00f1os de estaciones de servicio se\u00f1alaron a momarandu.com que en pocas horas se vieron desafiados por las circunstancias que limitaron la disponibilidad de gasolina y di\u00e9sel. La situaci\u00f3n gener\u00f3 [&hellip;]<\/p>\n","protected":false},"author":2,"featured_media":19557,"comment_status":"closed","ping_status":"closed","sticky":false,"template":"","format":"standard","meta":{"footnotes":""},"categories":[65],"tags":[],"class_list":{"0":"post-19556","1":"post","2":"type-post","3":"status-publish","4":"format-standard","5":"has-post-thumbnail","7":"category-economia"},"_links":{"self":[{"href":"https:\/\/radiobitacora.com.ar\/web\/wp-json\/wp\/v2\/posts\/19556","targetHints":{"allow":["GET"]}}],"collection":[{"href":"https:\/\/radiobitacora.com.ar\/web\/wp-json\/wp\/v2\/posts"}],"about":[{"href":"https:\/\/radiobitacora.com.ar\/web\/wp-json\/wp\/v2\/types\/post"}],"author":[{"embeddable":true,"href":"https:\/\/radiobitacora.com.ar\/web\/wp-json\/wp\/v2\/users\/2"}],"replies":[{"embeddable":true,"href":"https:\/\/radiobitacora.com.ar\/web\/wp-json\/wp\/v2\/comments?post=19556"}],"version-history":[{"count":0,"href":"https:\/\/radiobitacora.com.ar\/web\/wp-json\/wp\/v2\/posts\/19556\/revisions"}],"wp:featuredmedia":[{"embeddable":true,"href":"https:\/\/radiobitacora.com.ar\/web\/wp-json\/wp\/v2\/media\/19557"}],"wp:attachment":[{"href":"https:\/\/radiobitacora.com.ar\/web\/wp-json\/wp\/v2\/media?parent=19556"}],"wp:term":[{"taxonomy":"category","embeddable":true,"href":"https:\/\/radiobitacora.com.ar\/web\/wp-json\/wp\/v2\/categories?post=19556"},{"taxonomy":"post_tag","embeddable":true,"href":"https:\/\/radiobitacora.com.ar\/web\/wp-json\/wp\/v2\/tags?post=19556"}],"curies":[{"name":"wp","href":"https:\/\/api.w.org\/{rel}","templated":true}]}}