{"id":19580,"date":"2023-10-31T08:48:17","date_gmt":"2023-10-31T11:48:17","guid":{"rendered":"https:\/\/radiobitacora.com.ar\/web\/?p=19580"},"modified":"2023-10-31T08:48:17","modified_gmt":"2023-10-31T11:48:17","slug":"ituzaingo-ingreso-en-estado-de-alerta-y-evacuaron-30-familias-en-la-isla-apipe","status":"publish","type":"post","link":"https:\/\/radiobitacora.com.ar\/web\/2023\/10\/31\/ituzaingo-ingreso-en-estado-de-alerta-y-evacuaron-30-familias-en-la-isla-apipe\/","title":{"rendered":"Ituzaing\u00f3 ingres\u00f3 en estado de alerta y evacuaron 30 familias en la Isla Apip\u00e9"},"content":{"rendered":"<p>La creciente del r\u00edo Paran\u00e1 se siente con fuerza en las ciudades ribere\u00f1as de la provincia de Corrientes. Ituzaing\u00f3 ingres\u00f3 en estado de alerta este lunes al superar el hidr\u00f3metro local los 3.50 metros y se procedi\u00f3 a la evacuaci\u00f3n de 30 personas en Isla Apip\u00e9. Mientras que en Paso de la<\/p>\n<p>Patria recomendaron a los vecinos tomar los recaudos del caso porque esperan que el pico llegue para el fin de semana.<\/p>\n<p>Desde Iguaz\u00fa, que se encuentra sin escala de medici\u00f3n del r\u00edo seg\u00fan inform\u00f3 Prefectura Naval Argentina, r\u00edo abajo hasta Esquina inclusive, el Paran\u00e1 est\u00e1 con tendencia creciente. La situaci\u00f3n en la ciudad misionera es similar a la que se vivi\u00f3 durante la creciente de los a\u00f1os 2014-2015.<\/p>\n<p>Durante el lunes se cerr\u00f3 el \u00a0tr\u00e1nsito sobre los puentes Parana\u00ed y Piray Guaz\u00fa de la ruta nacional 12.<\/p>\n<div class=\"container_publi\" data-tipo=\"tipo_desktop \" data-pos=\"AMP_P1_cuerpo\">\n<div class=\"gpt-load\" data-gpt=\"\/88617873\/nota\/AMP_cuerpo_x\" data-size=\"[750,300]\"><\/div>\n<\/div>\n<p>En tanto que Ituzaing\u00f3 fue la primera ciudad correntina en ingresar en estado de alerta al llegar en la tarde del lunes a los 3.58 metros se espera que en los pr\u00f3ximos d\u00edas el nivel alcance los 4,90 metros inform\u00f3 el destacamento de Prefectura en esa ciudad. Es decir que se superar\u00e1 el estado de evacuaci\u00f3n que es de 4 metros.<\/p>\n<p>El puerto de Isla Apip\u00e9 qued\u00f3 inhabilitado y se procedi\u00f3 a evacuar 30 familias que fueron reubicadas en casas de familiares, en casillas que tiene la Municipalidad de Ituzaing\u00f3 o en casa de particulares.<\/p>\n<p>Tambi\u00e9n ya se comenz\u00f3 a evacuar en la zona de Punta Aguirre, mientras se monitorea constantemente toda la zona ribere\u00f1a.<\/p>\n<p>\u201cPrefectura, contin\u00faa realizando recorridas constantes junto a Personal de Defensa Civil y de la Secretaria de Producci\u00f3n Industria y Empleo de la Municipalidad de Ituzaing\u00f3, por zona isle\u00f1as\/ ribere\u00f1as\u201d, se\u00f1ala el comunicado de la fuerza de seguridad que adem\u00e1s brind\u00f3 recomendaciones a tener cuenta en lo referente a los recaudos necesarios para garantizar la seguridad de vida y bienes.<\/p>\n<div class=\"container_publi\" data-tipo=\"tipo_desktop \" data-pos=\"AMP_P2_cuerpo\">\n<div class=\"gpt-load\" data-gpt=\"\/88617873\/nota\/AMP_cuerpo_x\" data-size=\"[750,300]\"><\/div>\n<\/div>\n<p><strong>Situaci\u00f3n en Paso de la Patria<\/strong><\/p>\n<p>El intendente de Paso de la Patria, Guillermo Osnaghi, realiz\u00f3 este lunes una serie de recomendaciones por la crecida del r\u00edo Paran\u00e1 que lleg\u00f3 en esa ciudad a los 4.95 metros.<\/p>\n<p>En un mensaje emitido por las redes sociales, el jefe comunal sostuvo que \u00a0\u201cel r\u00edo esta ma\u00f1ana en puerto Iguaz\u00fa estaba en 31,5 metros, lo que significa que este fin de semana estar\u00edamos teniendo en Paso de la Patria un pico que superar\u00eda los 6,50 metros\u201d, marca que implicar\u00eda ingresar en el estado de alerta.<\/p>\n<p>En ese sentido, Osnaghi pidi\u00f3 a los vecinos que viven en zonas ribere\u00f1as y que tengan casas que se puedan inundar, que \u201clevanten sus cosas o que las retiren\u201d del domicilio.<\/p>\n<p>Adem\u00e1s, se\u00f1al\u00f3 que el martes comenzar\u00e1 un operativo para \u201ccerrar las compuertas donde existen cruces e instalar las bombas para que puedan funcionar y en caso de lluvia, se pueda sacar el agua\u201d.<\/p>\n<div class=\"container_publi\" data-tipo=\"tipo_desktop \" data-pos=\"AMP_P3_cuerpo\">\n<div class=\"gpt-load\" data-gpt=\"\/88617873\/nota\/AMP_cuerpo_x\" data-size=\"[750,300]\"><\/div>\n<\/div>\n<p>A su vez, indic\u00f3 que en los cruces donde no existen compuertas, se proceder\u00e1 a colocar \u201cun chap\u00f3n con bolsas de arena. Una vez que se hace eso, autom\u00e1ticamente tenemos que colocar una bomba, para extraer el agua de lluvia y poder sacar del otro lado del r\u00edo\u201d.<\/p>\n<p>Entre tanto, el intendente sostuvo que se cuenta con un total de 9 \u00a0bombas de diferentes tipos, \u201cm\u00e1s 5 motobombas y contamos con el apoyo de bomberos\u201d.<\/p>\n<p>Asimismo solicit\u00f3 que \u00a0\u201cla gente acompa\u00f1e y no se alarme. Tenemos una semana para poder sacar las cosas de las casas\u201d.<\/p>\n<p>Por \u00faltimo aclar\u00f3 que el Municipio cuenta con \u201cdos albergues para inundados que estar\u00e1n disponibles para asistir a la gente que as\u00ed lo requiera\u201d.<\/p>\n<div class=\"container_publi\" data-tipo=\"tipo_desktop \" data-pos=\"AMP_P4_cuerpo\">\n<div class=\"gpt-load\" data-gpt=\"\/88617873\/nota\/AMP_cuerpo_x\" data-size=\"[750,300]\"><\/div>\n<\/div>\n<p>El puerto de la capital correntino lleg\u00f3 el lunes, en el registro de la tarde, a los 4.85 metros (creci\u00f3 9 cent\u00edmetros durante la jornada), mientras que en Goya se lleg\u00f3 a los 4.40 metros y en Esquina a los 3.88 metros.<\/p>\n","protected":false},"excerpt":{"rendered":"<p>La creciente del r\u00edo Paran\u00e1 se siente con fuerza en las ciudades ribere\u00f1as de la provincia de Corrientes. Ituzaing\u00f3 ingres\u00f3 en estado de alerta este lunes al superar el hidr\u00f3metro local los 3.50 metros y se procedi\u00f3 a la evacuaci\u00f3n de 30 personas en Isla Apip\u00e9. Mientras que en Paso de la Patria recomendaron a [&hellip;]<\/p>\n","protected":false},"author":2,"featured_media":19581,"comment_status":"closed","ping_status":"closed","sticky":false,"template":"","format":"standard","meta":{"footnotes":""},"categories":[72],"tags":[],"class_list":{"0":"post-19580","1":"post","2":"type-post","3":"status-publish","4":"format-standard","5":"has-post-thumbnail","7":"category-provinciales"},"_links":{"self":[{"href":"https:\/\/radiobitacora.com.ar\/web\/wp-json\/wp\/v2\/posts\/19580","targetHints":{"allow":["GET"]}}],"collection":[{"href":"https:\/\/radiobitacora.com.ar\/web\/wp-json\/wp\/v2\/posts"}],"about":[{"href":"https:\/\/radiobitacora.com.ar\/web\/wp-json\/wp\/v2\/types\/post"}],"author":[{"embeddable":true,"href":"https:\/\/radiobitacora.com.ar\/web\/wp-json\/wp\/v2\/users\/2"}],"replies":[{"embeddable":true,"href":"https:\/\/radiobitacora.com.ar\/web\/wp-json\/wp\/v2\/comments?post=19580"}],"version-history":[{"count":0,"href":"https:\/\/radiobitacora.com.ar\/web\/wp-json\/wp\/v2\/posts\/19580\/revisions"}],"wp:featuredmedia":[{"embeddable":true,"href":"https:\/\/radiobitacora.com.ar\/web\/wp-json\/wp\/v2\/media\/19581"}],"wp:attachment":[{"href":"https:\/\/radiobitacora.com.ar\/web\/wp-json\/wp\/v2\/media?parent=19580"}],"wp:term":[{"taxonomy":"category","embeddable":true,"href":"https:\/\/radiobitacora.com.ar\/web\/wp-json\/wp\/v2\/categories?post=19580"},{"taxonomy":"post_tag","embeddable":true,"href":"https:\/\/radiobitacora.com.ar\/web\/wp-json\/wp\/v2\/tags?post=19580"}],"curies":[{"name":"wp","href":"https:\/\/api.w.org\/{rel}","templated":true}]}}