{"id":19604,"date":"2023-11-01T07:06:16","date_gmt":"2023-11-01T10:06:16","guid":{"rendered":"https:\/\/radiobitacora.com.ar\/web\/?p=19604"},"modified":"2023-11-01T07:06:16","modified_gmt":"2023-11-01T10:06:16","slug":"cuando-se-les-llena-de-agua-ese-monstruo-que-se-jodan-los-de-abajo","status":"publish","type":"post","link":"https:\/\/radiobitacora.com.ar\/web\/2023\/11\/01\/cuando-se-les-llena-de-agua-ese-monstruo-que-se-jodan-los-de-abajo\/","title":{"rendered":"&#8220;Cuando se les llena de agua ese monstruo, que se jodan los de abajo&#8221;"},"content":{"rendered":"<p>El viceintendente de San Antonio de Apip\u00e9, Gustavo Figueredo, dialog\u00f3 en comunicaci\u00f3n con Radio Dos sobre la situaci\u00f3n que atraviesan por la creciente del r\u00edo Paran\u00e1: &#8220;La verdad que nos tom\u00f3 un poco por sorpresa. La crecida fue muy r\u00e1pida. De un d\u00eda para el otro subi\u00f3 m\u00e1s de un metro, eso hizo que sali\u00e9ramos a las corridas con el Comit\u00e9 de Crisis, Polic\u00eda, Prefectura y el hospital. Todos poniendo un granito de arena para evacuar a la gente&#8221;.<\/p>\n<p>&nbsp;<\/p>\n<p>Sobre si el aviso fue lo suficientemente claro por parte de la EBY, Figueredo resalt\u00f3: &#8220;Nos avisan m\u00e1s o menos 48 horas antes de que iba a venir un pico de crecida, pero s\u00ed, nos sorprendi\u00f3 un poco. De todas maneras, estamos trabajando con todo el equipo&#8221;.<\/p>\n<p>&nbsp;<\/p>\n<p>La localidad ya empez\u00f3 a sufrir la evacuaci\u00f3n de sus pobladores ribere\u00f1os. &#8220;Hasta el momento sacamos 12 familias que las albergamos en distintos lugares; algunos en las casas de familiares y otros en las instituciones que tenemos ac\u00e1. Tratamos de reubicar a todos, tenemos algunas caba\u00f1as que pertenecen al Municipio, tambi\u00e9n contamos con la zona de los ganaderos, que se corren un poco en la zona m\u00e1s alta y arman una carpita o algo, porque no pueden abandonar los animales&#8221;.<\/p>\n<p>&nbsp;<\/p>\n<p>Al ser consultado sobre cu\u00e1ndo esperar\u00edan el pico de la creciente, Figueredo dijo: &#8220;Estamos en un promedio de 4,10 metros e iba a llegar a 4,30 metros. Ahora me informan que esa medida se va a superar y que no se iba a estacionar el d\u00eda mi\u00e9rcoles, que en principio ten\u00edamos esa informaci\u00f3n, pero ahora ya pas\u00f3 hasta el viernes-s\u00e1bado, con una altura de por lo menos 30 cent\u00edmetros m\u00e1s de lo previsto&#8221;.<\/p>\n<div class=\"center medium m_image\">\n<figure><picture><source srcset=\"https:\/\/www.diarioepoca.com\/content\/bucket\/5\/1328875w380h132c.jpg.webp\" type=\"image\/webp\" media=\"(min-width: 640px)\" \/><source srcset=\"https:\/\/www.diarioepoca.com\/content\/bucket\/5\/1328875w440h153c.jpg.webp\" type=\"image\/webp\" media=\"(min-width: 300px)\" \/><source srcset=\"https:\/\/www.diarioepoca.com\/content\/bucket\/5\/1328875w380h132c.jpg\" media=\"(min-width: 300px)\" \/><img loading=\"lazy\" decoding=\"async\" class=\"pic\" src=\"https:\/\/www.diarioepoca.com\/content\/bucket\/5\/1328875w380h132c.jpg.webp\" alt=\"\" width=\"380\" height=\"132\" \/><\/picture><\/figure>\n<\/div>\n<p>&nbsp;<\/p>\n<p>Otro de los problemas se suscita con los trabajos de esas familias, ya que &#8220;tenemos oleros, pescadores y otros trabajos particulares como camping y caba\u00f1as&#8221;, que se ven obligados a salir de all\u00ed por el avance de las aguas. En lo referido a lo tur\u00edstico Figueredo resalt\u00f3: &#8220;Estamos recomendando que no vengan los turistas en este per\u00edodo&#8221;.<\/p>\n<p>&nbsp;<\/p>\n<p>AL pedirle informaci\u00f3n sobre si manten\u00edan contacto con la Entidad Binacional Yacyret\u00e1, respondi\u00f3 reiteradas veces que &#8220;no&#8221;, y remarc\u00f3 que &#8220;decretamos la emergencia h\u00eddrica que estamos enviando justamente a la gente de la EBY y a la provincia tambi\u00e9n, para ver c\u00f3mo lo canalizamos y recibimos un tipo de ayuda porque, la verdad, los oleros perdieron toda su producci\u00f3n, es triste, los muchachos se pon\u00edan a llorar&#8221;.<\/p>\n<div class=\"center medium m_image\">\n<figure><picture><source srcset=\"https:\/\/www.diarioepoca.com\/content\/bucket\/4\/1328874w380h229c.jpg.webp\" type=\"image\/webp\" media=\"(min-width: 640px)\" \/><source srcset=\"https:\/\/www.diarioepoca.com\/content\/bucket\/4\/1328874w440h265c.jpg.webp\" type=\"image\/webp\" media=\"(min-width: 300px)\" \/><source srcset=\"https:\/\/www.diarioepoca.com\/content\/bucket\/4\/1328874w380h229c.jpg\" media=\"(min-width: 300px)\" \/><img loading=\"lazy\" decoding=\"async\" class=\"pic\" src=\"https:\/\/www.diarioepoca.com\/content\/bucket\/4\/1328874w380h229c.jpg.webp\" alt=\"\" width=\"380\" height=\"229\" \/><\/picture><figcaption>P\u00c9RDIDA DE SIEMBRAS AL QUEDAR LA PRODUCCI\u00d3N BAJO AGUA EN APIP\u00c9.<\/figcaption><\/figure>\n<\/div>\n<p>&nbsp;<\/p>\n<p>Al ser evaluada la situaci\u00f3n en la que se encuentra la localidad, resalt\u00f3 que es un escenario &#8220;totalmente dram\u00e1tico, porque tenemos este monstruo ac\u00e1 enfrente, que cuando se les llena de agua a ellos tienen que largar y bueno, que se jodan lo de abajo. Esa es b\u00e1sicamente la informaci\u00f3n&#8221;, se lament\u00f3.<\/p>\n<p>&nbsp;<\/p>\n<p>Figueredo tambi\u00e9n hizo hincapi\u00e9 en la falta de ayuda por parte de la EBY, luego de que pase la creciente. &#8220;Tenemos la afectaci\u00f3n directa, porque estamos justamente enfrente y la presi\u00f3n de agua que larga cuando abren las compuertas es tremenda y rompe todo, erosiona las costas, todo lo que se construye para el mejoramiento del casco urbano, lo rompe. Esa es la realidad&#8221;, a la vez que resalt\u00f3 que &#8220;esto nos pasa cada vez que hay crecidas, despu\u00e9s nadie se acerca de parte de ellos (por la EBY) a ver en qu\u00e9 mejoramos algo. Se hizo estudio de agua, se comprometieron en su momento a hacer caminos y, la verdad, es que la Isla se parte en dos&#8221;, finaliz\u00f3 el Viceintendente de la localidad de Apip\u00e9, que en este momento est\u00e1 atravesando una situaci\u00f3n dram\u00e1tica por la crecida en exceso del r\u00edo, luego de abrir las compuertas.<\/p>\n<p>&nbsp;<\/p>\n<h2>M\u00e1s de 50 familias evacuadas en Ituzaing\u00f3<\/h2>\n<div class=\"center medium m_image\">\n<figure><picture><source srcset=\"https:\/\/www.diarioepoca.com\/content\/bucket\/5\/1328925w380h309c.jpg.webp\" type=\"image\/webp\" media=\"(min-width: 640px)\" \/><source srcset=\"https:\/\/www.diarioepoca.com\/content\/bucket\/5\/1328925w440h358c.jpg.webp\" type=\"image\/webp\" media=\"(min-width: 300px)\" \/><source srcset=\"https:\/\/www.diarioepoca.com\/content\/bucket\/5\/1328925w380h309c.jpg\" media=\"(min-width: 300px)\" \/><img loading=\"lazy\" decoding=\"async\" class=\"pic\" src=\"https:\/\/www.diarioepoca.com\/content\/bucket\/5\/1328925w380h309c.jpg.webp\" alt=\"\" width=\"380\" height=\"309\" \/><\/picture><\/figure>\n<\/div>\n<p>&nbsp;<\/p>\n<p>La localidad de Ituzaing\u00f3 ingres\u00f3 en estado de alerta el lunes pasado, al superar el hidr\u00f3metro local los 3,50 metros, y el \u00faltimo registro de ayer lleg\u00f3 a los 4,40 metros, seg\u00fan la Prefectura Naval. Por ello, se procedi\u00f3 a la evacuaci\u00f3n de m\u00e1s de 50 familias en la regi\u00f3n.<\/p>\n<p>&nbsp;<\/p>\n<p>La Prefectura Naval Argentina con asiento en Ituzaing\u00f3 inform\u00f3 que acorde a los datos de previsi\u00f3n de altura, suministrado por el Departamento del Servicio de Hidrolog\u00eda de la Entidad Binacional Yacyret\u00e1, el hidr\u00f3metro del Puerto Ituzaing\u00f3 ya registra 4,30 metros, &#8220;crece&#8221; y en gradual ascenso para los pr\u00f3ximos d\u00edas, cuando podr\u00eda estar en entorno a los 4,60 metros.<\/p>\n<p>&nbsp;<\/p>\n<p>En tal sentido y en funci\u00f3n de los niveles que acusara el hidr\u00f3metro en dicha local, la Prefectura hizo hincapi\u00e9 sobre las recomendaciones a tener cuenta en lo referente a los recaudos necesarios para garantizar la seguridad de vida y bienes de los pobladores afectados por la dram\u00e1tica creciente.<\/p>\n<p>&nbsp;<\/p>\n<p>Solicitaron que eviten embarcarse, como as\u00ed tambi\u00e9n a los propietarios de las playas de la localidad, en las cuales se mantiene lugar en costa, verificar y por seguridad evitar el ingreso de personas a las aguas en zona de las playas, que ya se encontrar\u00edan en gran parte tapada por la creciente.<\/p>\n<p>&nbsp;<\/p>\n<p>Prefectura Naval Argentina realiza recorridas junto a Personal de Defensa Civil y de la Secretar\u00eda de Producci\u00f3n Industria y Empleo de la Municipalidad de Ituzaing\u00f3 para constatar el estado de la creciente.<\/p>\n","protected":false},"excerpt":{"rendered":"<p>El viceintendente de San Antonio de Apip\u00e9, Gustavo Figueredo, dialog\u00f3 en comunicaci\u00f3n con Radio Dos sobre la situaci\u00f3n que atraviesan por la creciente del r\u00edo Paran\u00e1: &#8220;La verdad que nos tom\u00f3 un poco por sorpresa. La crecida fue muy r\u00e1pida. De un d\u00eda para el otro subi\u00f3 m\u00e1s de un metro, eso hizo que sali\u00e9ramos [&hellip;]<\/p>\n","protected":false},"author":2,"featured_media":19605,"comment_status":"closed","ping_status":"closed","sticky":false,"template":"","format":"standard","meta":{"footnotes":""},"categories":[72],"tags":[],"class_list":{"0":"post-19604","1":"post","2":"type-post","3":"status-publish","4":"format-standard","5":"has-post-thumbnail","7":"category-provinciales"},"_links":{"self":[{"href":"https:\/\/radiobitacora.com.ar\/web\/wp-json\/wp\/v2\/posts\/19604","targetHints":{"allow":["GET"]}}],"collection":[{"href":"https:\/\/radiobitacora.com.ar\/web\/wp-json\/wp\/v2\/posts"}],"about":[{"href":"https:\/\/radiobitacora.com.ar\/web\/wp-json\/wp\/v2\/types\/post"}],"author":[{"embeddable":true,"href":"https:\/\/radiobitacora.com.ar\/web\/wp-json\/wp\/v2\/users\/2"}],"replies":[{"embeddable":true,"href":"https:\/\/radiobitacora.com.ar\/web\/wp-json\/wp\/v2\/comments?post=19604"}],"version-history":[{"count":0,"href":"https:\/\/radiobitacora.com.ar\/web\/wp-json\/wp\/v2\/posts\/19604\/revisions"}],"wp:featuredmedia":[{"embeddable":true,"href":"https:\/\/radiobitacora.com.ar\/web\/wp-json\/wp\/v2\/media\/19605"}],"wp:attachment":[{"href":"https:\/\/radiobitacora.com.ar\/web\/wp-json\/wp\/v2\/media?parent=19604"}],"wp:term":[{"taxonomy":"category","embeddable":true,"href":"https:\/\/radiobitacora.com.ar\/web\/wp-json\/wp\/v2\/categories?post=19604"},{"taxonomy":"post_tag","embeddable":true,"href":"https:\/\/radiobitacora.com.ar\/web\/wp-json\/wp\/v2\/tags?post=19604"}],"curies":[{"name":"wp","href":"https:\/\/api.w.org\/{rel}","templated":true}]}}